{"id":9191,"date":"2023-09-16T20:49:51","date_gmt":"2023-09-17T00:49:51","guid":{"rendered":"https:\/\/www.foodieandtraveler.com\/?p=9191"},"modified":"2023-09-16T20:56:07","modified_gmt":"2023-09-17T00:56:07","slug":"republica-dominicana-gana-varios-premios-en-premio-pasaporte-abierto-2023","status":"publish","type":"post","link":"https:\/\/www.foodieandtraveler.com\/index.php\/republica-dominicana-gana-varios-premios-en-premio-pasaporte-abierto-2023\/","title":{"rendered":"Rep\u00fablica Dominicana gana varios premios en Pasaporte Abierto 2023"},"content":{"rendered":"<h6 style=\"text-align: center;\"><span style=\"color: #0000ff;\"><strong><em>El comunicador Juan de Dios Valent\u00edn result\u00f3 ganador en la categor\u00eda \u2018Originalidad\u2019 por su reportaje \u201cCocina Solidaria: la acci\u00f3n que ha salvado de la hambruna a millones de personas en el mundo\u201d. Del pa\u00eds tambi\u00e9n gan\u00f3 el \u201cDate 2023\u201d, en la categor\u00eda \u2018Evento del a\u00f1o\u2019; Cap Cana, en la categor\u00eda \u2018Destino Tur\u00edstico Responsable\u2019; y el Consorcio Energ\u00e9tico Punta Cana &#8211; Macao, S.A (CEPM), en la categor\u00eda \u2018Trabajo en Equipo\u2019.<\/em><\/strong><\/span><\/h6>\n<p>&nbsp;<\/p>\n<p class=\"x_gmail-yiv9484624109ydp324fdb5fyiv6440229165ydp9d843200gmail-yiv9726506902ydpb5d55d87msonormal\">La\u00a0Organizaci\u00f3n Mundial de Periodismo Tur\u00edstico celebr\u00f3 en Chiriqu\u00ed, Panam\u00e1, la s\u00e9ptima edici\u00f3n del Premio Internacional <span class=\"markrtmkx612g\" data-markjs=\"true\" data-ogac=\"\" data-ogab=\"\" data-ogsc=\"\" data-ogsb=\"\">Pasaporte<\/span> Abierto que premia lo m\u00e1s destacado de la comunicaci\u00f3n especializada en turismo y del turismo en general.<\/p>\n<p class=\"x_gmail-yiv9484624109ydp324fdb5fyiv6440229165ydp9d843200msonormal\">En la categor\u00eda \u2018Originalidad\u2019, result\u00f3 ganador el comunicador dominicano y director de Mercadeo de Adompretur, Juan de Dios Valent\u00edn por su reportaje <span style=\"color: #ff6600;\"><strong><a style=\"color: #ff6600;\" href=\"https:\/\/www.foodieandtraveler.com\/cocina-solidaria-la-accion-que-ha-salvado-de-la-hambruna-a-millones-de-personas-en-el-mundo\/\">\u201cCocina Solidaria: la acci\u00f3n que ha salvado de la hambruna a millones de personas en el mundo\u201d<\/a><\/strong><\/span>, publicado en su portal <a title=\"Protegido por Outlook: https:\/\/www.foodieandtraveler.com\/. Haz clic o pulsa para seguir el v\u00ednculo.\" href=\"https:\/\/na01.safelinks.protection.outlook.com\/?url=http%3A%2F%2Fwww.foodieandtraveler.com%2F&amp;data=05%7C01%7C%7Cac50e4983f734e44579508dbae4642f7%7C84df9e7fe9f640afb435aaaaaaaaaaaa%7C1%7C0%7C638295389052601491%7CUnknown%7CTWFpbGZsb3d8eyJWIjoiMC4wLjAwMDAiLCJQIjoiV2luMzIiLCJBTiI6Ik1haWwiLCJXVCI6Mn0%3D%7C3000%7C%7C%7C&amp;sdata=WDDH9inJIaIk6PVNrgJZUczy172%2FXM08NJ1YhTT%2BAqI%3D&amp;reserved=0\" target=\"_blank\" rel=\"noopener noreferrer\" data-auth=\"Verified\" data-linkindex=\"0\">www.foodieandtraveler.com\u00a0<\/a><\/p>\n<p class=\"x_gmail-yiv9484624109ydp324fdb5fyiv6440229165ydp9d843200msonormal\">Tambi\u00e9n, de Rep\u00fablica Dominicana en la categor\u00eda \u2018Evento del a\u00f1o\u2019 gan\u00f3 la\u00a0feria de comercializaci\u00f3n tur\u00edstica\u00a0Dominican Annual Tourism Exchange (<strong>DATE\u00a02023)<\/strong><strong>,<\/strong> que organiza Asonahores. En la categor\u00eda \u2018Destino Tur\u00edstico Responsable\u2019, Cap Cana Ciudad Destino se alz\u00f3 con el trofeo; y el Consorcio Energ\u00e9tico Punta Cana &#8211; Macao, S.A (CEPM), recibi\u00f3 la distinci\u00f3n en la categor\u00eda \u2018Trabajo en equipo\u2019.<\/p>\n<p class=\"x_gmail-yiv9484624109ydp324fdb5fyiv6440229165ydp9d843200gmail-yiv9726506902ydpb5d55d87msonormal\">Yenny Polanco Lovera, presidente de Adompretur felicit\u00f3 a todos los periodistas dominicanos especializados en turismo que ganaron en esta edici\u00f3n del premio <span class=\"markrtmkx612g\" data-markjs=\"true\" data-ogac=\"\" data-ogab=\"\" data-ogsc=\"\" data-ogsb=\"\">Pasaporte<\/span> Abierto por la creatividad y la \u00e9tica con la que realizan sus reportajes e investigaciones.<\/p>\n<p class=\"x_gmail-yiv9484624109ydp324fdb5fyiv6440229165ydp9d843200gmail-yiv9726506902ydpb5d55d87msonormal\">Afirm\u00f3 adem\u00e1s que, con esta entrega, la OMPT contin\u00faa su misi\u00f3n de reconocer el compromiso para todos los periodistas y comunicadores especializados en la industria tur\u00edstica a nivel mundial.<\/p>\n<p class=\"x_MsoNormal\"><b>Reconocimientos especiales<\/b><\/p>\n<p class=\"x_MsoNormal\">En esta premiaci\u00f3n, Yubelkys Mej\u00eda, directora de Eventos de Adompretur recibi\u00f3 una menci\u00f3n especial en la categor\u00eda \u2018Originalidad\u2019 por su reportaje \u201cBogot\u00e1: Opciones para disfrutar en familia\u201d, publicado en la\u00a0revista Boh\u00edo. En esa misma categor\u00eda, el periodista Ian Manuel Franjul Mej\u00eda del portal <a title=\"Protegido por Outlook: http:\/\/www.remolacha.com\/. Haz clic o pulsa para seguir el v\u00ednculo.\" href=\"https:\/\/na01.safelinks.protection.outlook.com\/?url=http%3A%2F%2Fwww.remolacha.com%2F&amp;data=05%7C01%7C%7Cac50e4983f734e44579508dbae4642f7%7C84df9e7fe9f640afb435aaaaaaaaaaaa%7C1%7C0%7C638295389052601491%7CUnknown%7CTWFpbGZsb3d8eyJWIjoiMC4wLjAwMDAiLCJQIjoiV2luMzIiLCJBTiI6Ik1haWwiLCJXVCI6Mn0%3D%7C3000%7C%7C%7C&amp;sdata=dZcwygflBX%2B2UXyDJ7L%2FhHU6ysRUPl4FLHqPP9kKeSM%3D&amp;reserved=0\" target=\"_blank\" rel=\"noopener noreferrer\" data-auth=\"Verified\" data-linkindex=\"1\">www.remolacha.com<\/a>, gan\u00f3 una menci\u00f3n especial por el reportaje \u201cTurismo Inteligente en Rep\u00fablica Dominicana: El papel crucial del blockchain\u201d.<\/p>\n<p class=\"x_MsoNormal\">Georgina Batista Schrils del portal <a title=\"Protegido por Outlook: http:\/\/www.quemashago.com\/. Haz clic o pulsa para seguir el v\u00ednculo.\" href=\"https:\/\/na01.safelinks.protection.outlook.com\/?url=http%3A%2F%2Fwww.quemashago.com%2F&amp;data=05%7C01%7C%7Cac50e4983f734e44579508dbae4642f7%7C84df9e7fe9f640afb435aaaaaaaaaaaa%7C1%7C0%7C638295389052601491%7CUnknown%7CTWFpbGZsb3d8eyJWIjoiMC4wLjAwMDAiLCJQIjoiV2luMzIiLCJBTiI6Ik1haWwiLCJXVCI6Mn0%3D%7C3000%7C%7C%7C&amp;sdata=ERfIW8dJQ8K3nSPqs4JVWm6P6WXmYFuUxaclAaXc2HI%3D&amp;reserved=0\" target=\"_blank\" rel=\"noopener noreferrer\" data-auth=\"Verified\" data-linkindex=\"2\">www.quemashago.com<\/a>, recibi\u00f3 una menci\u00f3n especial en la categor\u00eda \u2018Reconocimiento de los otros\u2019, por su reportaje \u201cCasabe Do\u00f1a Mechi: un viaje en el tiempo lleno de sabor\u201d.<\/p>\n<p class=\"x_MsoNormal\">En la categor\u00eda \u2018Investigaci\u00f3n Tur\u00edstica\u2019, la periodista Maricha Mart\u00ednez Sosa gan\u00f3 una menci\u00f3n especial por la investigaci\u00f3n \u201cProyecto TCS: un turismo aut\u00e9ntico, comunitario y sostenible. El Proyecto de Turismo Comunitario Sostenible, en cifras\u201d, publicada en el portal <a title=\"Protegido por Outlook: http:\/\/www.quemashago.com\/. Haz clic o pulsa para seguir el v\u00ednculo.\" href=\"https:\/\/na01.safelinks.protection.outlook.com\/?url=http%3A%2F%2Fwww.quemashago.com%2F&amp;data=05%7C01%7C%7Cac50e4983f734e44579508dbae4642f7%7C84df9e7fe9f640afb435aaaaaaaaaaaa%7C1%7C0%7C638295389052601491%7CUnknown%7CTWFpbGZsb3d8eyJWIjoiMC4wLjAwMDAiLCJQIjoiV2luMzIiLCJBTiI6Ik1haWwiLCJXVCI6Mn0%3D%7C3000%7C%7C%7C&amp;sdata=ERfIW8dJQ8K3nSPqs4JVWm6P6WXmYFuUxaclAaXc2HI%3D&amp;reserved=0\" target=\"_blank\" rel=\"noopener noreferrer\" data-auth=\"Verified\" data-linkindex=\"3\">www.quemashago.com<\/a><\/p>\n<p class=\"x_MsoNormal\">Luis Polo Roa, presidente de los Comunicadores Paname\u00f1os de Turismo (COPTUR), manifest\u00f3 la alegr\u00eda que siente la comunidad period\u00edstica de Panam\u00e1 de recibir a los miembros de la OMPT y compartir en fraternidad la experiencia de comunicar las bondades de sus destinos tur\u00edsticos y denunciar las acciones que van en su detrimento.<\/p>\n<p class=\"x_gmail-yiv9484624109ydp324fdb5fyiv6440229165ydp9d843200gmail-yiv9726506902ydpb5d55d87msonormal\"><span class=\"markrtmkx612g\" data-markjs=\"true\" data-ogac=\"\" data-ogab=\"\" data-ogsc=\"\" data-ogsb=\"\">Pasaporte<\/span> Abierto 2023, cont\u00f3 con la presencia de Ernesto Mallorva, administrador regional de la Autoridad de Turismo de Panam\u00e1 (ATP); Andr\u00e9 Luiz Elbis Barbedo, secretario de Turismo de Campos do Jord\u00e3, autoridades de Campos do Jord\u00e3o y personalidades relacionadas al \u00e1mbito de turismo a nivel nacional e internacional.<\/p>\n<p class=\"x_gmail-yiv9484624109ydp324fdb5fyiv6440229165ydp9d843200gmail-yiv9726506902ydpb5d55d87msonormal\"><b>Colombia, sede \u2018<span class=\"markrtmkx612g\" data-markjs=\"true\" data-ogac=\"\" data-ogab=\"\" data-ogsc=\"\" data-ogsb=\"\">Pasaporte<\/span> Abierto 2024\u2019\u00a0<\/b><\/p>\n<p class=\"x_gmail-yiv9484624109ydp324fdb5fyiv6440229165ydp9d843200gmail-yiv9726506902ydpb5d55d87msonormal\">En la gala de premiaci\u00f3n, Miguel\u00a0Ledhesma, presidente de\u00a0la OMPT\u00a0anunci\u00f3 que el XXIII Congreso Internacional de Periodistas y Profesionales del Turismo se realizar\u00e1 en marzo en Campos Do Jordao, Brasil; y\u00a0que la octava edici\u00f3n de <span class=\"markrtmkx612g\" data-markjs=\"true\" data-ogac=\"\" data-ogab=\"\" data-ogsc=\"\" data-ogsb=\"\">Pasaporte<\/span> Abierto ser\u00e1 la primera semana de septiembre en Cali, Colombia; pa\u00eds que tambi\u00e9n tendr\u00e1 a su cargo la direcci\u00f3n general para 2024.<\/p>\n<p class=\"x_gmail-yiv9484624109ydp324fdb5fyiv6440229165ydp9d843200gmail-yiv9726506902ydpb5d55d87msonormal\">\u00a0Asimismo, se design\u00f3 al comunicador colombiano Kevin Casanova, director general para la gesti\u00f3n 2024 de la Organizaci\u00f3n Mundial de Periodismo Tur\u00edstico (OMTP). Se recuerda que Salvador Batista realiz\u00f3 esta labor durante el 2023.<\/p>\n","protected":false},"excerpt":{"rendered":"<p>El comunicador Juan de Dios Valent\u00edn result\u00f3 ganador en la categor\u00eda \u2018Originalidad\u2019 por su reportaje \u201cCocina Solidaria: la acci\u00f3n que ha salvado de la hambruna a millones de personas en el mundo\u201d. Del pa\u00eds tambi\u00e9n gan\u00f3 el \u201cDate 2023\u201d, en la categor\u00eda \u2018Evento del a\u00f1o\u2019; Cap Cana, en la categor\u00eda \u2018Destino Tur\u00edstico Responsable\u2019; y el [&hellip;]<\/p>\n","protected":false},"author":9,"featured_media":9192,"comment_status":"closed","ping_status":"closed","sticky":false,"template":"","format":"standard","meta":{"footnotes":""},"categories":[48],"tags":[4018,3986,4019,60,985,1958,4017],"class_list":["post-9191","post","type-post","status-publish","format-standard","has-post-thumbnail","hentry","category-turismo","tag-categoria-originalidad","tag-ciudad-de-panama","tag-cocina-solidaria","tag-gastronomia","tag-juan-de-dios-valentin","tag-pasaporte-abierto","tag-pasaporte-abierto-2023"],"_links":{"self":[{"href":"https:\/\/www.foodieandtraveler.com\/index.php\/wp-json\/wp\/v2\/posts\/9191","targetHints":{"allow":["GET"]}}],"collection":[{"href":"https:\/\/www.foodieandtraveler.com\/index.php\/wp-json\/wp\/v2\/posts"}],"about":[{"href":"https:\/\/www.foodieandtraveler.com\/index.php\/wp-json\/wp\/v2\/types\/post"}],"author":[{"embeddable":true,"href":"https:\/\/www.foodieandtraveler.com\/index.php\/wp-json\/wp\/v2\/users\/9"}],"replies":[{"embeddable":true,"href":"https:\/\/www.foodieandtraveler.com\/index.php\/wp-json\/wp\/v2\/comments?post=9191"}],"version-history":[{"count":0,"href":"https:\/\/www.foodieandtraveler.com\/index.php\/wp-json\/wp\/v2\/posts\/9191\/revisions"}],"wp:featuredmedia":[{"embeddable":true,"href":"https:\/\/www.foodieandtraveler.com\/index.php\/wp-json\/wp\/v2\/media\/9192"}],"wp:attachment":[{"href":"https:\/\/www.foodieandtraveler.com\/index.php\/wp-json\/wp\/v2\/media?parent=9191"}],"wp:term":[{"taxonomy":"category","embeddable":true,"href":"https:\/\/www.foodieandtraveler.com\/index.php\/wp-json\/wp\/v2\/categories?post=9191"},{"taxonomy":"post_tag","embeddable":true,"href":"https:\/\/www.foodieandtraveler.com\/index.php\/wp-json\/wp\/v2\/tags?post=9191"}],"curies":[{"name":"wp","href":"https:\/\/api.w.org\/{rel}","templated":true}]}}