{"id":9105,"date":"2023-08-17T17:41:00","date_gmt":"2023-08-17T21:41:00","guid":{"rendered":"https:\/\/www.foodieandtraveler.com\/?p=9105"},"modified":"2023-08-17T17:44:55","modified_gmt":"2023-08-17T21:44:55","slug":"fundacion-didactica-realizo-primer-congreso-de-educacion-emocional-en-la-republica-dominicana","status":"publish","type":"post","link":"https:\/\/www.foodieandtraveler.com\/index.php\/fundacion-didactica-realizo-primer-congreso-de-educacion-emocional-en-la-republica-dominicana\/","title":{"rendered":"Fundaci\u00f3n Did\u00e1ctica realiz\u00f3 primer Congreso de Educaci\u00f3n Emocional en la Rep\u00fablica Dominicana"},"content":{"rendered":"<p class=\"x_MsoNormal\"><span lang=\"ES-TRAD\">La Fundaci\u00f3n de Investigaci\u00f3n y Desarrollo Did\u00e1ctica Dra. Margarita Heinsen, organizaci\u00f3n sin fines de lucro dedicada la implementaci\u00f3n de proyectos, investigaci\u00f3n y acompa\u00f1amiento en el \u00e1mbito de la Educaci\u00f3n Emocional, realiz\u00f3 el primer congreso de educaci\u00f3n emocional en el pa\u00eds con el fin de ofrecer estrategias y orientaciones destinadas a promover el desarrollo de competencias emocionales en las familias y centros educativos. <\/span><\/p>\n<p class=\"x_MsoNormal\"><span lang=\"ES-TRAD\">El evento que se llev\u00f3 a cabo el viernes 11 y s\u00e1bado 12 de agosto del 2023 en las instalaciones de la Universidad Iberoamericana de Santo Domingo (UNIBE) y abarc\u00f3 temas tales como t\u00e9cnicas para aplicar la educaci\u00f3n emocional en el aula, estrategias para el desarrollo de una sana autoestima, manejo de conflictos a trav\u00e9s de pr\u00e1cticas restaurativas, la gesti\u00f3n de las competencias emocionales, el cerebro resiliente, el mindfulness y c\u00f3mo disciplinar sin violencia. Adem\u00e1s, los participantes tuvieron la oportunidad de exponer preguntas e inquietudes que ser\u00e1n contestadas por los expertos.<\/span><\/p>\n<p class=\"x_MsoNormal\"><span lang=\"ES-TRAD\">Heinsen expres\u00f3 que en la actualidad hay gran preocupaci\u00f3n por la salud mental de nuestros ni\u00f1os, j\u00f3venes y adultos, as\u00ed como la necesidad de implementar estrategias para el manejo adecuado del estr\u00e9s, de la ansiedad y de prevenci\u00f3n de la violencia, entre otros. Agreg\u00f3 que \u201ces un buen momento para continuar el di\u00e1logo sobre nuevas formas en las que se puede contribuir al bienestar de nuestros ni\u00f1os y j\u00f3venes para vivir en una mejor sociedad, acompa\u00f1\u00e1ndolos en el proceso de aprendizaje socioemocional para lograr una vida plena.\u201d<\/span><\/p>\n<p class=\"x_MsoNormal\"><span lang=\"ES-TRAD\">El Congreso en Educaci\u00f3n Emocional fue dirigido a padres, educadores, orientadores y p\u00fablico en general. En el mismo se ofreci\u00f3 una conferencia magistral impartida por el experto internacional Lucas Malaisi, adem\u00e1s de una conferencia por la experta local, Dra. Margarita Heinsen. Tambi\u00e9n se impartieron talleres simult\u00e1neos con los facilitadores Gabriela P\u00e9rez, Mar\u00eda-Eugenia Ricart, Maribel Carballo, Camila Hasb\u00fan, Eileen Glass y Brenda Taveras y se lanz\u00f3 la gu\u00eda para docentes\u00a0 \u201cConstruYo mi Bienestar Emocional\u201d como fines de recaudaci\u00f3n para la fundaci\u00f3n. Estas gu\u00edas estar\u00e1n disponibles a trav\u00e9s de las redes de Fundaci\u00f3n Did\u00e1ctica.<\/span><\/p>\n<p class=\"x_MsoNormal\"><span lang=\"ES-TRAD\">Este evento se realiz\u00f3 en colaboraci\u00f3n con Claro, Induveca, INAFOCAM, Banco Popular, Edutech, Laboratorio Amadita, Ediciones Susaeta, Caf\u00e9 Santo Domingo, Ar\u00e1ndano, Papeler\u00eda CCC, Productos Chef y Piol\u00edn Comunidad Escolar.\u00a0<\/span><\/p>\n","protected":false},"excerpt":{"rendered":"<p>La Fundaci\u00f3n de Investigaci\u00f3n y Desarrollo Did\u00e1ctica Dra. Margarita Heinsen, organizaci\u00f3n sin fines de lucro dedicada la implementaci\u00f3n de proyectos, investigaci\u00f3n y acompa\u00f1amiento en el \u00e1mbito de la Educaci\u00f3n Emocional, realiz\u00f3 el primer congreso de educaci\u00f3n emocional en el pa\u00eds con el fin de ofrecer estrategias y orientaciones destinadas a promover el desarrollo de competencias [&hellip;]<\/p>\n","protected":false},"author":9,"featured_media":9106,"comment_status":"closed","ping_status":"closed","sticky":false,"template":"","format":"standard","meta":{"footnotes":""},"categories":[3555],"tags":[310,3980,3696],"class_list":["post-9105","post","type-post","status-publish","format-standard","has-post-thumbnail","hentry","category-salud-y-bienestar","tag-bienestar","tag-educacion-emocional","tag-salud-mental"],"_links":{"self":[{"href":"https:\/\/www.foodieandtraveler.com\/index.php\/wp-json\/wp\/v2\/posts\/9105","targetHints":{"allow":["GET"]}}],"collection":[{"href":"https:\/\/www.foodieandtraveler.com\/index.php\/wp-json\/wp\/v2\/posts"}],"about":[{"href":"https:\/\/www.foodieandtraveler.com\/index.php\/wp-json\/wp\/v2\/types\/post"}],"author":[{"embeddable":true,"href":"https:\/\/www.foodieandtraveler.com\/index.php\/wp-json\/wp\/v2\/users\/9"}],"replies":[{"embeddable":true,"href":"https:\/\/www.foodieandtraveler.com\/index.php\/wp-json\/wp\/v2\/comments?post=9105"}],"version-history":[{"count":0,"href":"https:\/\/www.foodieandtraveler.com\/index.php\/wp-json\/wp\/v2\/posts\/9105\/revisions"}],"wp:featuredmedia":[{"embeddable":true,"href":"https:\/\/www.foodieandtraveler.com\/index.php\/wp-json\/wp\/v2\/media\/9106"}],"wp:attachment":[{"href":"https:\/\/www.foodieandtraveler.com\/index.php\/wp-json\/wp\/v2\/media?parent=9105"}],"wp:term":[{"taxonomy":"category","embeddable":true,"href":"https:\/\/www.foodieandtraveler.com\/index.php\/wp-json\/wp\/v2\/categories?post=9105"},{"taxonomy":"post_tag","embeddable":true,"href":"https:\/\/www.foodieandtraveler.com\/index.php\/wp-json\/wp\/v2\/tags?post=9105"}],"curies":[{"name":"wp","href":"https:\/\/api.w.org\/{rel}","templated":true}]}}