{"id":8704,"date":"2023-03-29T15:16:33","date_gmt":"2023-03-29T19:16:33","guid":{"rendered":"https:\/\/www.foodieandtraveler.com\/?p=8704"},"modified":"2023-03-29T15:16:33","modified_gmt":"2023-03-29T19:16:33","slug":"federacion-de-cruceros-de-florida-y-el-caribe-reconoce-a-collado","status":"publish","type":"post","link":"https:\/\/www.foodieandtraveler.com\/index.php\/federacion-de-cruceros-de-florida-y-el-caribe-reconoce-a-collado\/","title":{"rendered":"Federaci\u00f3n de cruceros de Florida y el caribe reconoce a Collado"},"content":{"rendered":"<p>El ministro David Collado fue reconocido por la por la\u00a0Asociaci\u00f3n de Cruceros de Florida y el Caribe(FCCA, seg\u00fan siglas en ingl\u00e9s) por las cifras r\u00e9cord que ha alcanzado el pa\u00eds en la llegada de cruceristas, durante la celebraci\u00f3n del roadshow realizado por el ministerio de turismo a 200 tours operadores y agencias de viajes especializados en turismo de cruceros, en la ciudad de Miami Florida.<\/p>\n<p class=\"x_MsoNormal\">El reconocimiento fue dado, por segunda ocasi\u00f3n, a Collado por sus aportes en el desarrollo y crecimiento del turismo de cruceros en Rep\u00fablica Dominicana, que en el 2022 cerr\u00f3 como el mejor a\u00f1o de RD con 1.3 MM de cruceristas, cifra record para RD.<\/p>\n<p class=\"x_MsoNormal\">La FCCA es una asociaci\u00f3n comercial sin fines de lucro compuesta las m\u00e1s importantes l\u00edneas de cruceros que operan m\u00e1s de 100 barcos en Florida, El Caribe y Latinoam\u00e9rica.<\/p>\n","protected":false},"excerpt":{"rendered":"<p>El ministro David Collado fue reconocido por la por la\u00a0Asociaci\u00f3n de Cruceros de Florida y el Caribe(FCCA, seg\u00fan siglas en ingl\u00e9s) por las cifras r\u00e9cord que ha alcanzado el pa\u00eds en la llegada de cruceristas, durante la celebraci\u00f3n del roadshow realizado por el ministerio de turismo a 200 tours operadores y agencias de viajes especializados [&hellip;]<\/p>\n","protected":false},"author":9,"featured_media":8705,"comment_status":"closed","ping_status":"closed","sticky":false,"template":"","format":"standard","meta":{"footnotes":""},"categories":[48],"tags":[2957,3888,3192,2536,68],"class_list":["post-8704","post","type-post","status-publish","format-standard","has-post-thumbnail","hentry","category-turismo","tag-david-collado","tag-florida","tag-ministro-de-turismo","tag-rd","tag-republica-dominicana"],"_links":{"self":[{"href":"https:\/\/www.foodieandtraveler.com\/index.php\/wp-json\/wp\/v2\/posts\/8704","targetHints":{"allow":["GET"]}}],"collection":[{"href":"https:\/\/www.foodieandtraveler.com\/index.php\/wp-json\/wp\/v2\/posts"}],"about":[{"href":"https:\/\/www.foodieandtraveler.com\/index.php\/wp-json\/wp\/v2\/types\/post"}],"author":[{"embeddable":true,"href":"https:\/\/www.foodieandtraveler.com\/index.php\/wp-json\/wp\/v2\/users\/9"}],"replies":[{"embeddable":true,"href":"https:\/\/www.foodieandtraveler.com\/index.php\/wp-json\/wp\/v2\/comments?post=8704"}],"version-history":[{"count":0,"href":"https:\/\/www.foodieandtraveler.com\/index.php\/wp-json\/wp\/v2\/posts\/8704\/revisions"}],"wp:featuredmedia":[{"embeddable":true,"href":"https:\/\/www.foodieandtraveler.com\/index.php\/wp-json\/wp\/v2\/media\/8705"}],"wp:attachment":[{"href":"https:\/\/www.foodieandtraveler.com\/index.php\/wp-json\/wp\/v2\/media?parent=8704"}],"wp:term":[{"taxonomy":"category","embeddable":true,"href":"https:\/\/www.foodieandtraveler.com\/index.php\/wp-json\/wp\/v2\/categories?post=8704"},{"taxonomy":"post_tag","embeddable":true,"href":"https:\/\/www.foodieandtraveler.com\/index.php\/wp-json\/wp\/v2\/tags?post=8704"}],"curies":[{"name":"wp","href":"https:\/\/api.w.org\/{rel}","templated":true}]}}