{"id":8694,"date":"2023-03-25T08:05:00","date_gmt":"2023-03-25T12:05:00","guid":{"rendered":"https:\/\/www.foodieandtraveler.com\/?p=8694"},"modified":"2023-03-25T08:05:16","modified_gmt":"2023-03-25T12:05:16","slug":"escritora-y-conferencista-pridah-suero-ofrece-charla-mujer-volcanica","status":"publish","type":"post","link":"https:\/\/www.foodieandtraveler.com\/index.php\/escritora-y-conferencista-pridah-suero-ofrece-charla-mujer-volcanica\/","title":{"rendered":"Escritora y conferencista Pridah Suero ofrece charla \u201cMujer Volc\u00e1nica\u201d"},"content":{"rendered":"<p class=\"x_MsoNormal\">A prop\u00f3sito del D\u00eda Internacional de la Mujer, la escritora, autora y conferencista Pridah Suero, brind\u00f3 a un selecto grupo de damas profesionales y acad\u00e9micas de la Rep\u00fablica Dominicana, una magistral charla denominada \u201cMujer Volc\u00e1nica\u201d.<\/p>\n<p class=\"x_MsoNormal\">El encuentro tuvo la finalidad de exaltar el potencial humano inherente de las mujeres y de c\u00f3mo pueden manifestar la energ\u00eda femenina para desarrollar diversos roles con excelencia en una sociedad altamente demandante.<\/p>\n<p class=\"x_MsoNormal\">Suero, dice creer firmemente en trabajar en la formaci\u00f3n y en el crecimiento integral de la mujer y en la juventud dominicana, puesto que ambos grupos constituyen columnas y pilares del crecimiento econ\u00f3mico y social sostenible de nuestro pa\u00eds.<\/p>\n<p class=\"x_MsoNormal\">La letrada y novel diplom\u00e1tica considera, tambi\u00e9n, que en dichos sectores es que verdaderamente se encubren potenciales y talentos de gran magnitud, los cuales no queremos que emigren de nuestro pa\u00eds. Si no que, por el contrario, inviertan en la Rep\u00fablica Dominicana, reproduzcan sus conocimientos y trabajen inteligentemente en beneficio del pa\u00eds, potenciando su cambio y avance.<\/p>\n<p class=\"x_MsoNormal\">\u00a0\u201cMujer Volc\u00e1nica\u201d, que es el uno\u00a0 de los veh\u00edculos dise\u00f1ados por Pridah Suero para aportar y colaborar con el desarrollo de todas las mujeres participantes, abarc\u00f3 temas como: conoce, sana y manifiesta tu energ\u00eda femenina en su m\u00e1xima expresi\u00f3n, trabaja y potencia tu marca personal, mujer polifac\u00e9tica, balance entre cuerpo mente y esp\u00edritu, vida laboral y familiar en perfecta armon\u00eda, h\u00e1bitos saludables, entre otros.<\/p>\n<p class=\"x_MsoNormal\"><b>Sobre la conferencista<\/b><\/p>\n<p class=\"x_MsoNormal\">Pridah Suero naci\u00f3 en Santo Domingo, es una mujer de fe con un prop\u00f3sito de vida: visionaria, vers\u00e1til, capaz de desdoblarse en sus m\u00faltiples roles para lograr ejecutar en excelencia sus diferentes capacidades en beneficio de la patria que la vio nacer; contribuyendo en fomentar el cambio y transformaci\u00f3n de todo el entorno que la habita.<\/p>\n<p class=\"x_MsoNormal\">Es abogada corporativa, graduada en PUCMM con honores Magna Cum Laude, Maestr\u00eda en Derecho de los Negocios Corporativos, Maestr\u00eda en Derecho de la Uni\u00f3n Europea en la Carlos III de Madrid; es diplom\u00e1tica de formaci\u00f3n graduada con la Especialidad de Diplomacia Comercial en el INESDYC del Ministerio de Relaciones Exteriores. Ha sido docente por casi una d\u00e9cada en PUCMM y UNIBE. Actualmente, cursa el Doctorado en Historia del Caribe en su Alma Mater.<\/p>\n<p class=\"x_MsoNormal\">Coach de vida; ha publicado tres libros: El Alfil de la Ejecuci\u00f3n, Sin Techo de Vuelo y Cicatriz de un Frenes\u00ed. Los dos primeros enmarcados en la tradici\u00f3n de superaci\u00f3n personal y emprendedurismo, y el tercero una obra po\u00e9tica. Es promotora de los valores y principios s\u00f3lidos en defensa de la estructura familiar y la trascendencia del ser humano desde la integridad, transparencia, servicio, amor y promoci\u00f3n de una vida hol\u00edsticamente saludable.<\/p>\n<p class=\"x_MsoNormal\">Se considera una mujer con alto contenido de sensibilidad y responsabilidad social y desarrolla temas de transformaci\u00f3n y liderazgo, lo cual manifiesta en servicio de su pa\u00eds y su labor en los medios radiof\u00f3nicos.<\/p>\n<p class=\"x_MsoNormal\">\n","protected":false},"excerpt":{"rendered":"<p>A prop\u00f3sito del D\u00eda Internacional de la Mujer, la escritora, autora y conferencista Pridah Suero, brind\u00f3 a un selecto grupo de damas profesionales y acad\u00e9micas de la Rep\u00fablica Dominicana, una magistral charla denominada \u201cMujer Volc\u00e1nica\u201d. El encuentro tuvo la finalidad de exaltar el potencial humano inherente de las mujeres y de c\u00f3mo pueden manifestar la [&hellip;]<\/p>\n","protected":false},"author":9,"featured_media":8695,"comment_status":"closed","ping_status":"closed","sticky":false,"template":"","format":"standard","meta":{"footnotes":""},"categories":[3241],"tags":[3521,3885,3887,3886],"class_list":["post-8694","post","type-post","status-publish","format-standard","has-post-thumbnail","hentry","category-arte-cultura","tag-charla","tag-mujer","tag-mujer-volcanica","tag-pridah-suero"],"_links":{"self":[{"href":"https:\/\/www.foodieandtraveler.com\/index.php\/wp-json\/wp\/v2\/posts\/8694","targetHints":{"allow":["GET"]}}],"collection":[{"href":"https:\/\/www.foodieandtraveler.com\/index.php\/wp-json\/wp\/v2\/posts"}],"about":[{"href":"https:\/\/www.foodieandtraveler.com\/index.php\/wp-json\/wp\/v2\/types\/post"}],"author":[{"embeddable":true,"href":"https:\/\/www.foodieandtraveler.com\/index.php\/wp-json\/wp\/v2\/users\/9"}],"replies":[{"embeddable":true,"href":"https:\/\/www.foodieandtraveler.com\/index.php\/wp-json\/wp\/v2\/comments?post=8694"}],"version-history":[{"count":0,"href":"https:\/\/www.foodieandtraveler.com\/index.php\/wp-json\/wp\/v2\/posts\/8694\/revisions"}],"wp:featuredmedia":[{"embeddable":true,"href":"https:\/\/www.foodieandtraveler.com\/index.php\/wp-json\/wp\/v2\/media\/8695"}],"wp:attachment":[{"href":"https:\/\/www.foodieandtraveler.com\/index.php\/wp-json\/wp\/v2\/media?parent=8694"}],"wp:term":[{"taxonomy":"category","embeddable":true,"href":"https:\/\/www.foodieandtraveler.com\/index.php\/wp-json\/wp\/v2\/categories?post=8694"},{"taxonomy":"post_tag","embeddable":true,"href":"https:\/\/www.foodieandtraveler.com\/index.php\/wp-json\/wp\/v2\/tags?post=8694"}],"curies":[{"name":"wp","href":"https:\/\/api.w.org\/{rel}","templated":true}]}}