{"id":8359,"date":"2022-10-23T09:26:35","date_gmt":"2022-10-23T13:26:35","guid":{"rendered":"https:\/\/www.foodieandtraveler.com\/?p=8359"},"modified":"2022-10-23T09:26:35","modified_gmt":"2022-10-23T13:26:35","slug":"posto-desing-realiza-experiencia-sensorial-de-cafe-y-chocolate-en-novedoso-showroom","status":"publish","type":"post","link":"https:\/\/www.foodieandtraveler.com\/index.php\/posto-desing-realiza-experiencia-sensorial-de-cafe-y-chocolate-en-novedoso-showroom\/","title":{"rendered":"Posto Desing realiza experiencia sensorial de caf\u00e9 y chocolate en novedoso showroom"},"content":{"rendered":"<p>Con el prop\u00f3sito de presentar su novedoso y moderno espacio creativo, ejecutivos de Posto Desing abrieron las puertas de su showroom de la mano de una experiencia multisensorial de caf\u00e9 y chocolate, para deleitar los sentidos y el buen gusto de sus clientes.<\/p>\n<p>Creado como un ambiente que permitir\u00e1 conocer las soluciones para sus hogares y\/o proyectos, desde una asesor\u00eda completa, dise\u00f1o, materiales y fabricaci\u00f3n con altos est\u00e1ndares de calidad, supervisi\u00f3n y servicio post venta, el encuentro cont\u00f3 con la participaci\u00f3n de arquitectos y dise\u00f1adores, quienes formaron parte de la experiencia creada para explorar.<\/p>\n<p>\u201cPosto Design y todo el equipo ha decidido apostar a la fabricaci\u00f3n local de cocinas, puertas y muebles a la medida en MDP y MDF conjuntamente con la importaci\u00f3n de cocinas europeas y l\u00edneas de equipos sanitarios. Contamos propiamente con una planta y maquinarias modernas de producci\u00f3n y un equipo de expertos t\u00e9cnicos, administrativos, gerentes y operarios que nos motivan a trabajar mejor y que est\u00e1n a la disposici\u00f3n de cada uno de ustedes\u201d, manifest\u00f3 Michelle Joubert, Directora general.<\/p>\n<p>Adem\u00e1s, los espacios creados permiten visualizar los art\u00edculos con el acompa\u00f1amiento de un personal capacitado para brindarles la asesor\u00eda que necesiten para adecuar sus espacios, destacando que Posto Desing cuenta con plantas propias de fabricaci\u00f3n, garant\u00edas de sus productos, volumen de inventario y una alta variedad de terminaciones en los tableros, los cuales tambi\u00e9n tienen como finalidad ser un componente de la mano para los dise\u00f1adores.<\/p>\n<p>\u201cCon el respaldo del gran grupo al que pertenece, la familia Cielos Ac\u00fasticos, Posto Design est\u00e1 aqu\u00ed para recibirte, con la convicci\u00f3n de que, desde hoy, trabajaremos juntos en todos tus proyectos\u201d, agreg\u00f3 Joubert .<\/p>\n<p>El encuentro sensorial adem\u00e1s cont\u00f3 con la presencia de Oscar Morel, Presidente; Michelle Joubert, Directora General; Claudia Fletch, Directora Comercial; Jhon Guti\u00e9rrez, Coordinador de Proyectos, quienes formaron parte de una experiencia de la mano de Definite Chocolate, el primer chocolatero dominicano que gan\u00f3 premios internacionales como en Londres, Nueva York, Par\u00eds y Singapur y Coffee Wanderer con los caf\u00e9s mejor puntuados y de los or\u00edgenes m\u00e1s ex\u00f3ticos.<\/p>\n<p>&nbsp;<\/p>\n","protected":false},"excerpt":{"rendered":"<p>Con el prop\u00f3sito de presentar su novedoso y moderno espacio creativo, ejecutivos de Posto Desing abrieron las puertas de su showroom de la mano de una experiencia multisensorial de caf\u00e9 y chocolate, para deleitar los sentidos y el buen gusto de sus clientes. Creado como un ambiente que permitir\u00e1 conocer las soluciones para sus hogares [&hellip;]<\/p>\n","protected":false},"author":9,"featured_media":8360,"comment_status":"open","ping_status":"closed","sticky":false,"template":"","format":"standard","meta":{"footnotes":""},"categories":[7,156],"tags":[2903,385,416,3704,1103,565,1111,2666],"class_list":["post-8359","post","type-post","status-publish","format-standard","has-post-thumbnail","hentry","category-coffelovers","category-evento-gastronomico","tag-cafe-2","tag-chocolate","tag-coffeelover","tag-experiencia-cafetera","tag-londres","tag-new-york","tag-paris","tag-singapur"],"_links":{"self":[{"href":"https:\/\/www.foodieandtraveler.com\/index.php\/wp-json\/wp\/v2\/posts\/8359","targetHints":{"allow":["GET"]}}],"collection":[{"href":"https:\/\/www.foodieandtraveler.com\/index.php\/wp-json\/wp\/v2\/posts"}],"about":[{"href":"https:\/\/www.foodieandtraveler.com\/index.php\/wp-json\/wp\/v2\/types\/post"}],"author":[{"embeddable":true,"href":"https:\/\/www.foodieandtraveler.com\/index.php\/wp-json\/wp\/v2\/users\/9"}],"replies":[{"embeddable":true,"href":"https:\/\/www.foodieandtraveler.com\/index.php\/wp-json\/wp\/v2\/comments?post=8359"}],"version-history":[{"count":0,"href":"https:\/\/www.foodieandtraveler.com\/index.php\/wp-json\/wp\/v2\/posts\/8359\/revisions"}],"wp:featuredmedia":[{"embeddable":true,"href":"https:\/\/www.foodieandtraveler.com\/index.php\/wp-json\/wp\/v2\/media\/8360"}],"wp:attachment":[{"href":"https:\/\/www.foodieandtraveler.com\/index.php\/wp-json\/wp\/v2\/media?parent=8359"}],"wp:term":[{"taxonomy":"category","embeddable":true,"href":"https:\/\/www.foodieandtraveler.com\/index.php\/wp-json\/wp\/v2\/categories?post=8359"},{"taxonomy":"post_tag","embeddable":true,"href":"https:\/\/www.foodieandtraveler.com\/index.php\/wp-json\/wp\/v2\/tags?post=8359"}],"curies":[{"name":"wp","href":"https:\/\/api.w.org\/{rel}","templated":true}]}}