{"id":8165,"date":"2022-07-21T21:10:26","date_gmt":"2022-07-22T01:10:26","guid":{"rendered":"https:\/\/www.foodieandtraveler.com\/?p=8165"},"modified":"2022-07-21T21:10:26","modified_gmt":"2022-07-22T01:10:26","slug":"industrias-san-miguel-celebra-17-anos-en-la-republica-dominicana","status":"publish","type":"post","link":"https:\/\/www.foodieandtraveler.com\/index.php\/industrias-san-miguel-celebra-17-anos-en-la-republica-dominicana\/","title":{"rendered":"Industrias San Miguel celebra 17 a\u00f1os en la Rep\u00fablica Dominicana"},"content":{"rendered":"<p style=\"font-weight: 400;\">Evidenciando un crecimiento y desarrollo importante tanto en su \u00e1rea como en su zona de operaci\u00f3n,<strong><a href=\"https:\/\/www.grupoism.com.do\/\"> Industrias San Miguel<\/a><\/strong> celebr\u00f3 una eucarist\u00eda en la Catedral Primada de Am\u00e9rica, oficiada por el Reverendo Nelson Clark, en conmemoraci\u00f3n a su 17 aniversario en la Rep\u00fablica Dominicana.<\/p>\n<p style=\"font-weight: 400;\">Encabezada por Arturo Marroqu\u00edn, Gerente General, y cont\u00f3 con la participaci\u00f3n de sus principales ejecutivos entre ellos, Mario Medina, Gerente Financiero; Carlos Butr\u00f3n, Gerente Comercial; Lorena Guti\u00e9rrez, Gerente de Mercadeo; Lizzie Gonz\u00e1lez, Gerente de Comunicaciones, y Ubaldo Dedios, Gerente Gesti\u00f3n Humana, as\u00ed como con los colaboradores de ISM.<\/p>\n<p style=\"font-weight: 400;\">\u201cEn esta ma\u00f1ana agradecemos lo que cada uno de ustedes ha puesto para hacer su trabajo con pasi\u00f3n y apegados a los valores de la empresa; de igual forma agradecemos el poder compartir nuestros logros junto a tantos aliados, clientes, suplidores, medios e instituciones gubernamentales, que se han convertido en amigos, a trav\u00e9s de todo este tiempo.\u00a0Esta es una nueva oportunidad de valorar todo lo que hemos logrado y enfocarnos hacia nuestros objetivos\u201d, destac\u00f3 Marroqu\u00edn.<\/p>\n<p style=\"font-weight: 400;\">Resalt\u00f3 que ISM ha logrado mucho y que deben ser agradecidos y valorar lo que han alcanzado, lo que tienen, lo que los une y todo lo que est\u00e1 por venir. \u201cISM no se detiene y seguiremos creciendo, hoy ya no somos una empresa, sino un grupo, el grupo ISM y seguiremos creciendo en productos, en territorios, en proyectos, pero sobre todo en sue\u00f1os, porque hemos so\u00f1ado llevar esta empresa a su mejor nivel y todos seremos parte de ello\u201d, agreg\u00f3.<\/p>\n<p style=\"font-weight: 400;\">De igual modo, sostuvo que como l\u00edder del equipo se siente muy orgulloso de formar parte de esta gran familia que ha sabido apoyarse y crecer juntos. \u201cMi mayor deseo es que tengamos la capacidad de ver hasta d\u00f3nde somos capaces de llegar y que lo hagamos, sin miedo y con la certeza de que juntos podemos lograr grandes cosas\u201d, puntualiz\u00f3.<\/p>\n<p style=\"font-weight: 400;\">Cabe destacar que ISM actualmente se vuelca a un crecimiento con una inversi\u00f3n de m\u00e1s de ocho mil millones de pesos en los pr\u00f3ximos cinco a\u00f1os, impactando de manera positiva el bienestar de sus clientes, aliados y colaboradores. Adem\u00e1s, todas sus\u00a0acciones de responsabilidad social y sostenibilidad han sido de gran impacto en las \u00e1reas que han intervenido, entre las que se destacan la electrificaci\u00f3n en comunidades de la zona fronteriza junto a Edenorte, apadrinamiento del Roblillo especie en peligro de extinci\u00f3n, junto a Ecored y el jard\u00edn Bot\u00e1nico; alianza con USAID para que miles de familias residentes en comunidades de Santiago Rodr\u00edguez tengan un mejor acceso al agua, entre otras.<\/p>\n<p style=\"font-weight: 400;\">Tambi\u00e9n se resalta la introducci\u00f3n de nuevos productos a su portafolio y ha sido reconocido como la mejor planta de producci\u00f3n y el mejor equipo de distribuci\u00f3n de todo el grupo ISM.<\/p>\n<p style=\"font-weight: 400;\"><strong>Sobre ISM:<\/strong><\/p>\n<p style=\"font-weight: 400;\">Industrias San Miguel (ISM), se caracteriza por la eficiencia en el servicio y la calidad, factores que han contribuido, en 17 a\u00f1os, a reafirmar el liderazgo de la empresa basado en la fortaleza de sus principios y valores corporativos.<\/p>\n<p style=\"font-weight: 400;\">La posici\u00f3n que ocupa actualmente ISM, con sus marcas\u00a0<em>Kola Real<\/em>,\u00a0<em>Cool Heaven<\/em>,\u00a0<em>Frutop<\/em>\u00a0y\u00a0<em>360<\/em>, se debe a su esp\u00edritu de sana competencia, con el cual ha sabido ganarse la preferencia de los consumidores, adem\u00e1s de una clara visi\u00f3n de largo plazo, donde el emprendimiento y la inversi\u00f3n han sido esenciales.<\/p>\n<p style=\"font-weight: 400;\">ISM ha asumido una actitud de compromiso social, apoyando adem\u00e1s el arte nacional y proyectos de protecci\u00f3n comunitaria y ambiental, que aseguran continuar por la senda de un crecimiento sostenible.<\/p>\n<div id='gallery-1' class='gallery galleryid-8165 gallery-columns-3 gallery-size-thumbnail'><figure class='gallery-item'>\n\t\t\t<div class='gallery-icon landscape'>\n\t\t\t\t<a href='https:\/\/www.foodieandtraveler.com\/index.php\/industrias-san-miguel-celebra-17-anos-en-la-republica-dominicana\/image00094\/'><img decoding=\"async\" width=\"150\" height=\"150\" src=\"https:\/\/www.foodieandtraveler.com\/wp-content\/uploads\/2022\/07\/image00094-150x150.jpeg\" class=\"attachment-thumbnail size-thumbnail\" alt=\"\" \/><\/a>\n\t\t\t<\/div><\/figure><figure class='gallery-item'>\n\t\t\t<div class='gallery-icon portrait'>\n\t\t\t\t<a href='https:\/\/www.foodieandtraveler.com\/index.php\/industrias-san-miguel-celebra-17-anos-en-la-republica-dominicana\/image00099\/'><img decoding=\"async\" width=\"150\" height=\"150\" src=\"https:\/\/www.foodieandtraveler.com\/wp-content\/uploads\/2022\/07\/image00099-150x150.jpeg\" class=\"attachment-thumbnail size-thumbnail\" alt=\"\" \/><\/a>\n\t\t\t<\/div><\/figure><figure class='gallery-item'>\n\t\t\t<div class='gallery-icon landscape'>\n\t\t\t\t<a href='https:\/\/www.foodieandtraveler.com\/index.php\/industrias-san-miguel-celebra-17-anos-en-la-republica-dominicana\/image00093\/'><img decoding=\"async\" width=\"150\" height=\"150\" src=\"https:\/\/www.foodieandtraveler.com\/wp-content\/uploads\/2022\/07\/image00093-150x150.jpeg\" class=\"attachment-thumbnail size-thumbnail\" alt=\"\" \/><\/a>\n\t\t\t<\/div><\/figure><figure class='gallery-item'>\n\t\t\t<div class='gallery-icon portrait'>\n\t\t\t\t<a href='https:\/\/www.foodieandtraveler.com\/index.php\/industrias-san-miguel-celebra-17-anos-en-la-republica-dominicana\/image00101\/'><img loading=\"lazy\" decoding=\"async\" width=\"150\" height=\"150\" src=\"https:\/\/www.foodieandtraveler.com\/wp-content\/uploads\/2022\/07\/image00101-150x150.jpeg\" class=\"attachment-thumbnail size-thumbnail\" alt=\"\" \/><\/a>\n\t\t\t<\/div><\/figure><figure class='gallery-item'>\n\t\t\t<div class='gallery-icon landscape'>\n\t\t\t\t<a href='https:\/\/www.foodieandtraveler.com\/index.php\/industrias-san-miguel-celebra-17-anos-en-la-republica-dominicana\/image00011\/'><img loading=\"lazy\" decoding=\"async\" width=\"150\" height=\"150\" src=\"https:\/\/www.foodieandtraveler.com\/wp-content\/uploads\/2022\/07\/image00011-150x150.jpeg\" class=\"attachment-thumbnail size-thumbnail\" alt=\"\" \/><\/a>\n\t\t\t<\/div><\/figure><figure class='gallery-item'>\n\t\t\t<div class='gallery-icon landscape'>\n\t\t\t\t<a href='https:\/\/www.foodieandtraveler.com\/index.php\/industrias-san-miguel-celebra-17-anos-en-la-republica-dominicana\/image00008-2\/'><img loading=\"lazy\" decoding=\"async\" width=\"150\" height=\"150\" src=\"https:\/\/www.foodieandtraveler.com\/wp-content\/uploads\/2022\/07\/image00008-150x150.jpeg\" class=\"attachment-thumbnail size-thumbnail\" alt=\"\" \/><\/a>\n\t\t\t<\/div><\/figure>\n\t\t<\/div>\n\n","protected":false},"excerpt":{"rendered":"<p>Evidenciando un crecimiento y desarrollo importante tanto en su \u00e1rea como en su zona de operaci\u00f3n, Industrias San Miguel celebr\u00f3 una eucarist\u00eda en la Catedral Primada de Am\u00e9rica, oficiada por el Reverendo Nelson Clark, en conmemoraci\u00f3n a su 17 aniversario en la Rep\u00fablica Dominicana. Encabezada por Arturo Marroqu\u00edn, Gerente General, y cont\u00f3 con la participaci\u00f3n [&hellip;]<\/p>\n","protected":false},"author":9,"featured_media":8168,"comment_status":"open","ping_status":"closed","sticky":false,"template":"","format":"standard","meta":{"footnotes":""},"categories":[2],"tags":[3611,1068,1522,2818],"class_list":["post-8165","post","type-post","status-publish","format-standard","has-post-thumbnail","hentry","category-featured","tag-17-aniversario","tag-industrias-san-miguel","tag-ism","tag-republica-dominicana-2"],"_links":{"self":[{"href":"https:\/\/www.foodieandtraveler.com\/index.php\/wp-json\/wp\/v2\/posts\/8165","targetHints":{"allow":["GET"]}}],"collection":[{"href":"https:\/\/www.foodieandtraveler.com\/index.php\/wp-json\/wp\/v2\/posts"}],"about":[{"href":"https:\/\/www.foodieandtraveler.com\/index.php\/wp-json\/wp\/v2\/types\/post"}],"author":[{"embeddable":true,"href":"https:\/\/www.foodieandtraveler.com\/index.php\/wp-json\/wp\/v2\/users\/9"}],"replies":[{"embeddable":true,"href":"https:\/\/www.foodieandtraveler.com\/index.php\/wp-json\/wp\/v2\/comments?post=8165"}],"version-history":[{"count":0,"href":"https:\/\/www.foodieandtraveler.com\/index.php\/wp-json\/wp\/v2\/posts\/8165\/revisions"}],"wp:featuredmedia":[{"embeddable":true,"href":"https:\/\/www.foodieandtraveler.com\/index.php\/wp-json\/wp\/v2\/media\/8168"}],"wp:attachment":[{"href":"https:\/\/www.foodieandtraveler.com\/index.php\/wp-json\/wp\/v2\/media?parent=8165"}],"wp:term":[{"taxonomy":"category","embeddable":true,"href":"https:\/\/www.foodieandtraveler.com\/index.php\/wp-json\/wp\/v2\/categories?post=8165"},{"taxonomy":"post_tag","embeddable":true,"href":"https:\/\/www.foodieandtraveler.com\/index.php\/wp-json\/wp\/v2\/tags?post=8165"}],"curies":[{"name":"wp","href":"https:\/\/api.w.org\/{rel}","templated":true}]}}