{"id":7808,"date":"2022-04-06T22:35:38","date_gmt":"2022-04-07T02:35:38","guid":{"rendered":"https:\/\/www.foodieandtraveler.com\/?p=7808"},"modified":"2022-04-06T22:35:41","modified_gmt":"2022-04-07T02:35:41","slug":"las-terrenas-jazz-festival-regresa-en-semana-santa","status":"publish","type":"post","link":"https:\/\/www.foodieandtraveler.com\/index.php\/las-terrenas-jazz-festival-regresa-en-semana-santa\/","title":{"rendered":"LAS TERRENAS JAZZ FESTIVAL REGRESA EN SEMANA SANTA"},"content":{"rendered":"\n<p>El polo tur\u00edstico de Las Terrenas contar\u00e1 durante Semana Santa 2022, con la realizaci\u00f3n de una nueva versi\u00f3n de Las Terrenas&nbsp;Jazz&nbsp;Festival, actividad que ser\u00e1 celebrada los d\u00edas 14, 16 y 17 de abril en las locaciones de Beluga Beach Club de Playa Bonita.<\/p>\n\n\n\n<p>As\u00ed lo anunci\u00f3 Activil Wellove Modeste, productor del evento quien destac\u00f3 las excelentes condiciones de Las Terrenas para este tipo de ofertas musicales, la cual brindar\u00e1 una opci\u00f3n diferente para el distinguido p\u00fablico que se hospedar\u00e1 en esa importante zona tur\u00edstica durante la semana mayor.<\/p>\n\n\n\n<p>El calendario de conciertos iniciar\u00e1 el jueves 14 de abril a partir de las 7:30 PM con la actuaci\u00f3n de Cesar Namnum y su Grupo Maniel Son-Jazz&nbsp;Quintet, protagonistas de una noche inaugural de&nbsp;jazz&nbsp;caribe\u00f1o.&nbsp; El s\u00e1bado 16 de abril ser\u00e1 el turno del laureado maestro Gustavo Rodr\u00edguez y su Latin&nbsp;Jazz&nbsp;Quartet y continuar\u00e1 el domingo 17 a partir de las 11:30 AM con un Latin&nbsp;Jazz&nbsp;Brunch encabezado por Gustavo Rodr\u00edguez, el experimentado percusionista Julito Figueroa y otros depurados artistas, con cuyo repertorio se cerrar\u00e1 en grande la actividad y con ella, la semana santa 2022.<\/p>\n\n\n\n<p>Los conciertos ser\u00e1n realizados en las acogedoras locaciones de Beluga Beach Club, un estrat\u00e9gico establecimiento ubicado en primera l\u00ednea de Playa Bonita, lugar que se ha convertido en un punto referencia para la recreaci\u00f3n social, el disfrute de una exquisita gastronom\u00eda y extensa carta de bebidas, capaz de complacer los gustos m\u00e1s exigentes.<\/p>\n\n\n\n<p>El evento cuenta con el importante apoyo de Noval Properties y su proyecto The Reef \u2013 Las Terrenas, Beluga Beach Club, La Residencia del Paseo, entre otros. \u00a0\u00a0Los interesados pueden informarse y hacer sus reservaciones a los tel\u00e9fonos\u00a0<em>809<\/em>&#8211; 795-5450 y 849-372-7249 de Beluga Beach Club.<\/p>\n\n\n\n<figure class=\"wp-block-gallery columns-4 is-cropped wp-block-gallery-1 is-layout-flex wp-block-gallery-is-layout-flex\"><ul class=\"blocks-gallery-grid\"><li class=\"blocks-gallery-item\"><figure><img fetchpriority=\"high\" decoding=\"async\" width=\"600\" height=\"400\" src=\"https:\/\/www.foodieandtraveler.com\/wp-content\/uploads\/2022\/04\/Maniel.jpg\" alt=\"\" data-id=\"7813\" data-full-url=\"https:\/\/www.foodieandtraveler.com\/wp-content\/uploads\/2022\/04\/Maniel.jpg\" data-link=\"https:\/\/www.foodieandtraveler.com\/?attachment_id=7813\" class=\"wp-image-7813\" srcset=\"https:\/\/www.foodieandtraveler.com\/wp-content\/uploads\/2022\/04\/Maniel.jpg 600w, https:\/\/www.foodieandtraveler.com\/wp-content\/uploads\/2022\/04\/Maniel-300x200.jpg 300w\" sizes=\"(max-width: 600px) 100vw, 600px\" \/><\/figure><\/li><li class=\"blocks-gallery-item\"><figure><img decoding=\"async\" width=\"867\" height=\"787\" src=\"https:\/\/www.foodieandtraveler.com\/wp-content\/uploads\/2022\/04\/Julito-Figeroa.jpg\" alt=\"\" data-id=\"7812\" data-full-url=\"https:\/\/www.foodieandtraveler.com\/wp-content\/uploads\/2022\/04\/Julito-Figeroa.jpg\" data-link=\"https:\/\/www.foodieandtraveler.com\/?attachment_id=7812\" class=\"wp-image-7812\" srcset=\"https:\/\/www.foodieandtraveler.com\/wp-content\/uploads\/2022\/04\/Julito-Figeroa.jpg 867w, https:\/\/www.foodieandtraveler.com\/wp-content\/uploads\/2022\/04\/Julito-Figeroa-300x272.jpg 300w, https:\/\/www.foodieandtraveler.com\/wp-content\/uploads\/2022\/04\/Julito-Figeroa-768x697.jpg 768w, https:\/\/www.foodieandtraveler.com\/wp-content\/uploads\/2022\/04\/Julito-Figeroa-696x632.jpg 696w, https:\/\/www.foodieandtraveler.com\/wp-content\/uploads\/2022\/04\/Julito-Figeroa-463x420.jpg 463w\" sizes=\"(max-width: 867px) 100vw, 867px\" \/><\/figure><\/li><li class=\"blocks-gallery-item\"><figure><img decoding=\"async\" width=\"640\" height=\"640\" src=\"https:\/\/www.foodieandtraveler.com\/wp-content\/uploads\/2022\/04\/Gustavo-Rodriguez.jpg\" alt=\"\" data-id=\"7811\" data-full-url=\"https:\/\/www.foodieandtraveler.com\/wp-content\/uploads\/2022\/04\/Gustavo-Rodriguez.jpg\" data-link=\"https:\/\/www.foodieandtraveler.com\/?attachment_id=7811\" class=\"wp-image-7811\" srcset=\"https:\/\/www.foodieandtraveler.com\/wp-content\/uploads\/2022\/04\/Gustavo-Rodriguez.jpg 640w, https:\/\/www.foodieandtraveler.com\/wp-content\/uploads\/2022\/04\/Gustavo-Rodriguez-300x300.jpg 300w, https:\/\/www.foodieandtraveler.com\/wp-content\/uploads\/2022\/04\/Gustavo-Rodriguez-150x150.jpg 150w, https:\/\/www.foodieandtraveler.com\/wp-content\/uploads\/2022\/04\/Gustavo-Rodriguez-420x420.jpg 420w\" sizes=\"(max-width: 640px) 100vw, 640px\" \/><\/figure><\/li><li class=\"blocks-gallery-item\"><figure><img loading=\"lazy\" decoding=\"async\" width=\"789\" height=\"895\" src=\"https:\/\/www.foodieandtraveler.com\/wp-content\/uploads\/2022\/04\/Activil-Modeste-Jazz.jpg\" alt=\"\" data-id=\"7810\" data-full-url=\"https:\/\/www.foodieandtraveler.com\/wp-content\/uploads\/2022\/04\/Activil-Modeste-Jazz.jpg\" data-link=\"https:\/\/www.foodieandtraveler.com\/?attachment_id=7810\" class=\"wp-image-7810\" srcset=\"https:\/\/www.foodieandtraveler.com\/wp-content\/uploads\/2022\/04\/Activil-Modeste-Jazz.jpg 789w, https:\/\/www.foodieandtraveler.com\/wp-content\/uploads\/2022\/04\/Activil-Modeste-Jazz-264x300.jpg 264w, https:\/\/www.foodieandtraveler.com\/wp-content\/uploads\/2022\/04\/Activil-Modeste-Jazz-768x871.jpg 768w, https:\/\/www.foodieandtraveler.com\/wp-content\/uploads\/2022\/04\/Activil-Modeste-Jazz-696x790.jpg 696w, https:\/\/www.foodieandtraveler.com\/wp-content\/uploads\/2022\/04\/Activil-Modeste-Jazz-370x420.jpg 370w\" sizes=\"(max-width: 789px) 100vw, 789px\" \/><\/figure><\/li><\/ul><\/figure>\n","protected":false},"excerpt":{"rendered":"<p>El polo tur\u00edstico de Las Terrenas contar\u00e1 durante Semana Santa 2022, con la realizaci\u00f3n de una nueva versi\u00f3n de Las Terrenas&nbsp;Jazz&nbsp;Festival, actividad que ser\u00e1 celebrada los d\u00edas 14, 16 y 17 de abril en las locaciones de Beluga Beach Club de Playa Bonita. As\u00ed lo anunci\u00f3 Activil Wellove Modeste, productor del evento quien destac\u00f3 las [&hellip;]<\/p>\n","protected":false},"author":9,"featured_media":7810,"comment_status":"open","ping_status":"closed","sticky":false,"template":"","format":"standard","meta":{"footnotes":""},"categories":[2894,3241],"tags":[3498,2032,1173,822],"class_list":["post-7808","post","type-post","status-publish","format-standard","has-post-thumbnail","hentry","category-apoyo-local","category-arte-cultura","tag-activil-modeste","tag-jazz","tag-las-terrenas","tag-semana-santa"],"_links":{"self":[{"href":"https:\/\/www.foodieandtraveler.com\/index.php\/wp-json\/wp\/v2\/posts\/7808","targetHints":{"allow":["GET"]}}],"collection":[{"href":"https:\/\/www.foodieandtraveler.com\/index.php\/wp-json\/wp\/v2\/posts"}],"about":[{"href":"https:\/\/www.foodieandtraveler.com\/index.php\/wp-json\/wp\/v2\/types\/post"}],"author":[{"embeddable":true,"href":"https:\/\/www.foodieandtraveler.com\/index.php\/wp-json\/wp\/v2\/users\/9"}],"replies":[{"embeddable":true,"href":"https:\/\/www.foodieandtraveler.com\/index.php\/wp-json\/wp\/v2\/comments?post=7808"}],"version-history":[{"count":0,"href":"https:\/\/www.foodieandtraveler.com\/index.php\/wp-json\/wp\/v2\/posts\/7808\/revisions"}],"wp:featuredmedia":[{"embeddable":true,"href":"https:\/\/www.foodieandtraveler.com\/index.php\/wp-json\/wp\/v2\/media\/7810"}],"wp:attachment":[{"href":"https:\/\/www.foodieandtraveler.com\/index.php\/wp-json\/wp\/v2\/media?parent=7808"}],"wp:term":[{"taxonomy":"category","embeddable":true,"href":"https:\/\/www.foodieandtraveler.com\/index.php\/wp-json\/wp\/v2\/categories?post=7808"},{"taxonomy":"post_tag","embeddable":true,"href":"https:\/\/www.foodieandtraveler.com\/index.php\/wp-json\/wp\/v2\/tags?post=7808"}],"curies":[{"name":"wp","href":"https:\/\/api.w.org\/{rel}","templated":true}]}}