{"id":7771,"date":"2022-02-13T12:44:10","date_gmt":"2022-02-13T16:44:10","guid":{"rendered":"https:\/\/www.foodieandtraveler.com\/?p=7771"},"modified":"2022-02-13T12:44:15","modified_gmt":"2022-02-13T16:44:15","slug":"charlenne-cajigas-trabajara-produccion-en-rd-con-maestro-armando-olivero","status":"publish","type":"post","link":"https:\/\/www.foodieandtraveler.com\/index.php\/charlenne-cajigas-trabajara-produccion-en-rd-con-maestro-armando-olivero\/","title":{"rendered":"Charlenne Cajigas trabajar\u00e1 producci\u00f3n en RD con maestro Armando Olivero"},"content":{"rendered":"\n<p>La destacada cantante puertorrique\u00f1a Charlenne Gajigas, llega a Rep\u00fablica Dominicana para concluir su producci\u00f3n musical de la mano del reconocido y exitoso productor y pianista dominicano Armando Olivero, incluyendo en la misma temas de su autor\u00eda a ritmo de merengue, balada, bachata, salsa, entre otros de tendencia urbana.<\/p>\n\n\n\n<p>El maestro Olivero adelant\u00f3 que en estos momentos&nbsp;da los toques finales al corte musical titulado \u201cVolver hacia atr\u00e1s\u201d, a ritmo de bachata, del compositor&nbsp;Eno Manuel de Jes\u00fas, y el que dice se perfila como un hit musical.<\/p>\n\n\n\n<p>&nbsp;La joven int\u00e9rprete inici\u00f3 su carrera en el programa&nbsp;<strong>IDA&nbsp;<\/strong>(<strong>Inspire &amp; Develop Artist<\/strong>) transmitido en Miami Florida; y teniendo como grandes mentores, entre otros a Rudy Perez, Jon Secada, Mark Hudson y David Frangioni.<\/p>\n\n\n\n<p>Gracias a esta experiencia grab\u00f3 su primer sencillo titulado \u201c<em>Tu te lo Buscaste\u201d,&nbsp;<\/em>autor\u00eda de Rudy P\u00e9rez y Omar S\u00e1nchez, trabajo discogr\u00e1fico por el que recibi\u00f3 su primer disco platino, reafirmando as\u00ed gran talento y compromiso con la m\u00fasica.<\/p>\n\n\n\n<p>Se ha presentado en el famoso&nbsp;<em>Cubaocho Museum &amp; Performing Arts Center&nbsp;<\/em>en Miami Florida; particip\u00f3 en el concierto ben\u00e9fico de la fundaci\u00f3n<em>&nbsp;Phil Collins<\/em>&nbsp;en el&nbsp;<em>Theatre of Miami Beach&nbsp;<\/em>como corista de Alejandra Guzman y Laura Pausini, entre otros artistas; en el 2019 inicia un proyecto musical con Edna Torres, quien se convierte en su compositora y representante. Grab\u00f3 varios de sus temas, entre ellos&nbsp;<em>\u201cVuelvo a ser yo\u201d&nbsp;<\/em>, para el cual hizo un video musical. Fue artista invitada en el Festival Internacional de la Canci\u00f3n en Punta del Este en Uruguay, donde tuvo una destacada participaci\u00f3n representando a Puerto Rico y m\u00e1s luego en marzo 2020 lanza el tema&nbsp;<em>\u201c Ser\u00e9 la Mala\u201d<\/em>&nbsp;con un estilo Balada-Pop.&nbsp;Hoy est\u00e1 promoviendo su m\u00e1s reciente tema titulado \u201cSe que mientes\u201d del compositor Julio A. Gonz\u00e1lez.<em><\/em><\/p>\n\n\n\n<p>El maestro Armando Olivero es orquestador, pianista y director de parte de la banda sonora de la pel\u00edcula&nbsp;<strong>&#8220;The Specialist&#8221;<\/strong>&nbsp;protagonizada por Sylvester&nbsp; Stallone y Sharon Stone en los estudios de Emilio Stephan en Miami. Ha actuado&nbsp; en prestigiosos escenarios de diversos pa\u00edses como: Jap\u00f3n, Chile, Cuba, China(Taiwan), Colombia, Costa Rica, Venezuela, EE.UU. Estocolmo (Suecia), Espa\u00f1a,&nbsp; Saint Martin, Curazao, Puerto Rico, etc. Sus trabajos&nbsp; han sido reconocidos por la Asociaci\u00f3n de Cronistas de Arte(ACROARTE); siendo nominado en numerosas ocasiones como orquestador o arreglista, ganando la estatuilla en los a\u00f1os 1998-1999 y 1999-2000.<\/p>\n\n\n\n<p>Ha laborado como productor, director musical y como artista invitado de conciertos, espect\u00e1culos y grabaciones para famosos artistas internacionales: Danny Rivera, Sophy de Puerto Rico, Juan Lu\u00eds Guerra, Jos\u00e9 Alberto (El Canario), Jhonny Ventura, Fernando Villalona, Jhonny Pacheco, Santiago Cer\u00f3n, El Pi Conde Rodr\u00edguez, Ray Reyes, Gilberto Santa Rosa, entre otros.<\/p>\n\n\n\n<p>Fundador, director y productor musical de la orquesta \u201c<strong>A &amp; C La Banda\u201d&nbsp;<\/strong>de Tampa, reconocida como la mejor orquesta de esa ciudad del sur de la florida, adem\u00e1s de ser nominada como orquesta revelaci\u00f3n del a\u00f1o en el prestigioso&nbsp;<strong>\u201cPREMIO LO NUESTRO 2012\u201d<\/strong>&nbsp;que se celebra en Miami, FL. USA, con la producci\u00f3n musical&nbsp;<strong>\u201cEn Blanco y Negro\u201d, t\u00edtulo de una de las canciones que la confirman, original del maestro Olivero.<\/strong><\/p>\n","protected":false},"excerpt":{"rendered":"<p>La destacada cantante puertorrique\u00f1a Charlenne Gajigas, llega a Rep\u00fablica Dominicana para concluir su producci\u00f3n musical de la mano del reconocido y exitoso productor y pianista dominicano Armando Olivero, incluyendo en la misma temas de su autor\u00eda a ritmo de merengue, balada, bachata, salsa, entre otros de tendencia urbana. El maestro Olivero adelant\u00f3 que en estos [&hellip;]<\/p>\n","protected":false},"author":9,"featured_media":7773,"comment_status":"open","ping_status":"closed","sticky":false,"template":"","format":"standard","meta":{"footnotes":""},"categories":[3241],"tags":[3493,3492],"class_list":["post-7771","post","type-post","status-publish","format-standard","has-post-thumbnail","hentry","category-arte-cultura","tag-armando-olivero","tag-charlenne-cajigas"],"_links":{"self":[{"href":"https:\/\/www.foodieandtraveler.com\/index.php\/wp-json\/wp\/v2\/posts\/7771","targetHints":{"allow":["GET"]}}],"collection":[{"href":"https:\/\/www.foodieandtraveler.com\/index.php\/wp-json\/wp\/v2\/posts"}],"about":[{"href":"https:\/\/www.foodieandtraveler.com\/index.php\/wp-json\/wp\/v2\/types\/post"}],"author":[{"embeddable":true,"href":"https:\/\/www.foodieandtraveler.com\/index.php\/wp-json\/wp\/v2\/users\/9"}],"replies":[{"embeddable":true,"href":"https:\/\/www.foodieandtraveler.com\/index.php\/wp-json\/wp\/v2\/comments?post=7771"}],"version-history":[{"count":0,"href":"https:\/\/www.foodieandtraveler.com\/index.php\/wp-json\/wp\/v2\/posts\/7771\/revisions"}],"wp:featuredmedia":[{"embeddable":true,"href":"https:\/\/www.foodieandtraveler.com\/index.php\/wp-json\/wp\/v2\/media\/7773"}],"wp:attachment":[{"href":"https:\/\/www.foodieandtraveler.com\/index.php\/wp-json\/wp\/v2\/media?parent=7771"}],"wp:term":[{"taxonomy":"category","embeddable":true,"href":"https:\/\/www.foodieandtraveler.com\/index.php\/wp-json\/wp\/v2\/categories?post=7771"},{"taxonomy":"post_tag","embeddable":true,"href":"https:\/\/www.foodieandtraveler.com\/index.php\/wp-json\/wp\/v2\/tags?post=7771"}],"curies":[{"name":"wp","href":"https:\/\/api.w.org\/{rel}","templated":true}]}}