{"id":7768,"date":"2022-02-13T12:28:24","date_gmt":"2022-02-13T16:28:24","guid":{"rendered":"https:\/\/www.foodieandtraveler.com\/?p=7768"},"modified":"2022-02-13T12:28:31","modified_gmt":"2022-02-13T16:28:31","slug":"melia-hotels-international-designa-a-francisco-camps-orfila-como-managing-director-republica-dominicana","status":"publish","type":"post","link":"https:\/\/www.foodieandtraveler.com\/index.php\/melia-hotels-international-designa-a-francisco-camps-orfila-como-managing-director-republica-dominicana\/","title":{"rendered":"Meli\u00e1 Hotels International designa a Francisco Camps Orfila como Managing Director Rep\u00fablica Dominicana"},"content":{"rendered":"\n<p>Meli\u00e1 Hotels International se complace en anunciar el nombramiento de Francisco Camps Orfila, como nuevo Managing Director Rep\u00fablica Dominicana, quien, en su nuevo cargo dirigir\u00e1 los resorts de la reconocida cadena en la Rep\u00fablica Dominicana como son Paradisus Grand Cana, Paradisus Palma Real, Meli\u00e1 Punta Cana Beach y Meli\u00e1 Caribe Beach, con el objetivo de continuar impulsando la fuerte presencia de Meli\u00e1 Hotels International en la regi\u00f3n del Caribe.<\/p>\n\n\n\n<p>Como parte de su extensa experiencia, Camps&nbsp;Orfila&nbsp;ha desarrollado una exitosa etapa de m\u00e1s de tres d\u00e9cadas en Cuba, ocupando diferentes posiciones de responsabilidad en la operaci\u00f3n de los hoteles de la isla. Se incorpor\u00f3 a la empresa en 1987 y trabaj\u00f3 en varios hoteles de Menorca \u2013 Espa\u00f1a. Adem\u00e1s, form\u00f3 parte del equipo de \u201cTake Over\u201d, durante el proceso de expansi\u00f3n de la compa\u00f1\u00eda en la Pen\u00ednsula Ib\u00e9rica.<\/p>\n\n\n\n<p>Camps Orfila&nbsp;se incorpor\u00f3 al equipo de la Divisi\u00f3n Cuba para realizar tareas de formaci\u00f3n en el \u00e1rea de alojamiento en 1990 y un lustro despu\u00e9s fue nombrado Director de Desarrollo, participando en el dise\u00f1o de producto, formaci\u00f3n de personal y apertura de todos los hoteles que la compa\u00f1\u00eda administra en la Isla. Desde 2001 ocup\u00f3 la posici\u00f3n de Director de Operaciones hasta ser nombrado en 2011, \u00c1rea Managing Director de Cuba, cargo que ocup\u00f3 hasta el reci\u00e9n nombramiento.<\/p>\n\n\n\n<p>Los 31 a\u00f1os en la isla y su recorrido profesional le han permitido adquirir una vasta experiencia en el sector del turismo en Cuba, que contribuir\u00e1n grandemente a seguir impulsando el liderazgo y expansi\u00f3n de la cadena Meli\u00e1 en la Rep\u00fablica Dominicana<\/p>\n","protected":false},"excerpt":{"rendered":"<p>Meli\u00e1 Hotels International se complace en anunciar el nombramiento de Francisco Camps Orfila, como nuevo Managing Director Rep\u00fablica Dominicana, quien, en su nuevo cargo dirigir\u00e1 los resorts de la reconocida cadena en la Rep\u00fablica Dominicana como son Paradisus Grand Cana, Paradisus Palma Real, Meli\u00e1 Punta Cana Beach y Meli\u00e1 Caribe Beach, con el objetivo de [&hellip;]<\/p>\n","protected":false},"author":9,"featured_media":7769,"comment_status":"open","ping_status":"closed","sticky":false,"template":"","format":"standard","meta":{"footnotes":""},"categories":[121],"tags":[3491,2221],"class_list":["post-7768","post","type-post","status-publish","format-standard","has-post-thumbnail","hentry","category-hoteles","tag-francisco-camps-orfila","tag-melia-hotels"],"_links":{"self":[{"href":"https:\/\/www.foodieandtraveler.com\/index.php\/wp-json\/wp\/v2\/posts\/7768","targetHints":{"allow":["GET"]}}],"collection":[{"href":"https:\/\/www.foodieandtraveler.com\/index.php\/wp-json\/wp\/v2\/posts"}],"about":[{"href":"https:\/\/www.foodieandtraveler.com\/index.php\/wp-json\/wp\/v2\/types\/post"}],"author":[{"embeddable":true,"href":"https:\/\/www.foodieandtraveler.com\/index.php\/wp-json\/wp\/v2\/users\/9"}],"replies":[{"embeddable":true,"href":"https:\/\/www.foodieandtraveler.com\/index.php\/wp-json\/wp\/v2\/comments?post=7768"}],"version-history":[{"count":0,"href":"https:\/\/www.foodieandtraveler.com\/index.php\/wp-json\/wp\/v2\/posts\/7768\/revisions"}],"wp:featuredmedia":[{"embeddable":true,"href":"https:\/\/www.foodieandtraveler.com\/index.php\/wp-json\/wp\/v2\/media\/7769"}],"wp:attachment":[{"href":"https:\/\/www.foodieandtraveler.com\/index.php\/wp-json\/wp\/v2\/media?parent=7768"}],"wp:term":[{"taxonomy":"category","embeddable":true,"href":"https:\/\/www.foodieandtraveler.com\/index.php\/wp-json\/wp\/v2\/categories?post=7768"},{"taxonomy":"post_tag","embeddable":true,"href":"https:\/\/www.foodieandtraveler.com\/index.php\/wp-json\/wp\/v2\/tags?post=7768"}],"curies":[{"name":"wp","href":"https:\/\/api.w.org\/{rel}","templated":true}]}}