{"id":7700,"date":"2021-11-28T09:47:43","date_gmt":"2021-11-28T13:47:43","guid":{"rendered":"https:\/\/www.foodieandtraveler.com\/?p=7700"},"modified":"2021-11-28T09:47:46","modified_gmt":"2021-11-28T13:47:46","slug":"nespresso-y-johanna-ortiz-capturan-la-esencia-del-bosque-para-esta-temporada-decembrina","status":"publish","type":"post","link":"https:\/\/www.foodieandtraveler.com\/index.php\/nespresso-y-johanna-ortiz-capturan-la-esencia-del-bosque-para-esta-temporada-decembrina\/","title":{"rendered":"Nespresso y Johanna Ortiz capturan la esencia del bosque para esta temporada decembrina"},"content":{"rendered":"\n<h3 class=\"wp-block-heading\"><strong><span class=\"has-inline-color has-vivid-red-color\"><em>Para esta Navidad la marca de caf\u00e9 <\/em><\/span><\/strong><a href=\"https:\/\/nespresso.com.do\/\"><span class=\"has-inline-color has-vivid-red-color\"><strong><em>Nespresso<\/em><\/strong><\/span><\/a><strong><span class=\"has-inline-color has-vivid-red-color\"><em>\u00a0 nos regala una muestra de su devoci\u00f3n por la naturaleza, con el lanzamiento de la colecci\u00f3n de edici\u00f3n limitada Gifts of the Forest, <\/em>creado<em> esta vez con la colaboraci\u00f3n de la dise\u00f1adora Colombiana Johanna Ortiz<\/em><\/span><\/strong><\/h3>\n\n\n\n<p>Esta temporada navide\u00f1a,<a href=\"https:\/\/nespresso.com.do\/\"> <\/a><a href=\"https:\/\/nespresso.com.do\/\"><strong><em>Nespresso<\/em><\/strong><\/a><em> <\/em>realiz\u00f3 una colaboraci\u00f3n con la dise\u00f1adora de moda colombiana Johanna Ortiz, para deleitar a los amantes del caf\u00e9 con el lanzamiento de su colecci\u00f3n anual Festive, inspirada este a\u00f1o en el bosque.<\/p>\n\n\n\n<p>Recreando la belleza y profundidad de los bosques de la naturaleza, la colecci\u00f3n &#8216;Gifts of the Forest&#8217; de<a href=\"https:\/\/nespresso.com.do\/\"> <\/a><a href=\"https:\/\/nespresso.com.do\/\"><strong><em>Nespresso<\/em><\/strong><\/a>, resume la devoci\u00f3n de la marca por el precioso entorno en el que se cultiva el caf\u00e9. La colecci\u00f3n incluye una gama de caf\u00e9s de edici\u00f3n limitada, junto con accesorios festivos, lo que hace que sean regalos deliciosos e inspiradores para familiares y amigos. Los amantes del caf\u00e9 tambi\u00e9n pueden regalar esta temporada festiva sabiendo que <a href=\"https:\/\/nespresso.com.do\/\">&nbsp;<\/a><a href=\"https:\/\/nespresso.com.do\/\"><strong><em>Nespresso<\/em><\/strong><\/a><em> <\/em>&nbsp;est\u00e1 retribuyendo al bosque, ya que la marca va m\u00e1s all\u00e1 de sus compromisos agroforestales, al ayudar a proteger 10 millones de \u00e1rboles en el Amazonas.<\/p>\n\n\n\n<p>Para dar vida al dise\u00f1o de su colecci\u00f3n de edici\u00f3n limitada,&nbsp; se han asociado con la dise\u00f1adora de moda de lujo colombiana Johanna Ortiz, cuyos dise\u00f1os innovadores y la interacci\u00f3n entre la naturaleza y la sostenibilidad realmente transportan a los aficionados al caf\u00e9 al universo festivo de <a href=\"https:\/\/nespresso.com.do\/\">&nbsp;<\/a><a href=\"https:\/\/nespresso.com.do\/\"><strong><em>Nespresso<\/em><\/strong><\/a>.<\/p>\n\n\n\n<p>Johanna Ortiz dice \u201cPara m\u00ed, el dise\u00f1o y la naturaleza van de la mano y por eso esta colaboraci\u00f3n reson\u00f3 personalmente. El caf\u00e9 colombiano tambi\u00e9n tiene un lugar realmente especial en mi coraz\u00f3n y como partidario activo en la lucha contra el cambio clim\u00e1tico, sabiendo que<a href=\"https:\/\/nespresso.com.do\/\"> <\/a><a href=\"https:\/\/nespresso.com.do\/\"><strong><em>Nespresso<\/em><\/strong><\/a> va m\u00e1s all\u00e1 de sus compromisos agroforestales al apoyar la protecci\u00f3n de 10 millones de \u00e1rboles en la Amazon\u00eda, fue otra gran raz\u00f3n por la cual esta colaboraci\u00f3n ten\u00eda mucho sentido. Al dise\u00f1ar la colecci\u00f3n, tom\u00e9 la idea de capturar la belleza del bosque en cada pieza, incorporando ricas copas de los bosques y tonos tierra oscuros dentro de mis dise\u00f1os. Ha sido un proceso y una asociaci\u00f3n asombrosos que he disfrutado profundamente &#8220;.<\/p>\n\n\n\n<p>Explore y pasee por los caf\u00e9s <strong>\u201c<em>Forest Variations\u201d<\/em><\/strong> de <a href=\"https:\/\/nespresso.com.do\/\"><strong><em>Nespresso<\/em><\/strong><\/a><em> <u><\/u><\/em><\/p>\n\n\n\n<p>Desde frutas del bosque hasta delicadas notas de \u00e1rboles, la gama de caf\u00e9s <em>Festive<\/em> de este a\u00f1o incluye dos caf\u00e9s aromatizados y un caf\u00e9 negro.<\/p>\n\n\n\n<p><strong>Descubre los sabores ocultos de Forest Black<\/strong><\/p>\n\n\n\n<p>Un dosel de \u00e1rboles protege los caf\u00e9s de Forest Black para proteger el sabor oculto en cada grano. Descubra esta mezcla de caf\u00e9s cultivados a la sombra de Colombia y m\u00e1s all\u00e1. Un espresso especiado, sus ex\u00f3ticas notas amaderadas transportar\u00e1n el paladar a las profundidades del bosque.<\/p>\n\n\n\n<p><strong>Conoce las bayas del bosque con sabor a frutas del bosque con Forest Fruit Flavour<\/strong><\/p>\n\n\n\n<p>Como gemas que iluminan el suelo del bosque, los frutos del bosque son los regalos que nos dan los \u00e1rboles. Los jugosos aromas de bayas recorren el espresso aromatizado de esta temporada a medida que el persistente car\u00e1cter de cereales de los ar\u00e1bicas sudamericanos adquiere una nota festiva de pasteler\u00eda dulce.<\/p>\n\n\n\n<p><strong>Del\u00e9itate con los tesoros de los \u00e1rboles con Forest Almond Flavour<\/strong><\/p>\n\n\n\n<p>Forest Almond Flavor es el deleite de la temporada para el recolector. Con el dulce sabor a nuez de los ar\u00e1bicas sudamericanos de este espresso, prep\u00e1rate para descubrir notas de almendra marcadas por vainilla y un ligero afrutado en el suave car\u00e1cter a cereal de este caf\u00e9.<\/p>\n\n\n\n<p>Da un giro a la colecci\u00f3n Gifts of the Forest con c\u00f3cteles exclusivos con infusi\u00f3n de Nespresso<\/p>\n\n\n\n<p>Los amantes de<a href=\"https:\/\/nespresso.com.do\/\"> <\/a><a href=\"https:\/\/nespresso.com.do\/\"><strong><em>Nespresso<\/em><\/strong><\/a> pueden sorprender y deleitar a los hu\u00e9spedes con deliciosas recetas de c\u00f3cteles de caf\u00e9 Gifts of the Forest, especialmente dise\u00f1adas para mejorar la experiencia sensorial. Cada receta con infusi\u00f3n de caf\u00e9 ha sido seleccionada por <a href=\"https:\/\/nespresso.com.do\/\"><strong><em>Nespresso<\/em><\/strong><\/a> con la colecci\u00f3n Gifts of the Forest en mente, aportando un sabor de naturaleza y sofisticaci\u00f3n a cada vaso. Para inspirarse en c\u00f3cteles de caf\u00e9, visite<a href=\"https:\/\/www.nespresso.com\/recipes\/int\/en\/recipes.html\"> <\/a><a href=\"https:\/\/www.nespresso.com\/recipes\/int\/en\/recipes.html\"><strong><em>www.nespresso.com\/recipes<\/em><\/strong><\/a><a href=\"https:\/\/www.nespresso.com\/recipes\/int\/en\/recipes.html\"><em>.<\/em><\/a><em><u><\/u><\/em><\/p>\n\n\n\n<p><a href=\"https:\/\/nespresso.com.do\/\"><strong><em>Nespresso<\/em><\/strong><\/a> tambi\u00e9n se enorgullece de asociarse con Conservation International para regalar al bosque esta temporada festiva. Durante casi 20 a\u00f1os, <a href=\"https:\/\/nespresso.com.do\/\"><strong><em>Nespresso<\/em><\/strong><\/a><em> <\/em>&nbsp;se ha centrado en proteger la naturaleza a trav\u00e9s de proyectos agroforestales para proteger los ecosistemas de los que dependen sus fincas cafetaleras. Para llevar esto m\u00e1s all\u00e1 del cultivo de caf\u00e9 y apoyar a las comunidades locales que llaman hogar al bosque, <a href=\"https:\/\/nespresso.com.do\/\"><strong><em>Nespresso<\/em><\/strong><\/a> tambi\u00e9n est\u00e1 anunciando su contribuci\u00f3n a la protecci\u00f3n de 10 millones de \u00e1rboles en la selva amaz\u00f3nica en La Pedrera, Colombia. El esfuerzo es en colaboraci\u00f3n con Conservation International y la comunidad Madro\u00f1o de La Pedrera. La conservaci\u00f3n de los bosques juega un papel muy importante en la visi\u00f3n de sostenibilidad de <a href=\"https:\/\/nespresso.com.do\/\"><strong><em>Nespresso<\/em><\/strong><\/a>, que es crear una taza de caf\u00e9 que tenga un impacto positivo en el mundo, desde la cereza del caf\u00e9 hasta la taza.<\/p>\n\n\n\n<p>La colecci\u00f3n de edici\u00f3n limitada Gifts of the Forest estar\u00e1 disponible en Santo Domingo,&nbsp; boutique de Blue Mall, primer nivel, punto de venta Metro Plaza, tienda Aliss y bajo otros canales de apertura en Hoteles y Resorts en Punta Cana.<\/p>\n\n\n\n<p>Toda la gama de productos<a href=\"https:\/\/nespresso.com.do\/maquinas\/?gclid=Cj0KCQjw9O6HBhCrARIsADx5qCRI2jAx-HeH4-vGwae5IcQnrdViNGwLAsEe5uEZJNKin1ltAcFA5poaAqGlEALw_wcB\"> <\/a><a href=\"https:\/\/nespresso.com.do\/\"><strong><em>Nespresso<\/em><\/strong><\/a> pueden adquirirlos directamente en la p\u00e1gina web<a href=\"https:\/\/nespresso.com.do\/\"> <\/a><a href=\"https:\/\/nespresso.com.do\/\"><em>https:\/\/nespresso.com.do\/<\/em><\/a>, seguirnos en redes sociales como <em>&nbsp;<\/em><a href=\"https:\/\/www.instagram.com\/nespresso.rd\/\"><em>@nespresso.rd<\/em><\/a><em>&nbsp; <\/em>para conocer de todas las novedades y promociones.<\/p>\n\n\n\n<figure class=\"wp-block-gallery columns-3 is-cropped wp-block-gallery-1 is-layout-flex wp-block-gallery-is-layout-flex\"><ul class=\"blocks-gallery-grid\"><li class=\"blocks-gallery-item\"><figure><img fetchpriority=\"high\" decoding=\"async\" width=\"1024\" height=\"731\" src=\"https:\/\/www.foodieandtraveler.com\/wp-content\/uploads\/2021\/11\/55852c9d-ff3a-4381-925a-efd59b5e6a5c_metro.style-nespresso-forest-black-sleeve--1024x731.jpg\" alt=\"\" data-id=\"7711\" data-full-url=\"https:\/\/www.foodieandtraveler.com\/wp-content\/uploads\/2021\/11\/55852c9d-ff3a-4381-925a-efd59b5e6a5c_metro.style-nespresso-forest-black-sleeve-.jpg\" data-link=\"https:\/\/www.foodieandtraveler.com\/?attachment_id=7711\" class=\"wp-image-7711\" srcset=\"https:\/\/www.foodieandtraveler.com\/wp-content\/uploads\/2021\/11\/55852c9d-ff3a-4381-925a-efd59b5e6a5c_metro.style-nespresso-forest-black-sleeve--1024x731.jpg 1024w, https:\/\/www.foodieandtraveler.com\/wp-content\/uploads\/2021\/11\/55852c9d-ff3a-4381-925a-efd59b5e6a5c_metro.style-nespresso-forest-black-sleeve--300x214.jpg 300w, https:\/\/www.foodieandtraveler.com\/wp-content\/uploads\/2021\/11\/55852c9d-ff3a-4381-925a-efd59b5e6a5c_metro.style-nespresso-forest-black-sleeve--768x548.jpg 768w, https:\/\/www.foodieandtraveler.com\/wp-content\/uploads\/2021\/11\/55852c9d-ff3a-4381-925a-efd59b5e6a5c_metro.style-nespresso-forest-black-sleeve--100x70.jpg 100w, https:\/\/www.foodieandtraveler.com\/wp-content\/uploads\/2021\/11\/55852c9d-ff3a-4381-925a-efd59b5e6a5c_metro.style-nespresso-forest-black-sleeve--696x497.jpg 696w, https:\/\/www.foodieandtraveler.com\/wp-content\/uploads\/2021\/11\/55852c9d-ff3a-4381-925a-efd59b5e6a5c_metro.style-nespresso-forest-black-sleeve--1068x763.jpg 1068w, https:\/\/www.foodieandtraveler.com\/wp-content\/uploads\/2021\/11\/55852c9d-ff3a-4381-925a-efd59b5e6a5c_metro.style-nespresso-forest-black-sleeve--588x420.jpg 588w, https:\/\/www.foodieandtraveler.com\/wp-content\/uploads\/2021\/11\/55852c9d-ff3a-4381-925a-efd59b5e6a5c_metro.style-nespresso-forest-black-sleeve-.jpg 1200w\" sizes=\"(max-width: 1024px) 100vw, 1024px\" \/><\/figure><\/li><li class=\"blocks-gallery-item\"><figure><img decoding=\"async\" width=\"1024\" height=\"731\" src=\"https:\/\/www.foodieandtraveler.com\/wp-content\/uploads\/2021\/11\/fe28445d-21a6-45ae-9705-f1763898484e_metro.style-nespresso-forest-almond-sleeve-1024x731.jpg\" alt=\"\" data-id=\"7710\" data-full-url=\"https:\/\/www.foodieandtraveler.com\/wp-content\/uploads\/2021\/11\/fe28445d-21a6-45ae-9705-f1763898484e_metro.style-nespresso-forest-almond-sleeve.jpg\" data-link=\"https:\/\/www.foodieandtraveler.com\/?attachment_id=7710\" class=\"wp-image-7710\" srcset=\"https:\/\/www.foodieandtraveler.com\/wp-content\/uploads\/2021\/11\/fe28445d-21a6-45ae-9705-f1763898484e_metro.style-nespresso-forest-almond-sleeve-1024x731.jpg 1024w, https:\/\/www.foodieandtraveler.com\/wp-content\/uploads\/2021\/11\/fe28445d-21a6-45ae-9705-f1763898484e_metro.style-nespresso-forest-almond-sleeve-300x214.jpg 300w, https:\/\/www.foodieandtraveler.com\/wp-content\/uploads\/2021\/11\/fe28445d-21a6-45ae-9705-f1763898484e_metro.style-nespresso-forest-almond-sleeve-768x548.jpg 768w, https:\/\/www.foodieandtraveler.com\/wp-content\/uploads\/2021\/11\/fe28445d-21a6-45ae-9705-f1763898484e_metro.style-nespresso-forest-almond-sleeve-100x70.jpg 100w, https:\/\/www.foodieandtraveler.com\/wp-content\/uploads\/2021\/11\/fe28445d-21a6-45ae-9705-f1763898484e_metro.style-nespresso-forest-almond-sleeve-696x497.jpg 696w, https:\/\/www.foodieandtraveler.com\/wp-content\/uploads\/2021\/11\/fe28445d-21a6-45ae-9705-f1763898484e_metro.style-nespresso-forest-almond-sleeve-1068x763.jpg 1068w, https:\/\/www.foodieandtraveler.com\/wp-content\/uploads\/2021\/11\/fe28445d-21a6-45ae-9705-f1763898484e_metro.style-nespresso-forest-almond-sleeve-588x420.jpg 588w, https:\/\/www.foodieandtraveler.com\/wp-content\/uploads\/2021\/11\/fe28445d-21a6-45ae-9705-f1763898484e_metro.style-nespresso-forest-almond-sleeve.jpg 1200w\" sizes=\"(max-width: 1024px) 100vw, 1024px\" \/><\/figure><\/li><li class=\"blocks-gallery-item\"><figure><img decoding=\"async\" width=\"1024\" height=\"1024\" src=\"https:\/\/www.foodieandtraveler.com\/wp-content\/uploads\/2021\/11\/Festive-OL-3pk-Standard-Product-Media-2000x2000-1-1024x1024.jpg\" alt=\"\" data-id=\"7709\" data-full-url=\"https:\/\/www.foodieandtraveler.com\/wp-content\/uploads\/2021\/11\/Festive-OL-3pk-Standard-Product-Media-2000x2000-1.jpg\" data-link=\"https:\/\/www.foodieandtraveler.com\/?attachment_id=7709\" class=\"wp-image-7709\" srcset=\"https:\/\/www.foodieandtraveler.com\/wp-content\/uploads\/2021\/11\/Festive-OL-3pk-Standard-Product-Media-2000x2000-1-1024x1024.jpg 1024w, https:\/\/www.foodieandtraveler.com\/wp-content\/uploads\/2021\/11\/Festive-OL-3pk-Standard-Product-Media-2000x2000-1-300x300.jpg 300w, https:\/\/www.foodieandtraveler.com\/wp-content\/uploads\/2021\/11\/Festive-OL-3pk-Standard-Product-Media-2000x2000-1-150x150.jpg 150w, https:\/\/www.foodieandtraveler.com\/wp-content\/uploads\/2021\/11\/Festive-OL-3pk-Standard-Product-Media-2000x2000-1-768x768.jpg 768w, https:\/\/www.foodieandtraveler.com\/wp-content\/uploads\/2021\/11\/Festive-OL-3pk-Standard-Product-Media-2000x2000-1-696x696.jpg 696w, https:\/\/www.foodieandtraveler.com\/wp-content\/uploads\/2021\/11\/Festive-OL-3pk-Standard-Product-Media-2000x2000-1-1068x1068.jpg 1068w, https:\/\/www.foodieandtraveler.com\/wp-content\/uploads\/2021\/11\/Festive-OL-3pk-Standard-Product-Media-2000x2000-1-420x420.jpg 420w, https:\/\/www.foodieandtraveler.com\/wp-content\/uploads\/2021\/11\/Festive-OL-3pk-Standard-Product-Media-2000x2000-1.jpg 1200w\" sizes=\"(max-width: 1024px) 100vw, 1024px\" \/><\/figure><\/li><li class=\"blocks-gallery-item\"><figure><img loading=\"lazy\" decoding=\"async\" width=\"600\" height=\"377\" src=\"https:\/\/www.foodieandtraveler.com\/wp-content\/uploads\/2021\/11\/Nespresso_Johanna_Ortiz_22-600x377-1.jpg\" alt=\"\" data-id=\"7707\" data-full-url=\"https:\/\/www.foodieandtraveler.com\/wp-content\/uploads\/2021\/11\/Nespresso_Johanna_Ortiz_22-600x377-1.jpg\" data-link=\"https:\/\/www.foodieandtraveler.com\/?attachment_id=7707\" class=\"wp-image-7707\" srcset=\"https:\/\/www.foodieandtraveler.com\/wp-content\/uploads\/2021\/11\/Nespresso_Johanna_Ortiz_22-600x377-1.jpg 600w, https:\/\/www.foodieandtraveler.com\/wp-content\/uploads\/2021\/11\/Nespresso_Johanna_Ortiz_22-600x377-1-300x189.jpg 300w\" sizes=\"(max-width: 600px) 100vw, 600px\" \/><\/figure><\/li><li class=\"blocks-gallery-item\"><figure><img loading=\"lazy\" decoding=\"async\" width=\"1024\" height=\"702\" src=\"https:\/\/www.foodieandtraveler.com\/wp-content\/uploads\/2021\/11\/Nespresso-Festive-Gifts-of-the-Forest-Johanna-Ortiz-scaled-1-1024x702.jpg\" alt=\"\" data-id=\"7706\" data-full-url=\"https:\/\/www.foodieandtraveler.com\/wp-content\/uploads\/2021\/11\/Nespresso-Festive-Gifts-of-the-Forest-Johanna-Ortiz-scaled-1.jpg\" data-link=\"https:\/\/www.foodieandtraveler.com\/?attachment_id=7706\" class=\"wp-image-7706\" srcset=\"https:\/\/www.foodieandtraveler.com\/wp-content\/uploads\/2021\/11\/Nespresso-Festive-Gifts-of-the-Forest-Johanna-Ortiz-scaled-1-1024x702.jpg 1024w, https:\/\/www.foodieandtraveler.com\/wp-content\/uploads\/2021\/11\/Nespresso-Festive-Gifts-of-the-Forest-Johanna-Ortiz-scaled-1-300x206.jpg 300w, https:\/\/www.foodieandtraveler.com\/wp-content\/uploads\/2021\/11\/Nespresso-Festive-Gifts-of-the-Forest-Johanna-Ortiz-scaled-1-768x527.jpg 768w, https:\/\/www.foodieandtraveler.com\/wp-content\/uploads\/2021\/11\/Nespresso-Festive-Gifts-of-the-Forest-Johanna-Ortiz-scaled-1-100x70.jpg 100w, https:\/\/www.foodieandtraveler.com\/wp-content\/uploads\/2021\/11\/Nespresso-Festive-Gifts-of-the-Forest-Johanna-Ortiz-scaled-1-218x150.jpg 218w, https:\/\/www.foodieandtraveler.com\/wp-content\/uploads\/2021\/11\/Nespresso-Festive-Gifts-of-the-Forest-Johanna-Ortiz-scaled-1-696x477.jpg 696w, https:\/\/www.foodieandtraveler.com\/wp-content\/uploads\/2021\/11\/Nespresso-Festive-Gifts-of-the-Forest-Johanna-Ortiz-scaled-1-1068x732.jpg 1068w, https:\/\/www.foodieandtraveler.com\/wp-content\/uploads\/2021\/11\/Nespresso-Festive-Gifts-of-the-Forest-Johanna-Ortiz-scaled-1-612x420.jpg 612w, https:\/\/www.foodieandtraveler.com\/wp-content\/uploads\/2021\/11\/Nespresso-Festive-Gifts-of-the-Forest-Johanna-Ortiz-scaled-1.jpg 1200w\" sizes=\"(max-width: 1024px) 100vw, 1024px\" \/><\/figure><\/li><li class=\"blocks-gallery-item\"><figure><img loading=\"lazy\" decoding=\"async\" width=\"1024\" height=\"1024\" src=\"https:\/\/www.foodieandtraveler.com\/wp-content\/uploads\/2021\/11\/C-0821-Responsive-Standard-2000x2000-001-1024x1024.jpg\" alt=\"\" data-id=\"7705\" data-full-url=\"https:\/\/www.foodieandtraveler.com\/wp-content\/uploads\/2021\/11\/C-0821-Responsive-Standard-2000x2000-001.jpg\" data-link=\"https:\/\/www.foodieandtraveler.com\/?attachment_id=7705\" class=\"wp-image-7705\" srcset=\"https:\/\/www.foodieandtraveler.com\/wp-content\/uploads\/2021\/11\/C-0821-Responsive-Standard-2000x2000-001-1024x1024.jpg 1024w, https:\/\/www.foodieandtraveler.com\/wp-content\/uploads\/2021\/11\/C-0821-Responsive-Standard-2000x2000-001-300x300.jpg 300w, https:\/\/www.foodieandtraveler.com\/wp-content\/uploads\/2021\/11\/C-0821-Responsive-Standard-2000x2000-001-150x150.jpg 150w, https:\/\/www.foodieandtraveler.com\/wp-content\/uploads\/2021\/11\/C-0821-Responsive-Standard-2000x2000-001-768x768.jpg 768w, https:\/\/www.foodieandtraveler.com\/wp-content\/uploads\/2021\/11\/C-0821-Responsive-Standard-2000x2000-001-696x696.jpg 696w, https:\/\/www.foodieandtraveler.com\/wp-content\/uploads\/2021\/11\/C-0821-Responsive-Standard-2000x2000-001-1068x1068.jpg 1068w, https:\/\/www.foodieandtraveler.com\/wp-content\/uploads\/2021\/11\/C-0821-Responsive-Standard-2000x2000-001-420x420.jpg 420w, https:\/\/www.foodieandtraveler.com\/wp-content\/uploads\/2021\/11\/C-0821-Responsive-Standard-2000x2000-001.jpg 1200w\" sizes=\"(max-width: 1024px) 100vw, 1024px\" \/><\/figure><\/li><li class=\"blocks-gallery-item\"><figure><img loading=\"lazy\" decoding=\"async\" width=\"599\" height=\"275\" src=\"https:\/\/www.foodieandtraveler.com\/wp-content\/uploads\/2021\/11\/nespresso-forest-fruit-coffee-capsulespods-583822_600x.jpg\" alt=\"\" data-id=\"7704\" data-full-url=\"https:\/\/www.foodieandtraveler.com\/wp-content\/uploads\/2021\/11\/nespresso-forest-fruit-coffee-capsulespods-583822_600x.jpg\" data-link=\"https:\/\/www.foodieandtraveler.com\/?attachment_id=7704\" class=\"wp-image-7704\" srcset=\"https:\/\/www.foodieandtraveler.com\/wp-content\/uploads\/2021\/11\/nespresso-forest-fruit-coffee-capsulespods-583822_600x.jpg 599w, https:\/\/www.foodieandtraveler.com\/wp-content\/uploads\/2021\/11\/nespresso-forest-fruit-coffee-capsulespods-583822_600x-300x138.jpg 300w\" sizes=\"(max-width: 599px) 100vw, 599px\" \/><\/figure><\/li><li class=\"blocks-gallery-item\"><figure><img loading=\"lazy\" decoding=\"async\" width=\"600\" height=\"296\" src=\"https:\/\/www.foodieandtraveler.com\/wp-content\/uploads\/2021\/11\/nespresso-forest-black-coffee-capsulespods-177634_600x.jpg\" alt=\"\" data-id=\"7703\" data-full-url=\"https:\/\/www.foodieandtraveler.com\/wp-content\/uploads\/2021\/11\/nespresso-forest-black-coffee-capsulespods-177634_600x.jpg\" data-link=\"https:\/\/www.foodieandtraveler.com\/?attachment_id=7703\" class=\"wp-image-7703\" srcset=\"https:\/\/www.foodieandtraveler.com\/wp-content\/uploads\/2021\/11\/nespresso-forest-black-coffee-capsulespods-177634_600x.jpg 600w, https:\/\/www.foodieandtraveler.com\/wp-content\/uploads\/2021\/11\/nespresso-forest-black-coffee-capsulespods-177634_600x-300x148.jpg 300w, https:\/\/www.foodieandtraveler.com\/wp-content\/uploads\/2021\/11\/nespresso-forest-black-coffee-capsulespods-177634_600x-324x160.jpg 324w\" sizes=\"(max-width: 600px) 100vw, 600px\" \/><\/figure><\/li><\/ul><figcaption class=\"blocks-gallery-caption\">Nespresso y Johanna Ortiz capturan la esencia del bosque para esta temporada decembrina<\/figcaption><\/figure>\n","protected":false},"excerpt":{"rendered":"<p>Para esta Navidad la marca de caf\u00e9 Nespresso\u00a0 nos regala una muestra de su devoci\u00f3n por la naturaleza, con el lanzamiento de la colecci\u00f3n de edici\u00f3n limitada Gifts of the Forest, creado esta vez con la colaboraci\u00f3n de la dise\u00f1adora Colombiana Johanna Ortiz Esta temporada navide\u00f1a, Nespresso realiz\u00f3 una colaboraci\u00f3n con la dise\u00f1adora de moda [&hellip;]<\/p>\n","protected":false},"author":9,"featured_media":7712,"comment_status":"open","ping_status":"closed","sticky":false,"template":"","format":"standard","meta":{"footnotes":""},"categories":[7,6,10],"tags":[3282,1744,3470,338],"class_list":["post-7700","post","type-post","status-publish","format-standard","has-post-thumbnail","hentry","category-coffelovers","category-solo-para-sibaritas","category-tendencias","tag-johanna-ortiz","tag-nespresso","tag-responsabilidad-social","tag-sostenibilidad"],"_links":{"self":[{"href":"https:\/\/www.foodieandtraveler.com\/index.php\/wp-json\/wp\/v2\/posts\/7700","targetHints":{"allow":["GET"]}}],"collection":[{"href":"https:\/\/www.foodieandtraveler.com\/index.php\/wp-json\/wp\/v2\/posts"}],"about":[{"href":"https:\/\/www.foodieandtraveler.com\/index.php\/wp-json\/wp\/v2\/types\/post"}],"author":[{"embeddable":true,"href":"https:\/\/www.foodieandtraveler.com\/index.php\/wp-json\/wp\/v2\/users\/9"}],"replies":[{"embeddable":true,"href":"https:\/\/www.foodieandtraveler.com\/index.php\/wp-json\/wp\/v2\/comments?post=7700"}],"version-history":[{"count":0,"href":"https:\/\/www.foodieandtraveler.com\/index.php\/wp-json\/wp\/v2\/posts\/7700\/revisions"}],"wp:featuredmedia":[{"embeddable":true,"href":"https:\/\/www.foodieandtraveler.com\/index.php\/wp-json\/wp\/v2\/media\/7712"}],"wp:attachment":[{"href":"https:\/\/www.foodieandtraveler.com\/index.php\/wp-json\/wp\/v2\/media?parent=7700"}],"wp:term":[{"taxonomy":"category","embeddable":true,"href":"https:\/\/www.foodieandtraveler.com\/index.php\/wp-json\/wp\/v2\/categories?post=7700"},{"taxonomy":"post_tag","embeddable":true,"href":"https:\/\/www.foodieandtraveler.com\/index.php\/wp-json\/wp\/v2\/tags?post=7700"}],"curies":[{"name":"wp","href":"https:\/\/api.w.org\/{rel}","templated":true}]}}