{"id":7666,"date":"2021-11-28T08:40:22","date_gmt":"2021-11-28T12:40:22","guid":{"rendered":"https:\/\/www.foodieandtraveler.com\/?p=7666"},"modified":"2021-11-28T08:40:27","modified_gmt":"2021-11-28T12:40:27","slug":"andri-y-asonahores-buscan-aunar-esfuerzos-a-favor-del-turismo","status":"publish","type":"post","link":"https:\/\/www.foodieandtraveler.com\/index.php\/andri-y-asonahores-buscan-aunar-esfuerzos-a-favor-del-turismo\/","title":{"rendered":"ANDRI y Asonahores buscan aunar esfuerzos a favor del turismo"},"content":{"rendered":"\n<p>Con la finalidad de buscar soluciones viables a situaciones comunes en el sector m\u00e1s importante de nuestro pa\u00eds, como lo es el turismo, la Asociaci\u00f3n Nacional de Rent Car Inc. (ANDRI), y la Asociaci\u00f3n Nacional de Hoteles y Turismo (Asonahores) sostuvieron un encuentro de fortalecimiento interinstitucional con miras a formalizar un acuerdo que beneficie el \u00e1rea.&nbsp;<\/p>\n\n\n\n<p>Encabezado por Ney Deschamps y Analie Prieto, Presidente y Vicepresidente de ANDRI, respectivamente as\u00ed como Rafael Blanco Tejera, Andr\u00e9s Marranzini, Alba Marina Russo,&nbsp; Presidente, Vicepresidente Ejecutivo, Directora Legal y de Relaciones Institucionales de Asonahores, respectivamente y&nbsp; Ram\u00f3n Rossell\u00f3, Director Representante de Inverotel en RD, en el encuentro se resalt\u00f3 la sinergia de la nueva directiva de la primera asociaci\u00f3n, la cual ha afianzado su posicionamiento en los distintos sectores en busca de lograr servicios efectivos y seguros en nuestro pa\u00eds.&nbsp;<\/p>\n\n\n\n<p>Asimismo, sirvi\u00f3 de escenario para destacar la relevancia y el impacto de aunar esfuerzos para organizar los sectores informales y dar la mejor imagen a la Rep\u00fablica Dominicana de cara a nuestros visitantes turistas y, especialmente, a la gran incidencia que tiene macroecon\u00f3micamente el ANDRI en todos los niveles.&nbsp;&nbsp;<\/p>\n\n\n\n<p>De igual modo, el ANDRI valor\u00f3 la receptividad de los directivos de Asonahores para buscar una alianza estrat\u00e9gica que fomente la unidad y la imagen fresca y renovada del turismo dominicano como v\u00eda de desarrollo y crecimiento.&nbsp;&nbsp;<\/p>\n\n\n\n<p>Cabe destacar que la gesti\u00f3n actual de ANDRI est\u00e1 realizando una labor en favor de los mejores intereses de los sectores que inciden en el turismo con una visi\u00f3n muy clara y sobre todo muy abiertos a cooperaci\u00f3n para mejorar las condiciones actuales en todos los niveles del sector tur\u00edstico nacional en cooperaci\u00f3n con el sector p\u00fablico sin dejar escapar ning\u00fan punto de incidencia.&nbsp;<\/p>\n\n\n\n<p>La Asociaci\u00f3n Nacional de Rent Car Inc. (ANDRI) est\u00e1 presidida por Ney E. Deschamps, con Analie Prieto como Vicepresidente; Joan Flaquer como secretaria y Jos\u00e9 Miguel Soriano en la tesorer\u00eda. La asociaci\u00f3n la conforman todas las franquicias internacionales de alquiler de veh\u00edculos del mundo con inversiones superiores a los 8.5 mil millones de pesos en activos.&nbsp;<\/p>\n\n\n\n<p>Las empresas de rent car que forman parte de la Asociaci\u00f3n son: Sixt Rent a Car, National Car Rental, Alamo, Enterprise Rent Car, Amerirent, Economy Rent Car, Hertz, Trifthy, Dollar Rent Car; Europcar, Fox, Interent Rent Car; Avis, Budget, Payless Rent Car; Honda Rent Car, Nelly Rent Car, ACE Rent a Car.<\/p>\n\n\n\n<figure class=\"wp-block-gallery columns-2 is-cropped wp-block-gallery-1 is-layout-flex wp-block-gallery-is-layout-flex\"><ul class=\"blocks-gallery-grid\"><li class=\"blocks-gallery-item\"><figure><img fetchpriority=\"high\" decoding=\"async\" width=\"1024\" height=\"678\" src=\"https:\/\/www.foodieandtraveler.com\/wp-content\/uploads\/2021\/11\/DSC9255-1-1024x678.jpg\" alt=\"\" data-id=\"7671\" data-full-url=\"https:\/\/www.foodieandtraveler.com\/wp-content\/uploads\/2021\/11\/DSC9255-1.jpg\" data-link=\"https:\/\/www.foodieandtraveler.com\/?attachment_id=7671\" class=\"wp-image-7671\" srcset=\"https:\/\/www.foodieandtraveler.com\/wp-content\/uploads\/2021\/11\/DSC9255-1-1024x678.jpg 1024w, https:\/\/www.foodieandtraveler.com\/wp-content\/uploads\/2021\/11\/DSC9255-1-300x199.jpg 300w, https:\/\/www.foodieandtraveler.com\/wp-content\/uploads\/2021\/11\/DSC9255-1-768x509.jpg 768w, https:\/\/www.foodieandtraveler.com\/wp-content\/uploads\/2021\/11\/DSC9255-1-696x461.jpg 696w, https:\/\/www.foodieandtraveler.com\/wp-content\/uploads\/2021\/11\/DSC9255-1-1068x708.jpg 1068w, https:\/\/www.foodieandtraveler.com\/wp-content\/uploads\/2021\/11\/DSC9255-1-634x420.jpg 634w, https:\/\/www.foodieandtraveler.com\/wp-content\/uploads\/2021\/11\/DSC9255-1.jpg 1200w\" sizes=\"(max-width: 1024px) 100vw, 1024px\" \/><\/figure><\/li><li class=\"blocks-gallery-item\"><figure><img decoding=\"async\" width=\"1024\" height=\"678\" src=\"https:\/\/www.foodieandtraveler.com\/wp-content\/uploads\/2021\/11\/DSC9223-1-1024x678.jpg\" alt=\"\" data-id=\"7670\" data-full-url=\"https:\/\/www.foodieandtraveler.com\/wp-content\/uploads\/2021\/11\/DSC9223-1.jpg\" data-link=\"https:\/\/www.foodieandtraveler.com\/?attachment_id=7670\" class=\"wp-image-7670\" srcset=\"https:\/\/www.foodieandtraveler.com\/wp-content\/uploads\/2021\/11\/DSC9223-1-1024x678.jpg 1024w, https:\/\/www.foodieandtraveler.com\/wp-content\/uploads\/2021\/11\/DSC9223-1-300x199.jpg 300w, https:\/\/www.foodieandtraveler.com\/wp-content\/uploads\/2021\/11\/DSC9223-1-768x509.jpg 768w, https:\/\/www.foodieandtraveler.com\/wp-content\/uploads\/2021\/11\/DSC9223-1-696x461.jpg 696w, https:\/\/www.foodieandtraveler.com\/wp-content\/uploads\/2021\/11\/DSC9223-1-1068x708.jpg 1068w, https:\/\/www.foodieandtraveler.com\/wp-content\/uploads\/2021\/11\/DSC9223-1-634x420.jpg 634w, https:\/\/www.foodieandtraveler.com\/wp-content\/uploads\/2021\/11\/DSC9223-1.jpg 1200w\" sizes=\"(max-width: 1024px) 100vw, 1024px\" \/><\/figure><\/li><\/ul><\/figure>\n","protected":false},"excerpt":{"rendered":"<p>Con la finalidad de buscar soluciones viables a situaciones comunes en el sector m\u00e1s importante de nuestro pa\u00eds, como lo es el turismo, la Asociaci\u00f3n Nacional de Rent Car Inc. (ANDRI), y la Asociaci\u00f3n Nacional de Hoteles y Turismo (Asonahores) sostuvieron un encuentro de fortalecimiento interinstitucional con miras a formalizar un acuerdo que beneficie el [&hellip;]<\/p>\n","protected":false},"author":9,"featured_media":7672,"comment_status":"open","ping_status":"closed","sticky":false,"template":"","format":"standard","meta":{"footnotes":""},"categories":[48],"tags":[],"class_list":["post-7666","post","type-post","status-publish","format-standard","has-post-thumbnail","hentry","category-turismo"],"_links":{"self":[{"href":"https:\/\/www.foodieandtraveler.com\/index.php\/wp-json\/wp\/v2\/posts\/7666","targetHints":{"allow":["GET"]}}],"collection":[{"href":"https:\/\/www.foodieandtraveler.com\/index.php\/wp-json\/wp\/v2\/posts"}],"about":[{"href":"https:\/\/www.foodieandtraveler.com\/index.php\/wp-json\/wp\/v2\/types\/post"}],"author":[{"embeddable":true,"href":"https:\/\/www.foodieandtraveler.com\/index.php\/wp-json\/wp\/v2\/users\/9"}],"replies":[{"embeddable":true,"href":"https:\/\/www.foodieandtraveler.com\/index.php\/wp-json\/wp\/v2\/comments?post=7666"}],"version-history":[{"count":0,"href":"https:\/\/www.foodieandtraveler.com\/index.php\/wp-json\/wp\/v2\/posts\/7666\/revisions"}],"wp:featuredmedia":[{"embeddable":true,"href":"https:\/\/www.foodieandtraveler.com\/index.php\/wp-json\/wp\/v2\/media\/7672"}],"wp:attachment":[{"href":"https:\/\/www.foodieandtraveler.com\/index.php\/wp-json\/wp\/v2\/media?parent=7666"}],"wp:term":[{"taxonomy":"category","embeddable":true,"href":"https:\/\/www.foodieandtraveler.com\/index.php\/wp-json\/wp\/v2\/categories?post=7666"},{"taxonomy":"post_tag","embeddable":true,"href":"https:\/\/www.foodieandtraveler.com\/index.php\/wp-json\/wp\/v2\/tags?post=7666"}],"curies":[{"name":"wp","href":"https:\/\/api.w.org\/{rel}","templated":true}]}}