{"id":7381,"date":"2021-09-14T12:42:46","date_gmt":"2021-09-14T16:42:46","guid":{"rendered":"https:\/\/www.foodieandtraveler.com\/?p=7381"},"modified":"2021-09-14T12:43:07","modified_gmt":"2021-09-14T16:43:07","slug":"inauguran-my-place-coffee-and-grill-una-combinacion-de-espacios-en-un-solo-lugar","status":"publish","type":"post","link":"https:\/\/www.foodieandtraveler.com\/index.php\/inauguran-my-place-coffee-and-grill-una-combinacion-de-espacios-en-un-solo-lugar\/","title":{"rendered":"Inauguran My Place Coffee and Grill, una combinaci\u00f3n de espacios en un solo lugar"},"content":{"rendered":"\n<p>Durante un encuentro al que se dieron cita clientes, amigos y relacionados, fue inaugurado formalmente el novedoso y atractivo espacio My Place Coffee and Grill, un \u00e1rea para los amantes de la variedad culinaria.&nbsp;<\/p>\n\n\n\n<p>Con una oferta amplia, y exquisita variedad gastron\u00f3mica, My Place Coffee and Grill nace con la intenci\u00f3n de satisfacer diferentes necesidades en el mercado de restaurantes sin tener que desplazarse de un lugar a otro. Es por ello por lo que conjuga diferentes actores en un solo lugar, tales como cigar club, coffee shop, restaurant, grill y bar.&nbsp;<\/p>\n\n\n\n<p>\u201cQuisimos crear un espacio que permite realizar varias actividades en un solo lugar, donde el cliente se sentir\u00e1 a gusto y bien atendido por un personal que brindar\u00e1 un servicio \u00e9lite. Disfrutar de exquisita comida, caf\u00e9 y tabaco. Sin duda, My Place, ser\u00e1 tu lugar favorito\u201d, resalt\u00f3 Raymond Cruz, propietario.&nbsp;<\/p>\n\n\n\n<p>Cruz resalt\u00f3 la impresionante oferta gastron\u00f3mica que va desde platos tradicionales a los que han a\u00f1adido un toque especial caracter\u00edstico de su cocina, convirti\u00e9ndolos en platos que se quedar\u00e1n en la mente y el gusto de los consumidores. Desde ceviche, cortes angus, pasta, ensaladas, burgers, entre otros. En tanto, lo complementa un amplio men\u00fa de caf\u00e9, tostado artesanalmente y 100% dominicano; t\u00e9, sangr\u00eda, mojitos, apperol, margaritas, y toda una variedad de c\u00f3cteles con y sin alcohol.&nbsp;<\/p>\n\n\n\n<p>Abierto de lunes a domingo, en horario de 10:00 de la ma\u00f1ana a 12:00 de la media noche, My Place Coffe and Grill tiene, adem\u00e1s, una terraza localizada en el segundo nivel, la cual representa un diversificado y din\u00e1mico espacio al aire libre, el cual complementa la sinergia entre las \u00e1reas y el decorado estilo industrial.&nbsp;<\/p>\n\n\n\n<p>\u201cMy Place Coffee and Grill est\u00e1 creado con la intenci\u00f3n de que nuestros visitantes se sientan c\u00f3modos, relajados y disfruten de una exquisita gastronom\u00eda, de la mano del buen ambiente que ofrecemos\u201d, puntualiz\u00f3 Cruz.&nbsp;<\/p>\n\n\n\n<p>My Place Coffee and Grill se encuentra ubicado en calle&nbsp;Las Caobas No.1, Los Prados, Santo Domingo, D.N.<\/p>\n\n\n\n<p>@myplacecoffeegrill<\/p>\n\n\n\n<figure class=\"wp-block-gallery columns-3 is-cropped wp-block-gallery-1 is-layout-flex wp-block-gallery-is-layout-flex\"><ul class=\"blocks-gallery-grid\"><li class=\"blocks-gallery-item\"><figure><img fetchpriority=\"high\" decoding=\"async\" width=\"1024\" height=\"678\" src=\"https:\/\/www.foodieandtraveler.com\/wp-content\/uploads\/2021\/09\/DSC8433-1024x678.jpg\" alt=\"\" data-id=\"7386\" data-full-url=\"https:\/\/www.foodieandtraveler.com\/wp-content\/uploads\/2021\/09\/DSC8433.jpg\" data-link=\"https:\/\/www.foodieandtraveler.com\/?attachment_id=7386\" class=\"wp-image-7386\" srcset=\"https:\/\/www.foodieandtraveler.com\/wp-content\/uploads\/2021\/09\/DSC8433-1024x678.jpg 1024w, https:\/\/www.foodieandtraveler.com\/wp-content\/uploads\/2021\/09\/DSC8433-300x199.jpg 300w, https:\/\/www.foodieandtraveler.com\/wp-content\/uploads\/2021\/09\/DSC8433-768x509.jpg 768w, https:\/\/www.foodieandtraveler.com\/wp-content\/uploads\/2021\/09\/DSC8433-1536x1017.jpg 1536w, https:\/\/www.foodieandtraveler.com\/wp-content\/uploads\/2021\/09\/DSC8433-2048x1356.jpg 2048w, https:\/\/www.foodieandtraveler.com\/wp-content\/uploads\/2021\/09\/DSC8433-696x461.jpg 696w, https:\/\/www.foodieandtraveler.com\/wp-content\/uploads\/2021\/09\/DSC8433-1068x707.jpg 1068w, https:\/\/www.foodieandtraveler.com\/wp-content\/uploads\/2021\/09\/DSC8433-634x420.jpg 634w\" sizes=\"(max-width: 1024px) 100vw, 1024px\" \/><\/figure><\/li><li class=\"blocks-gallery-item\"><figure><img decoding=\"async\" width=\"1024\" height=\"678\" src=\"https:\/\/www.foodieandtraveler.com\/wp-content\/uploads\/2021\/09\/DSC8408-1024x678.jpg\" alt=\"\" data-id=\"7385\" data-full-url=\"https:\/\/www.foodieandtraveler.com\/wp-content\/uploads\/2021\/09\/DSC8408.jpg\" data-link=\"https:\/\/www.foodieandtraveler.com\/?attachment_id=7385\" class=\"wp-image-7385\" srcset=\"https:\/\/www.foodieandtraveler.com\/wp-content\/uploads\/2021\/09\/DSC8408-1024x678.jpg 1024w, https:\/\/www.foodieandtraveler.com\/wp-content\/uploads\/2021\/09\/DSC8408-300x199.jpg 300w, https:\/\/www.foodieandtraveler.com\/wp-content\/uploads\/2021\/09\/DSC8408-768x509.jpg 768w, https:\/\/www.foodieandtraveler.com\/wp-content\/uploads\/2021\/09\/DSC8408-1536x1017.jpg 1536w, https:\/\/www.foodieandtraveler.com\/wp-content\/uploads\/2021\/09\/DSC8408-2048x1356.jpg 2048w, https:\/\/www.foodieandtraveler.com\/wp-content\/uploads\/2021\/09\/DSC8408-696x461.jpg 696w, https:\/\/www.foodieandtraveler.com\/wp-content\/uploads\/2021\/09\/DSC8408-1068x707.jpg 1068w, https:\/\/www.foodieandtraveler.com\/wp-content\/uploads\/2021\/09\/DSC8408-634x420.jpg 634w\" sizes=\"(max-width: 1024px) 100vw, 1024px\" \/><\/figure><\/li><li class=\"blocks-gallery-item\"><figure><img decoding=\"async\" width=\"1024\" height=\"678\" src=\"https:\/\/www.foodieandtraveler.com\/wp-content\/uploads\/2021\/09\/DSC8375-1024x678.jpg\" alt=\"\" data-id=\"7384\" data-full-url=\"https:\/\/www.foodieandtraveler.com\/wp-content\/uploads\/2021\/09\/DSC8375.jpg\" data-link=\"https:\/\/www.foodieandtraveler.com\/?attachment_id=7384\" class=\"wp-image-7384\" srcset=\"https:\/\/www.foodieandtraveler.com\/wp-content\/uploads\/2021\/09\/DSC8375-1024x678.jpg 1024w, https:\/\/www.foodieandtraveler.com\/wp-content\/uploads\/2021\/09\/DSC8375-300x199.jpg 300w, https:\/\/www.foodieandtraveler.com\/wp-content\/uploads\/2021\/09\/DSC8375-768x509.jpg 768w, https:\/\/www.foodieandtraveler.com\/wp-content\/uploads\/2021\/09\/DSC8375-1536x1017.jpg 1536w, https:\/\/www.foodieandtraveler.com\/wp-content\/uploads\/2021\/09\/DSC8375-2048x1356.jpg 2048w, https:\/\/www.foodieandtraveler.com\/wp-content\/uploads\/2021\/09\/DSC8375-696x461.jpg 696w, https:\/\/www.foodieandtraveler.com\/wp-content\/uploads\/2021\/09\/DSC8375-1068x707.jpg 1068w, https:\/\/www.foodieandtraveler.com\/wp-content\/uploads\/2021\/09\/DSC8375-634x420.jpg 634w\" sizes=\"(max-width: 1024px) 100vw, 1024px\" \/><\/figure><\/li><li class=\"blocks-gallery-item\"><figure><img loading=\"lazy\" decoding=\"async\" width=\"1024\" height=\"678\" src=\"https:\/\/www.foodieandtraveler.com\/wp-content\/uploads\/2021\/09\/DSC8371-1024x678.jpg\" alt=\"\" data-id=\"7383\" data-full-url=\"https:\/\/www.foodieandtraveler.com\/wp-content\/uploads\/2021\/09\/DSC8371.jpg\" data-link=\"https:\/\/www.foodieandtraveler.com\/?attachment_id=7383\" class=\"wp-image-7383\" srcset=\"https:\/\/www.foodieandtraveler.com\/wp-content\/uploads\/2021\/09\/DSC8371-1024x678.jpg 1024w, https:\/\/www.foodieandtraveler.com\/wp-content\/uploads\/2021\/09\/DSC8371-300x199.jpg 300w, https:\/\/www.foodieandtraveler.com\/wp-content\/uploads\/2021\/09\/DSC8371-768x509.jpg 768w, https:\/\/www.foodieandtraveler.com\/wp-content\/uploads\/2021\/09\/DSC8371-1536x1017.jpg 1536w, https:\/\/www.foodieandtraveler.com\/wp-content\/uploads\/2021\/09\/DSC8371-2048x1356.jpg 2048w, https:\/\/www.foodieandtraveler.com\/wp-content\/uploads\/2021\/09\/DSC8371-696x461.jpg 696w, https:\/\/www.foodieandtraveler.com\/wp-content\/uploads\/2021\/09\/DSC8371-1068x707.jpg 1068w, https:\/\/www.foodieandtraveler.com\/wp-content\/uploads\/2021\/09\/DSC8371-634x420.jpg 634w\" sizes=\"(max-width: 1024px) 100vw, 1024px\" \/><\/figure><\/li><li class=\"blocks-gallery-item\"><figure><img loading=\"lazy\" decoding=\"async\" width=\"1024\" height=\"678\" src=\"https:\/\/www.foodieandtraveler.com\/wp-content\/uploads\/2021\/09\/DSC8369-1024x678.jpg\" alt=\"\" data-id=\"7382\" data-full-url=\"https:\/\/www.foodieandtraveler.com\/wp-content\/uploads\/2021\/09\/DSC8369.jpg\" data-link=\"https:\/\/www.foodieandtraveler.com\/?attachment_id=7382\" class=\"wp-image-7382\" srcset=\"https:\/\/www.foodieandtraveler.com\/wp-content\/uploads\/2021\/09\/DSC8369-1024x678.jpg 1024w, https:\/\/www.foodieandtraveler.com\/wp-content\/uploads\/2021\/09\/DSC8369-300x199.jpg 300w, https:\/\/www.foodieandtraveler.com\/wp-content\/uploads\/2021\/09\/DSC8369-768x509.jpg 768w, https:\/\/www.foodieandtraveler.com\/wp-content\/uploads\/2021\/09\/DSC8369-1536x1017.jpg 1536w, https:\/\/www.foodieandtraveler.com\/wp-content\/uploads\/2021\/09\/DSC8369-2048x1356.jpg 2048w, https:\/\/www.foodieandtraveler.com\/wp-content\/uploads\/2021\/09\/DSC8369-696x461.jpg 696w, https:\/\/www.foodieandtraveler.com\/wp-content\/uploads\/2021\/09\/DSC8369-1068x707.jpg 1068w, https:\/\/www.foodieandtraveler.com\/wp-content\/uploads\/2021\/09\/DSC8369-634x420.jpg 634w\" sizes=\"(max-width: 1024px) 100vw, 1024px\" \/><\/figure><\/li><\/ul><\/figure>\n","protected":false},"excerpt":{"rendered":"<p>Durante un encuentro al que se dieron cita clientes, amigos y relacionados, fue inaugurado formalmente el novedoso y atractivo espacio My Place Coffee and Grill, un \u00e1rea para los amantes de la variedad culinaria.&nbsp; Con una oferta amplia, y exquisita variedad gastron\u00f3mica, My Place Coffee and Grill nace con la intenci\u00f3n de satisfacer diferentes necesidades [&hellip;]<\/p>\n","protected":false},"author":9,"featured_media":7387,"comment_status":"open","ping_status":"closed","sticky":false,"template":"","format":"standard","meta":{"footnotes":""},"categories":[7],"tags":[3365,3366,3364],"class_list":["post-7381","post","type-post","status-publish","format-standard","has-post-thumbnail","hentry","category-coffelovers","tag-coffee-lovers","tag-coffee-shop","tag-my-place-coffee-and-grill"],"_links":{"self":[{"href":"https:\/\/www.foodieandtraveler.com\/index.php\/wp-json\/wp\/v2\/posts\/7381","targetHints":{"allow":["GET"]}}],"collection":[{"href":"https:\/\/www.foodieandtraveler.com\/index.php\/wp-json\/wp\/v2\/posts"}],"about":[{"href":"https:\/\/www.foodieandtraveler.com\/index.php\/wp-json\/wp\/v2\/types\/post"}],"author":[{"embeddable":true,"href":"https:\/\/www.foodieandtraveler.com\/index.php\/wp-json\/wp\/v2\/users\/9"}],"replies":[{"embeddable":true,"href":"https:\/\/www.foodieandtraveler.com\/index.php\/wp-json\/wp\/v2\/comments?post=7381"}],"version-history":[{"count":0,"href":"https:\/\/www.foodieandtraveler.com\/index.php\/wp-json\/wp\/v2\/posts\/7381\/revisions"}],"wp:featuredmedia":[{"embeddable":true,"href":"https:\/\/www.foodieandtraveler.com\/index.php\/wp-json\/wp\/v2\/media\/7387"}],"wp:attachment":[{"href":"https:\/\/www.foodieandtraveler.com\/index.php\/wp-json\/wp\/v2\/media?parent=7381"}],"wp:term":[{"taxonomy":"category","embeddable":true,"href":"https:\/\/www.foodieandtraveler.com\/index.php\/wp-json\/wp\/v2\/categories?post=7381"},{"taxonomy":"post_tag","embeddable":true,"href":"https:\/\/www.foodieandtraveler.com\/index.php\/wp-json\/wp\/v2\/tags?post=7381"}],"curies":[{"name":"wp","href":"https:\/\/api.w.org\/{rel}","templated":true}]}}