{"id":7336,"date":"2021-09-14T09:40:57","date_gmt":"2021-09-14T13:40:57","guid":{"rendered":"https:\/\/www.foodieandtraveler.com\/?p=7336"},"modified":"2021-09-14T09:41:00","modified_gmt":"2021-09-14T13:41:00","slug":"playa-nueva-romana-celebra-el-verano-magico-en-el-parque-los-flamboyanes","status":"publish","type":"post","link":"https:\/\/www.foodieandtraveler.com\/index.php\/playa-nueva-romana-celebra-el-verano-magico-en-el-parque-los-flamboyanes\/","title":{"rendered":"Playa Nueva Romana celebra el \u201cVerano M\u00e1gico\u201d en el parque Los Flamboyanes"},"content":{"rendered":"\n<p><strong><em>Playa Nueva Romana despide el verano con una actividad exclusiva para sus propietarios: el \u201cVerano M\u00e1gico\u201d,<\/em><\/strong>&nbsp;una tarde de disfrute para toda la familia celebrada en el parque Los Flamboyanes en donde la alegr\u00eda y el entretenimiento prim\u00f3 para grandes y chiquitos.<\/p>\n\n\n\n<p>Con una ambientaci\u00f3n de feria, los invitados fueron recibidos por personajes y animadores; rodeados de globos y actividades como tiro al blanco, encestar la pelota, mega inflables y competencias que motivaron a los invitados a participar y disfrutar de un ambiente sano, familiar y divertido.<\/p>\n\n\n\n<p><em>\u2018\u2019Me siento muy feliz y estoy pasando un d\u00eda muy divertido en el parque, con el mago y mis amigos, quiero volver ma\u00f1ana\u201d dijo Alejandro Alberto Henr\u00edquez a su madre Rosa Zapata.<\/em><\/p>\n\n\n\n<p>Los propietarios disfrutaron de un show central de magia donde el mago logr\u00f3 sacar sonrisas y sorprender con sus trucos a los invitados.\u00a0<\/p>\n\n\n\n<figure class=\"wp-block-gallery columns-3 is-cropped wp-block-gallery-1 is-layout-flex wp-block-gallery-is-layout-flex\"><ul class=\"blocks-gallery-grid\"><li class=\"blocks-gallery-item\"><figure><img fetchpriority=\"high\" decoding=\"async\" width=\"1024\" height=\"683\" src=\"https:\/\/www.foodieandtraveler.com\/wp-content\/uploads\/2021\/09\/6-Ruben-RamosSofia-RamosYarianna-Arias-1024x683.jpg\" alt=\"\" data-id=\"7341\" data-full-url=\"https:\/\/www.foodieandtraveler.com\/wp-content\/uploads\/2021\/09\/6-Ruben-RamosSofia-RamosYarianna-Arias.jpg\" data-link=\"https:\/\/www.foodieandtraveler.com\/?attachment_id=7341\" class=\"wp-image-7341\" srcset=\"https:\/\/www.foodieandtraveler.com\/wp-content\/uploads\/2021\/09\/6-Ruben-RamosSofia-RamosYarianna-Arias-1024x683.jpg 1024w, https:\/\/www.foodieandtraveler.com\/wp-content\/uploads\/2021\/09\/6-Ruben-RamosSofia-RamosYarianna-Arias-300x200.jpg 300w, https:\/\/www.foodieandtraveler.com\/wp-content\/uploads\/2021\/09\/6-Ruben-RamosSofia-RamosYarianna-Arias-768x512.jpg 768w, https:\/\/www.foodieandtraveler.com\/wp-content\/uploads\/2021\/09\/6-Ruben-RamosSofia-RamosYarianna-Arias-1536x1024.jpg 1536w, https:\/\/www.foodieandtraveler.com\/wp-content\/uploads\/2021\/09\/6-Ruben-RamosSofia-RamosYarianna-Arias-2048x1366.jpg 2048w, https:\/\/www.foodieandtraveler.com\/wp-content\/uploads\/2021\/09\/6-Ruben-RamosSofia-RamosYarianna-Arias-696x464.jpg 696w, https:\/\/www.foodieandtraveler.com\/wp-content\/uploads\/2021\/09\/6-Ruben-RamosSofia-RamosYarianna-Arias-1068x712.jpg 1068w, https:\/\/www.foodieandtraveler.com\/wp-content\/uploads\/2021\/09\/6-Ruben-RamosSofia-RamosYarianna-Arias-630x420.jpg 630w\" sizes=\"(max-width: 1024px) 100vw, 1024px\" \/><\/figure><\/li><li class=\"blocks-gallery-item\"><figure><img decoding=\"async\" width=\"1024\" height=\"683\" src=\"https:\/\/www.foodieandtraveler.com\/wp-content\/uploads\/2021\/09\/5-Marcelle-Alvarez-y-Raymond-Arias-1024x683.jpg\" alt=\"\" data-id=\"7340\" data-full-url=\"https:\/\/www.foodieandtraveler.com\/wp-content\/uploads\/2021\/09\/5-Marcelle-Alvarez-y-Raymond-Arias.jpg\" data-link=\"https:\/\/www.foodieandtraveler.com\/?attachment_id=7340\" class=\"wp-image-7340\" srcset=\"https:\/\/www.foodieandtraveler.com\/wp-content\/uploads\/2021\/09\/5-Marcelle-Alvarez-y-Raymond-Arias-1024x683.jpg 1024w, https:\/\/www.foodieandtraveler.com\/wp-content\/uploads\/2021\/09\/5-Marcelle-Alvarez-y-Raymond-Arias-300x200.jpg 300w, https:\/\/www.foodieandtraveler.com\/wp-content\/uploads\/2021\/09\/5-Marcelle-Alvarez-y-Raymond-Arias-768x512.jpg 768w, https:\/\/www.foodieandtraveler.com\/wp-content\/uploads\/2021\/09\/5-Marcelle-Alvarez-y-Raymond-Arias-1536x1024.jpg 1536w, https:\/\/www.foodieandtraveler.com\/wp-content\/uploads\/2021\/09\/5-Marcelle-Alvarez-y-Raymond-Arias-2048x1366.jpg 2048w, https:\/\/www.foodieandtraveler.com\/wp-content\/uploads\/2021\/09\/5-Marcelle-Alvarez-y-Raymond-Arias-696x464.jpg 696w, https:\/\/www.foodieandtraveler.com\/wp-content\/uploads\/2021\/09\/5-Marcelle-Alvarez-y-Raymond-Arias-1068x712.jpg 1068w, https:\/\/www.foodieandtraveler.com\/wp-content\/uploads\/2021\/09\/5-Marcelle-Alvarez-y-Raymond-Arias-630x420.jpg 630w\" sizes=\"(max-width: 1024px) 100vw, 1024px\" \/><\/figure><\/li><li class=\"blocks-gallery-item\"><figure><img decoding=\"async\" width=\"1024\" height=\"683\" src=\"https:\/\/www.foodieandtraveler.com\/wp-content\/uploads\/2021\/09\/4-Gadiel-Farid-Yokasta-Mella-Suset-Abud-y-Gabriela-Abud-1024x683.jpg\" alt=\"\" data-id=\"7339\" data-full-url=\"https:\/\/www.foodieandtraveler.com\/wp-content\/uploads\/2021\/09\/4-Gadiel-Farid-Yokasta-Mella-Suset-Abud-y-Gabriela-Abud.jpg\" data-link=\"https:\/\/www.foodieandtraveler.com\/?attachment_id=7339\" class=\"wp-image-7339\" srcset=\"https:\/\/www.foodieandtraveler.com\/wp-content\/uploads\/2021\/09\/4-Gadiel-Farid-Yokasta-Mella-Suset-Abud-y-Gabriela-Abud-1024x683.jpg 1024w, https:\/\/www.foodieandtraveler.com\/wp-content\/uploads\/2021\/09\/4-Gadiel-Farid-Yokasta-Mella-Suset-Abud-y-Gabriela-Abud-300x200.jpg 300w, https:\/\/www.foodieandtraveler.com\/wp-content\/uploads\/2021\/09\/4-Gadiel-Farid-Yokasta-Mella-Suset-Abud-y-Gabriela-Abud-768x512.jpg 768w, https:\/\/www.foodieandtraveler.com\/wp-content\/uploads\/2021\/09\/4-Gadiel-Farid-Yokasta-Mella-Suset-Abud-y-Gabriela-Abud-1536x1024.jpg 1536w, https:\/\/www.foodieandtraveler.com\/wp-content\/uploads\/2021\/09\/4-Gadiel-Farid-Yokasta-Mella-Suset-Abud-y-Gabriela-Abud-2048x1366.jpg 2048w, https:\/\/www.foodieandtraveler.com\/wp-content\/uploads\/2021\/09\/4-Gadiel-Farid-Yokasta-Mella-Suset-Abud-y-Gabriela-Abud-696x464.jpg 696w, https:\/\/www.foodieandtraveler.com\/wp-content\/uploads\/2021\/09\/4-Gadiel-Farid-Yokasta-Mella-Suset-Abud-y-Gabriela-Abud-1068x712.jpg 1068w, https:\/\/www.foodieandtraveler.com\/wp-content\/uploads\/2021\/09\/4-Gadiel-Farid-Yokasta-Mella-Suset-Abud-y-Gabriela-Abud-630x420.jpg 630w\" sizes=\"(max-width: 1024px) 100vw, 1024px\" \/><\/figure><\/li><li class=\"blocks-gallery-item\"><figure><img loading=\"lazy\" decoding=\"async\" width=\"2560\" height=\"1707\" src=\"https:\/\/www.foodieandtraveler.com\/wp-content\/uploads\/2021\/09\/3-FOTO-SECUNDARIA-Amelia-Palmero-Juleidy-Masara-y-Alisson-Palmero-scaled.jpg\" alt=\"\" data-id=\"7338\" data-full-url=\"https:\/\/www.foodieandtraveler.com\/wp-content\/uploads\/2021\/09\/3-FOTO-SECUNDARIA-Amelia-Palmero-Juleidy-Masara-y-Alisson-Palmero-scaled.jpg\" data-link=\"https:\/\/www.foodieandtraveler.com\/?attachment_id=7338\" class=\"wp-image-7338\" srcset=\"https:\/\/www.foodieandtraveler.com\/wp-content\/uploads\/2021\/09\/3-FOTO-SECUNDARIA-Amelia-Palmero-Juleidy-Masara-y-Alisson-Palmero-scaled.jpg 2560w, https:\/\/www.foodieandtraveler.com\/wp-content\/uploads\/2021\/09\/3-FOTO-SECUNDARIA-Amelia-Palmero-Juleidy-Masara-y-Alisson-Palmero-300x200.jpg 300w\" sizes=\"(max-width: 2560px) 100vw, 2560px\" \/><\/figure><\/li><\/ul><\/figure>\n","protected":false},"excerpt":{"rendered":"<p>Playa Nueva Romana despide el verano con una actividad exclusiva para sus propietarios: el \u201cVerano M\u00e1gico\u201d,&nbsp;una tarde de disfrute para toda la familia celebrada en el parque Los Flamboyanes en donde la alegr\u00eda y el entretenimiento prim\u00f3 para grandes y chiquitos. Con una ambientaci\u00f3n de feria, los invitados fueron recibidos por personajes y animadores; rodeados [&hellip;]<\/p>\n","protected":false},"author":9,"featured_media":7337,"comment_status":"open","ping_status":"closed","sticky":false,"template":"","format":"standard","meta":{"footnotes":""},"categories":[121],"tags":[1693,3359],"class_list":["post-7336","post","type-post","status-publish","format-standard","has-post-thumbnail","hentry","category-hoteles","tag-playa-nueva-romana","tag-verano-magico"],"_links":{"self":[{"href":"https:\/\/www.foodieandtraveler.com\/index.php\/wp-json\/wp\/v2\/posts\/7336","targetHints":{"allow":["GET"]}}],"collection":[{"href":"https:\/\/www.foodieandtraveler.com\/index.php\/wp-json\/wp\/v2\/posts"}],"about":[{"href":"https:\/\/www.foodieandtraveler.com\/index.php\/wp-json\/wp\/v2\/types\/post"}],"author":[{"embeddable":true,"href":"https:\/\/www.foodieandtraveler.com\/index.php\/wp-json\/wp\/v2\/users\/9"}],"replies":[{"embeddable":true,"href":"https:\/\/www.foodieandtraveler.com\/index.php\/wp-json\/wp\/v2\/comments?post=7336"}],"version-history":[{"count":0,"href":"https:\/\/www.foodieandtraveler.com\/index.php\/wp-json\/wp\/v2\/posts\/7336\/revisions"}],"wp:featuredmedia":[{"embeddable":true,"href":"https:\/\/www.foodieandtraveler.com\/index.php\/wp-json\/wp\/v2\/media\/7337"}],"wp:attachment":[{"href":"https:\/\/www.foodieandtraveler.com\/index.php\/wp-json\/wp\/v2\/media?parent=7336"}],"wp:term":[{"taxonomy":"category","embeddable":true,"href":"https:\/\/www.foodieandtraveler.com\/index.php\/wp-json\/wp\/v2\/categories?post=7336"},{"taxonomy":"post_tag","embeddable":true,"href":"https:\/\/www.foodieandtraveler.com\/index.php\/wp-json\/wp\/v2\/tags?post=7336"}],"curies":[{"name":"wp","href":"https:\/\/api.w.org\/{rel}","templated":true}]}}