{"id":6970,"date":"2021-06-01T19:34:49","date_gmt":"2021-06-01T23:34:49","guid":{"rendered":"https:\/\/www.foodieandtraveler.com\/?p=6970"},"modified":"2021-06-01T19:40:19","modified_gmt":"2021-06-01T23:40:19","slug":"un-dulce-atardecer-en-rescate-de-los-dulces-iconicos-de-la-republica-dominicana","status":"publish","type":"post","link":"https:\/\/www.foodieandtraveler.com\/index.php\/un-dulce-atardecer-en-rescate-de-los-dulces-iconicos-de-la-republica-dominicana\/","title":{"rendered":"Un dulce atardecer, en rescate de los dulces ic\u00f3nicos de la Rep\u00fablica Dominicana"},"content":{"rendered":"\n<h4 class=\"wp-block-heading\"><em>Una cocinera de larga data, una pandemia que llama a ser resiliente, recetas de anta\u00f1o, todo esto gener\u00f3 la ocasi\u00f3n perfecta para el evento denominado \u201cDulce Atardecer\u201d en el que MITUR invit\u00f3 a un selecto grupo de comunicadores a conocer una motivante historia de amor por los dulces y superaci\u00f3n, de la mano de do\u00f1a Dilenia Reyes.<\/em><\/h4>\n\n\n\n<p>M\u00e1s de 40 a\u00f1os han unido a la Sra. Dilenia Reyes a la gastronom\u00eda sostenible, en donde ha salvaguardado las recetas ic\u00f3nicas de la Rep\u00fablica Dominicana a trav\u00e9s del catering en un negocio que empez\u00f3 siendo familiar y hoy se vincula con m\u00e1s de 10 familias de manera directa y permea a otras 30 de manera indirecta.&nbsp;<\/p>\n\n\n\n<p>Para Do\u00f1a Dilenia una de las piezas claves del especial sabor de sus comidas, y dulces, est\u00e1 en la calidad de la materia prima que utiliza \u201cdel campo a la mesa\u201d comprados directamente a los productores, &nbsp;conociendo su procedencia, primando la elecci\u00f3n de lo org\u00e1nico y aprovechando los productos que est\u00e1n de temporada, aplicando con ello variedad a sus men\u00fas y oferta de dulces.<\/p>\n\n\n\n<p>La implementaci\u00f3n de t\u00e9cnicas como la conserva, y la creaci\u00f3n de recetas a partir de las c\u00e1scaras de frutas han servido para aprovechar las temporadas de mayor producci\u00f3n de ciertas materias primas, reafirmando con esto el compromiso que esta gran emprendedora ha hecho con la gastronom\u00eda sostenible, el cual reafirma con el uso de envases biodegradables, los que utiliza, pintados con motivos aleg\u00f3ricos a la vida dominicana con una gracia peculiar para lo que suele llamar \u201cDulces de Viajes\u201d.<\/p>\n\n\n\n<p>En el \u201cDulce atardecer\u201d los comunicadores pudieron conocer los dulces t\u00edpicos dominicanos m\u00e1s demandados a Dulcer\u00eda Emilia, como llama do\u00f1a Dilenia en honor a su nieta a su emprendimiento social, sostenible y solidario.&nbsp;<\/p>\n\n\n\n<p>Dulces de Coco, jalao, pi\u00f1a, c\u00e1scara de naranjas confitadas, leche cortada, leche con coco tierno, guayaba, lechosa con leche, cajuil con leche, naranja con leche, fueron algunas de las delicias expuestas en un ambiente acogedor, amenizado por el Tr\u00edo La Hiedra del MITUR, el cual impregnaba de rom\u00e1nticas canciones a los presentes.&nbsp; Mientras, algunos de los comunicadores se animaban a ponerse el delantal y aprender de la mano de esta gran mujer los truquitos en la cocina para un buen dulce dominicano.<\/p>\n\n\n\n<p>Esta iniciativa del <span class=\"has-inline-color has-vivid-cyan-blue-color\"><strong><a href=\"http:\/\/mitur.gob.do\/\">MITUR<\/a><\/strong><\/span>, organizada por los departamentos de Gastronom\u00eda y Promoci\u00f3n Local del Viceministerio de Desarrollo y Fomento Tur\u00edstico,\u00a0 ha sido inspirada en las metas presidenciales del presidente Luis Abinader, las cuales instan a la promoci\u00f3n del acervo cultural dominicano y la diversificaci\u00f3n de la oferta tur\u00edstica del pa\u00eds como un destino m\u00e1s all\u00e1 del sol y la playa.<\/p>\n\n\n\n<p>La ciudad de Santo Domingo \u00a0en dos ocasiones ha sido denominada \u201cCapital de la cultura gastron\u00f3mica del Caribe\u201d lo que robustece la oferta culinaria que el pa\u00eds caribe\u00f1o ofrece a turistas nacionales y extranjeros, unida a una oferta variada de rutas Agrotur\u00edsticas demuestran que la Rep\u00fablica Dominicana, lo tiene todo.<\/p>\n\n\n\n<figure class=\"wp-block-gallery columns-3 is-cropped wp-block-gallery-1 is-layout-flex wp-block-gallery-is-layout-flex\"><ul class=\"blocks-gallery-grid\"><li class=\"blocks-gallery-item\"><figure><img fetchpriority=\"high\" decoding=\"async\" width=\"683\" height=\"1024\" src=\"https:\/\/www.foodieandtraveler.com\/wp-content\/uploads\/2021\/06\/IMG_2012-683x1024.jpg\" alt=\"\" data-id=\"6978\" data-full-url=\"https:\/\/www.foodieandtraveler.com\/wp-content\/uploads\/2021\/06\/IMG_2012.jpg\" data-link=\"https:\/\/www.foodieandtraveler.com\/?attachment_id=6978\" class=\"wp-image-6978\" srcset=\"https:\/\/www.foodieandtraveler.com\/wp-content\/uploads\/2021\/06\/IMG_2012-683x1024.jpg 683w, https:\/\/www.foodieandtraveler.com\/wp-content\/uploads\/2021\/06\/IMG_2012-200x300.jpg 200w, https:\/\/www.foodieandtraveler.com\/wp-content\/uploads\/2021\/06\/IMG_2012-768x1152.jpg 768w, https:\/\/www.foodieandtraveler.com\/wp-content\/uploads\/2021\/06\/IMG_2012-1024x1536.jpg 1024w, https:\/\/www.foodieandtraveler.com\/wp-content\/uploads\/2021\/06\/IMG_2012-696x1044.jpg 696w, https:\/\/www.foodieandtraveler.com\/wp-content\/uploads\/2021\/06\/IMG_2012-1068x1602.jpg 1068w, https:\/\/www.foodieandtraveler.com\/wp-content\/uploads\/2021\/06\/IMG_2012-280x420.jpg 280w, https:\/\/www.foodieandtraveler.com\/wp-content\/uploads\/2021\/06\/IMG_2012.jpg 1200w\" sizes=\"(max-width: 683px) 100vw, 683px\" \/><\/figure><\/li><li class=\"blocks-gallery-item\"><figure><img decoding=\"async\" width=\"683\" height=\"1024\" src=\"https:\/\/www.foodieandtraveler.com\/wp-content\/uploads\/2021\/06\/IMG_2010-683x1024.jpg\" alt=\"\" data-id=\"6977\" data-full-url=\"https:\/\/www.foodieandtraveler.com\/wp-content\/uploads\/2021\/06\/IMG_2010.jpg\" data-link=\"https:\/\/www.foodieandtraveler.com\/?attachment_id=6977\" class=\"wp-image-6977\" srcset=\"https:\/\/www.foodieandtraveler.com\/wp-content\/uploads\/2021\/06\/IMG_2010-683x1024.jpg 683w, https:\/\/www.foodieandtraveler.com\/wp-content\/uploads\/2021\/06\/IMG_2010-200x300.jpg 200w, https:\/\/www.foodieandtraveler.com\/wp-content\/uploads\/2021\/06\/IMG_2010-768x1152.jpg 768w, https:\/\/www.foodieandtraveler.com\/wp-content\/uploads\/2021\/06\/IMG_2010-1024x1536.jpg 1024w, https:\/\/www.foodieandtraveler.com\/wp-content\/uploads\/2021\/06\/IMG_2010-696x1044.jpg 696w, https:\/\/www.foodieandtraveler.com\/wp-content\/uploads\/2021\/06\/IMG_2010-1068x1602.jpg 1068w, https:\/\/www.foodieandtraveler.com\/wp-content\/uploads\/2021\/06\/IMG_2010-280x420.jpg 280w, https:\/\/www.foodieandtraveler.com\/wp-content\/uploads\/2021\/06\/IMG_2010.jpg 1200w\" sizes=\"(max-width: 683px) 100vw, 683px\" \/><\/figure><\/li><li class=\"blocks-gallery-item\"><figure><img decoding=\"async\" width=\"1024\" height=\"683\" src=\"https:\/\/www.foodieandtraveler.com\/wp-content\/uploads\/2021\/06\/IMG_2008-1024x683.jpg\" alt=\"\" data-id=\"6976\" data-full-url=\"https:\/\/www.foodieandtraveler.com\/wp-content\/uploads\/2021\/06\/IMG_2008.jpg\" data-link=\"https:\/\/www.foodieandtraveler.com\/?attachment_id=6976\" class=\"wp-image-6976\" srcset=\"https:\/\/www.foodieandtraveler.com\/wp-content\/uploads\/2021\/06\/IMG_2008-1024x683.jpg 1024w, https:\/\/www.foodieandtraveler.com\/wp-content\/uploads\/2021\/06\/IMG_2008-300x200.jpg 300w, https:\/\/www.foodieandtraveler.com\/wp-content\/uploads\/2021\/06\/IMG_2008-768x512.jpg 768w, https:\/\/www.foodieandtraveler.com\/wp-content\/uploads\/2021\/06\/IMG_2008-1536x1024.jpg 1536w, https:\/\/www.foodieandtraveler.com\/wp-content\/uploads\/2021\/06\/IMG_2008-696x464.jpg 696w, https:\/\/www.foodieandtraveler.com\/wp-content\/uploads\/2021\/06\/IMG_2008-1068x712.jpg 1068w, https:\/\/www.foodieandtraveler.com\/wp-content\/uploads\/2021\/06\/IMG_2008-630x420.jpg 630w, https:\/\/www.foodieandtraveler.com\/wp-content\/uploads\/2021\/06\/IMG_2008.jpg 1800w\" sizes=\"(max-width: 1024px) 100vw, 1024px\" \/><\/figure><\/li><li class=\"blocks-gallery-item\"><figure><img loading=\"lazy\" decoding=\"async\" width=\"1024\" height=\"683\" src=\"https:\/\/www.foodieandtraveler.com\/wp-content\/uploads\/2021\/06\/IMG_2007-1024x683.jpg\" alt=\"\" data-id=\"6975\" data-full-url=\"https:\/\/www.foodieandtraveler.com\/wp-content\/uploads\/2021\/06\/IMG_2007.jpg\" data-link=\"https:\/\/www.foodieandtraveler.com\/?attachment_id=6975\" class=\"wp-image-6975\" srcset=\"https:\/\/www.foodieandtraveler.com\/wp-content\/uploads\/2021\/06\/IMG_2007-1024x683.jpg 1024w, https:\/\/www.foodieandtraveler.com\/wp-content\/uploads\/2021\/06\/IMG_2007-300x200.jpg 300w, https:\/\/www.foodieandtraveler.com\/wp-content\/uploads\/2021\/06\/IMG_2007-768x512.jpg 768w, https:\/\/www.foodieandtraveler.com\/wp-content\/uploads\/2021\/06\/IMG_2007-1536x1024.jpg 1536w, https:\/\/www.foodieandtraveler.com\/wp-content\/uploads\/2021\/06\/IMG_2007-696x464.jpg 696w, https:\/\/www.foodieandtraveler.com\/wp-content\/uploads\/2021\/06\/IMG_2007-1068x712.jpg 1068w, https:\/\/www.foodieandtraveler.com\/wp-content\/uploads\/2021\/06\/IMG_2007-630x420.jpg 630w, https:\/\/www.foodieandtraveler.com\/wp-content\/uploads\/2021\/06\/IMG_2007.jpg 1800w\" sizes=\"(max-width: 1024px) 100vw, 1024px\" \/><\/figure><\/li><li class=\"blocks-gallery-item\"><figure><img loading=\"lazy\" decoding=\"async\" width=\"1024\" height=\"683\" src=\"https:\/\/www.foodieandtraveler.com\/wp-content\/uploads\/2021\/06\/IMG_2005-1024x683.jpg\" alt=\"\" data-id=\"6974\" data-full-url=\"https:\/\/www.foodieandtraveler.com\/wp-content\/uploads\/2021\/06\/IMG_2005.jpg\" data-link=\"https:\/\/www.foodieandtraveler.com\/?attachment_id=6974\" class=\"wp-image-6974\" srcset=\"https:\/\/www.foodieandtraveler.com\/wp-content\/uploads\/2021\/06\/IMG_2005-1024x683.jpg 1024w, https:\/\/www.foodieandtraveler.com\/wp-content\/uploads\/2021\/06\/IMG_2005-300x200.jpg 300w, https:\/\/www.foodieandtraveler.com\/wp-content\/uploads\/2021\/06\/IMG_2005-768x512.jpg 768w, https:\/\/www.foodieandtraveler.com\/wp-content\/uploads\/2021\/06\/IMG_2005-1536x1024.jpg 1536w, https:\/\/www.foodieandtraveler.com\/wp-content\/uploads\/2021\/06\/IMG_2005-696x464.jpg 696w, https:\/\/www.foodieandtraveler.com\/wp-content\/uploads\/2021\/06\/IMG_2005-1068x712.jpg 1068w, https:\/\/www.foodieandtraveler.com\/wp-content\/uploads\/2021\/06\/IMG_2005-630x420.jpg 630w, https:\/\/www.foodieandtraveler.com\/wp-content\/uploads\/2021\/06\/IMG_2005.jpg 1800w\" sizes=\"(max-width: 1024px) 100vw, 1024px\" \/><\/figure><\/li><li class=\"blocks-gallery-item\"><figure><img loading=\"lazy\" decoding=\"async\" width=\"683\" height=\"1024\" src=\"https:\/\/www.foodieandtraveler.com\/wp-content\/uploads\/2021\/06\/IMG_2004-683x1024.jpg\" alt=\"\" data-id=\"6973\" data-full-url=\"https:\/\/www.foodieandtraveler.com\/wp-content\/uploads\/2021\/06\/IMG_2004.jpg\" data-link=\"https:\/\/www.foodieandtraveler.com\/?attachment_id=6973\" class=\"wp-image-6973\" srcset=\"https:\/\/www.foodieandtraveler.com\/wp-content\/uploads\/2021\/06\/IMG_2004-683x1024.jpg 683w, https:\/\/www.foodieandtraveler.com\/wp-content\/uploads\/2021\/06\/IMG_2004-200x300.jpg 200w, https:\/\/www.foodieandtraveler.com\/wp-content\/uploads\/2021\/06\/IMG_2004-768x1152.jpg 768w, https:\/\/www.foodieandtraveler.com\/wp-content\/uploads\/2021\/06\/IMG_2004-1024x1536.jpg 1024w, https:\/\/www.foodieandtraveler.com\/wp-content\/uploads\/2021\/06\/IMG_2004-696x1044.jpg 696w, https:\/\/www.foodieandtraveler.com\/wp-content\/uploads\/2021\/06\/IMG_2004-1068x1602.jpg 1068w, https:\/\/www.foodieandtraveler.com\/wp-content\/uploads\/2021\/06\/IMG_2004-280x420.jpg 280w, https:\/\/www.foodieandtraveler.com\/wp-content\/uploads\/2021\/06\/IMG_2004.jpg 1200w\" sizes=\"(max-width: 683px) 100vw, 683px\" \/><\/figure><\/li><li class=\"blocks-gallery-item\"><figure><img loading=\"lazy\" decoding=\"async\" width=\"1024\" height=\"683\" src=\"https:\/\/www.foodieandtraveler.com\/wp-content\/uploads\/2021\/06\/IMG_1996-1024x683.jpg\" alt=\"\" data-id=\"6972\" data-full-url=\"https:\/\/www.foodieandtraveler.com\/wp-content\/uploads\/2021\/06\/IMG_1996.jpg\" data-link=\"https:\/\/www.foodieandtraveler.com\/?attachment_id=6972\" class=\"wp-image-6972\" srcset=\"https:\/\/www.foodieandtraveler.com\/wp-content\/uploads\/2021\/06\/IMG_1996-1024x683.jpg 1024w, https:\/\/www.foodieandtraveler.com\/wp-content\/uploads\/2021\/06\/IMG_1996-300x200.jpg 300w, https:\/\/www.foodieandtraveler.com\/wp-content\/uploads\/2021\/06\/IMG_1996-768x512.jpg 768w, https:\/\/www.foodieandtraveler.com\/wp-content\/uploads\/2021\/06\/IMG_1996-1536x1024.jpg 1536w, https:\/\/www.foodieandtraveler.com\/wp-content\/uploads\/2021\/06\/IMG_1996-696x464.jpg 696w, https:\/\/www.foodieandtraveler.com\/wp-content\/uploads\/2021\/06\/IMG_1996-1068x712.jpg 1068w, https:\/\/www.foodieandtraveler.com\/wp-content\/uploads\/2021\/06\/IMG_1996-630x420.jpg 630w, https:\/\/www.foodieandtraveler.com\/wp-content\/uploads\/2021\/06\/IMG_1996.jpg 1800w\" sizes=\"(max-width: 1024px) 100vw, 1024px\" \/><\/figure><\/li><li class=\"blocks-gallery-item\"><figure><img loading=\"lazy\" decoding=\"async\" width=\"1024\" height=\"683\" src=\"https:\/\/www.foodieandtraveler.com\/wp-content\/uploads\/2021\/06\/IMG_1994-1024x683.jpg\" alt=\"\" data-id=\"6971\" data-full-url=\"https:\/\/www.foodieandtraveler.com\/wp-content\/uploads\/2021\/06\/IMG_1994.jpg\" data-link=\"https:\/\/www.foodieandtraveler.com\/?attachment_id=6971\" class=\"wp-image-6971\" srcset=\"https:\/\/www.foodieandtraveler.com\/wp-content\/uploads\/2021\/06\/IMG_1994-1024x683.jpg 1024w, https:\/\/www.foodieandtraveler.com\/wp-content\/uploads\/2021\/06\/IMG_1994-300x200.jpg 300w, https:\/\/www.foodieandtraveler.com\/wp-content\/uploads\/2021\/06\/IMG_1994-768x512.jpg 768w, https:\/\/www.foodieandtraveler.com\/wp-content\/uploads\/2021\/06\/IMG_1994-1536x1024.jpg 1536w, https:\/\/www.foodieandtraveler.com\/wp-content\/uploads\/2021\/06\/IMG_1994-696x464.jpg 696w, https:\/\/www.foodieandtraveler.com\/wp-content\/uploads\/2021\/06\/IMG_1994-1068x712.jpg 1068w, https:\/\/www.foodieandtraveler.com\/wp-content\/uploads\/2021\/06\/IMG_1994-630x420.jpg 630w, https:\/\/www.foodieandtraveler.com\/wp-content\/uploads\/2021\/06\/IMG_1994.jpg 1800w\" sizes=\"(max-width: 1024px) 100vw, 1024px\" \/><\/figure><\/li><\/ul><figcaption class=\"blocks-gallery-caption\">Variedad de Dulces Criollos Dominicanos <\/figcaption><\/figure>\n","protected":false},"excerpt":{"rendered":"<p>Una cocinera de larga data, una pandemia que llama a ser resiliente, recetas de anta\u00f1o, todo esto gener\u00f3 la ocasi\u00f3n perfecta para el evento denominado \u201cDulce Atardecer\u201d en el que MITUR invit\u00f3 a un selecto grupo de comunicadores a conocer una motivante historia de amor por los dulces y superaci\u00f3n, de la mano de do\u00f1a [&hellip;]<\/p>\n","protected":false},"author":9,"featured_media":6974,"comment_status":"open","ping_status":"closed","sticky":false,"template":"","format":"standard","meta":{"footnotes":""},"categories":[2894,47,3074,156],"tags":[],"class_list":["post-6970","post","type-post","status-publish","format-standard","has-post-thumbnail","hentry","category-apoyo-local","category-dulce-tentacion","category-emprendedores","category-evento-gastronomico"],"_links":{"self":[{"href":"https:\/\/www.foodieandtraveler.com\/index.php\/wp-json\/wp\/v2\/posts\/6970","targetHints":{"allow":["GET"]}}],"collection":[{"href":"https:\/\/www.foodieandtraveler.com\/index.php\/wp-json\/wp\/v2\/posts"}],"about":[{"href":"https:\/\/www.foodieandtraveler.com\/index.php\/wp-json\/wp\/v2\/types\/post"}],"author":[{"embeddable":true,"href":"https:\/\/www.foodieandtraveler.com\/index.php\/wp-json\/wp\/v2\/users\/9"}],"replies":[{"embeddable":true,"href":"https:\/\/www.foodieandtraveler.com\/index.php\/wp-json\/wp\/v2\/comments?post=6970"}],"version-history":[{"count":0,"href":"https:\/\/www.foodieandtraveler.com\/index.php\/wp-json\/wp\/v2\/posts\/6970\/revisions"}],"wp:featuredmedia":[{"embeddable":true,"href":"https:\/\/www.foodieandtraveler.com\/index.php\/wp-json\/wp\/v2\/media\/6974"}],"wp:attachment":[{"href":"https:\/\/www.foodieandtraveler.com\/index.php\/wp-json\/wp\/v2\/media?parent=6970"}],"wp:term":[{"taxonomy":"category","embeddable":true,"href":"https:\/\/www.foodieandtraveler.com\/index.php\/wp-json\/wp\/v2\/categories?post=6970"},{"taxonomy":"post_tag","embeddable":true,"href":"https:\/\/www.foodieandtraveler.com\/index.php\/wp-json\/wp\/v2\/tags?post=6970"}],"curies":[{"name":"wp","href":"https:\/\/api.w.org\/{rel}","templated":true}]}}