{"id":6915,"date":"2021-05-20T21:28:09","date_gmt":"2021-05-21T01:28:09","guid":{"rendered":"https:\/\/www.foodieandtraveler.com\/?p=6915"},"modified":"2021-05-20T21:28:13","modified_gmt":"2021-05-21T01:28:13","slug":"las-creaciones-artisticas-del-chef-alejo","status":"publish","type":"post","link":"https:\/\/www.foodieandtraveler.com\/index.php\/las-creaciones-artisticas-del-chef-alejo\/","title":{"rendered":"Las creaciones art\u00edsticas del chef Alejo"},"content":{"rendered":"\n<p>Con apenas 24 a\u00f1os de edad, el dominicano Juan Alejandro Pereyra \u201cChef Alejo\u201d profesional gastron\u00f3mico, es uno de los Chef Docente m\u00e1s joven de la Rep\u00fablica Dominicana, cautivando con cada uno de sus platos.<\/p>\n\n\n\n<p>Su familia es su principal motor y quienes d\u00eda a d\u00eda le apoyan en sus ocurrencias, la vida y sus vaivenes le pudieron cambiar el rumbo y, con \u00e9l, la profesi\u00f3n, pero Juan Alejandro Pereyra tuvo claro que el amor por la cocina le definir\u00eda el futuro.<\/p>\n\n\n\n<p>Su pasi\u00f3n no es de herencia, sino que su visi\u00f3n por la comida y el poder hacer magia con la misma lo llevaron a adentrarse m\u00e1s en el mundo culinario.&nbsp;\u201cSiempre me gusto la cocina, era la peque\u00f1a curiosidad de utilizar diferentes productos, me inspira convertir un producto b\u00e1sico en arte\u201d, Para m\u00ed lo m\u00e1s importante es el sabor, que te transporte, vivir experiencias y luego la presentaci\u00f3n, nos comenta Chef Alejo.<\/p>\n\n\n\n<p>Tanto la cocina como la pasteler\u00eda son sus pasiones por lo que le encanta trabajar con los productos propios del lugar y conjugar con ellos para hacer de sus platos una obra de arte.<\/p>\n\n\n\n<p>Chef Alejo es egresado del instituto de Argentina de Gastronom\u00eda IAG (Profesional Gastron\u00f3mico), actualmente se desempe\u00f1a como Chef Docente en una de las escuelas internacionales gastron\u00f3micas m\u00e1s prestigiosas del pa\u00eds, formo parte de la cocina de Astrid &amp; Gaston en Lima, Per\u00fa donde desarrollo nuevas t\u00e9cnicas.<\/p>\n\n\n\n<p>Nos cuenta que tiene como lema que todo lo que hagas con pasi\u00f3n y amor a la larga terminar\u00e1 siendo rentable, ser tu mejor versi\u00f3n, olvidarte del trabajo de los dem\u00e1s y enfocarte en el tuyo tendr\u00e1 como consecuencia que los resultados y las bendiciones llegar\u00e1n por si solos.<\/p>\n\n\n\n<p>A planes futuro quiere seguir form\u00e1ndose como profesional y hacer lo que disfruta, compartir sus conocimientos.<\/p>\n\n\n\n<p>Pueden seguirlo en sus redes @chefalejoo.<\/p>\n\n\n\n<figure class=\"wp-block-gallery columns-3 is-cropped wp-block-gallery-1 is-layout-flex wp-block-gallery-is-layout-flex\"><ul class=\"blocks-gallery-grid\"><li class=\"blocks-gallery-item\"><figure><img fetchpriority=\"high\" decoding=\"async\" width=\"768\" height=\"1024\" src=\"https:\/\/www.foodieandtraveler.com\/wp-content\/uploads\/2021\/05\/IMG_7389-768x1024.jpeg\" alt=\"\" data-id=\"6919\" data-full-url=\"https:\/\/www.foodieandtraveler.com\/wp-content\/uploads\/2021\/05\/IMG_7389.jpeg\" data-link=\"https:\/\/www.foodieandtraveler.com\/?attachment_id=6919\" class=\"wp-image-6919\" srcset=\"https:\/\/www.foodieandtraveler.com\/wp-content\/uploads\/2021\/05\/IMG_7389-768x1024.jpeg 768w, https:\/\/www.foodieandtraveler.com\/wp-content\/uploads\/2021\/05\/IMG_7389-225x300.jpeg 225w, https:\/\/www.foodieandtraveler.com\/wp-content\/uploads\/2021\/05\/IMG_7389-1152x1536.jpeg 1152w, https:\/\/www.foodieandtraveler.com\/wp-content\/uploads\/2021\/05\/IMG_7389-696x928.jpeg 696w, https:\/\/www.foodieandtraveler.com\/wp-content\/uploads\/2021\/05\/IMG_7389-1068x1424.jpeg 1068w, https:\/\/www.foodieandtraveler.com\/wp-content\/uploads\/2021\/05\/IMG_7389-315x420.jpeg 315w, https:\/\/www.foodieandtraveler.com\/wp-content\/uploads\/2021\/05\/IMG_7389.jpeg 1536w\" sizes=\"(max-width: 768px) 100vw, 768px\" \/><\/figure><\/li><li class=\"blocks-gallery-item\"><figure><img decoding=\"async\" width=\"1024\" height=\"1024\" src=\"https:\/\/www.foodieandtraveler.com\/wp-content\/uploads\/2021\/05\/IMG_4750-1024x1024.jpeg\" alt=\"\" data-id=\"6918\" data-full-url=\"https:\/\/www.foodieandtraveler.com\/wp-content\/uploads\/2021\/05\/IMG_4750.jpeg\" data-link=\"https:\/\/www.foodieandtraveler.com\/?attachment_id=6918\" class=\"wp-image-6918\" srcset=\"https:\/\/www.foodieandtraveler.com\/wp-content\/uploads\/2021\/05\/IMG_4750-1024x1024.jpeg 1024w, https:\/\/www.foodieandtraveler.com\/wp-content\/uploads\/2021\/05\/IMG_4750-300x300.jpeg 300w, https:\/\/www.foodieandtraveler.com\/wp-content\/uploads\/2021\/05\/IMG_4750-150x150.jpeg 150w, https:\/\/www.foodieandtraveler.com\/wp-content\/uploads\/2021\/05\/IMG_4750-768x768.jpeg 768w, https:\/\/www.foodieandtraveler.com\/wp-content\/uploads\/2021\/05\/IMG_4750-1536x1536.jpeg 1536w, https:\/\/www.foodieandtraveler.com\/wp-content\/uploads\/2021\/05\/IMG_4750-696x696.jpeg 696w, https:\/\/www.foodieandtraveler.com\/wp-content\/uploads\/2021\/05\/IMG_4750-1068x1068.jpeg 1068w, https:\/\/www.foodieandtraveler.com\/wp-content\/uploads\/2021\/05\/IMG_4750-420x420.jpeg 420w, https:\/\/www.foodieandtraveler.com\/wp-content\/uploads\/2021\/05\/IMG_4750.jpeg 1773w\" sizes=\"(max-width: 1024px) 100vw, 1024px\" \/><\/figure><\/li><li class=\"blocks-gallery-item\"><figure><img decoding=\"async\" width=\"1024\" height=\"1024\" src=\"https:\/\/www.foodieandtraveler.com\/wp-content\/uploads\/2021\/05\/IMG_4692-1024x1024.jpeg\" alt=\"\" data-id=\"6917\" data-full-url=\"https:\/\/www.foodieandtraveler.com\/wp-content\/uploads\/2021\/05\/IMG_4692.jpeg\" data-link=\"https:\/\/www.foodieandtraveler.com\/?attachment_id=6917\" class=\"wp-image-6917\" srcset=\"https:\/\/www.foodieandtraveler.com\/wp-content\/uploads\/2021\/05\/IMG_4692-1024x1024.jpeg 1024w, https:\/\/www.foodieandtraveler.com\/wp-content\/uploads\/2021\/05\/IMG_4692-300x300.jpeg 300w, https:\/\/www.foodieandtraveler.com\/wp-content\/uploads\/2021\/05\/IMG_4692-150x150.jpeg 150w, https:\/\/www.foodieandtraveler.com\/wp-content\/uploads\/2021\/05\/IMG_4692-768x768.jpeg 768w, https:\/\/www.foodieandtraveler.com\/wp-content\/uploads\/2021\/05\/IMG_4692-1536x1536.jpeg 1536w, https:\/\/www.foodieandtraveler.com\/wp-content\/uploads\/2021\/05\/IMG_4692-696x696.jpeg 696w, https:\/\/www.foodieandtraveler.com\/wp-content\/uploads\/2021\/05\/IMG_4692-1068x1068.jpeg 1068w, https:\/\/www.foodieandtraveler.com\/wp-content\/uploads\/2021\/05\/IMG_4692-420x420.jpeg 420w, https:\/\/www.foodieandtraveler.com\/wp-content\/uploads\/2021\/05\/IMG_4692.jpeg 1773w\" sizes=\"(max-width: 1024px) 100vw, 1024px\" \/><\/figure><\/li><\/ul><figcaption class=\"blocks-gallery-caption\">Creaciones gastron\u00f3micas del Chef Alejo <\/figcaption><\/figure>\n","protected":false},"excerpt":{"rendered":"<p>Con apenas 24 a\u00f1os de edad, el dominicano Juan Alejandro Pereyra \u201cChef Alejo\u201d profesional gastron\u00f3mico, es uno de los Chef Docente m\u00e1s joven de la Rep\u00fablica Dominicana, cautivando con cada uno de sus platos. Su familia es su principal motor y quienes d\u00eda a d\u00eda le apoyan en sus ocurrencias, la vida y sus vaivenes [&hellip;]<\/p>\n","protected":false},"author":9,"featured_media":6924,"comment_status":"open","ping_status":"closed","sticky":false,"template":"","format":"standard","meta":{"footnotes":""},"categories":[1302,233,1142],"tags":[],"class_list":["post-6915","post","type-post","status-publish","format-standard","has-post-thumbnail","hentry","category-chef","category-cocina-dominicana","category-gastronomia"],"_links":{"self":[{"href":"https:\/\/www.foodieandtraveler.com\/index.php\/wp-json\/wp\/v2\/posts\/6915","targetHints":{"allow":["GET"]}}],"collection":[{"href":"https:\/\/www.foodieandtraveler.com\/index.php\/wp-json\/wp\/v2\/posts"}],"about":[{"href":"https:\/\/www.foodieandtraveler.com\/index.php\/wp-json\/wp\/v2\/types\/post"}],"author":[{"embeddable":true,"href":"https:\/\/www.foodieandtraveler.com\/index.php\/wp-json\/wp\/v2\/users\/9"}],"replies":[{"embeddable":true,"href":"https:\/\/www.foodieandtraveler.com\/index.php\/wp-json\/wp\/v2\/comments?post=6915"}],"version-history":[{"count":0,"href":"https:\/\/www.foodieandtraveler.com\/index.php\/wp-json\/wp\/v2\/posts\/6915\/revisions"}],"wp:featuredmedia":[{"embeddable":true,"href":"https:\/\/www.foodieandtraveler.com\/index.php\/wp-json\/wp\/v2\/media\/6924"}],"wp:attachment":[{"href":"https:\/\/www.foodieandtraveler.com\/index.php\/wp-json\/wp\/v2\/media?parent=6915"}],"wp:term":[{"taxonomy":"category","embeddable":true,"href":"https:\/\/www.foodieandtraveler.com\/index.php\/wp-json\/wp\/v2\/categories?post=6915"},{"taxonomy":"post_tag","embeddable":true,"href":"https:\/\/www.foodieandtraveler.com\/index.php\/wp-json\/wp\/v2\/tags?post=6915"}],"curies":[{"name":"wp","href":"https:\/\/api.w.org\/{rel}","templated":true}]}}