{"id":6904,"date":"2021-05-13T18:44:34","date_gmt":"2021-05-13T22:44:34","guid":{"rendered":"https:\/\/www.foodieandtraveler.com\/?p=6904"},"modified":"2021-05-13T18:44:47","modified_gmt":"2021-05-13T22:44:47","slug":"la-escuela-de-hoteleria-del-infotep-en-higuey-ha-formado-mas-de-12-200-trabajadores-y-tecnicos-del-area-turistica","status":"publish","type":"post","link":"https:\/\/www.foodieandtraveler.com\/index.php\/la-escuela-de-hoteleria-del-infotep-en-higuey-ha-formado-mas-de-12-200-trabajadores-y-tecnicos-del-area-turistica\/","title":{"rendered":"La Escuela de Hoteler\u00eda del INFOTEP en Hig\u00fcey ha formado m\u00e1s de 12, 200  trabajadores y t\u00e9cnicos del \u00e1rea tur\u00edstica"},"content":{"rendered":"\n<p>M\u00e1s de 12 mil 200 trabajadores calificados y t\u00e9cnicos del \u00e1rea tur\u00edstica han sido formados en la Escuela de Hoteler\u00eda, Gastronom\u00eda y Pasteler\u00eda que opera el Instituto Nacional de Formaci\u00f3n T\u00e9cnico Profesional&nbsp; en Hig\u00fcey, desde febrero de 2018.&nbsp;&nbsp;&nbsp;&nbsp;&nbsp;&nbsp;<\/p>\n\n\n\n<p>Para mostrar los servicios que ofrece esta escuela hotelera, el director general del <a href=\"http:\/\/www.infotep.gob.do\/\">INFOTEP<\/a>, Rafael Santos Bad\u00eda, ofreci\u00f3 un recorrido por sus instalaciones,\u00a0 a comunicadores vinculados a las \u00e1reas de econom\u00eda y turismo.\u00a0<\/p>\n\n\n\n<p>Esta amplia y moderna instalaci\u00f3n para la formaci\u00f3n y capacitaci\u00f3n t\u00e9cnica en hoteler\u00eda, &nbsp;tiene una oferta compuesta por 84 acciones formativas o cursos validados por&nbsp; la Escuela Hotelera de Avignon de Francia. Abarca 21 aulas y cuatro habitaciones con mobiliario y amenidades de un hotel.&nbsp;<\/p>\n\n\n\n<p>En su visita, los periodistas pudieron observar que tiene una infraestructura tecnol\u00f3gica innovadora con ambiente de aprendizaje \u00f3ptimo para la formaci\u00f3n de&nbsp; chef, t\u00e9cnicos en gastronom\u00eda nacional e internacional, pasteleros, panaderos, bartenders y camareros de primera.<\/p>\n\n\n\n<p>Tambi\u00e9n se forman all\u00ed para el sector tur\u00edstico, uno de los m\u00e1s pujantes de la econom\u00eda nacional, recepcionistas y gobernantas de hoteles, amas de llaves, sommeliers (especialista en vino) y baristas (especializados en bebidas con base en el caf\u00e9).<strong><\/strong><\/p>\n\n\n\n<p><strong><em>Innovaciones<\/em><\/strong><\/p>\n\n\n\n<p>La escuela cuenta con una gama de cursos novedosos como T\u00e9cnico en Mantenimiento de Edificaciones Hoteleras, Camarero Trinchador (especialista en cortes), Camarero Flambeador, Confiter\u00eda de Chocolate, Panes Europeos y un Diplomado en Pasteler\u00eda Creativa.<\/p>\n\n\n\n<p>Su oferta incluye competencias transversales para fomentar los valores, a trav\u00e9s de la formaci\u00f3n humana, estimulando as\u00ed un comportamiento donde prima la responsabilidad, la honestidad, la \u00e9tica, el respeto y la solidaridad.&nbsp;<\/p>\n\n\n\n<p><strong><em>Seis talleres con est\u00e1ndares internacionales<\/em><\/strong><\/p>\n\n\n\n<p>La Escuela de Hoteler\u00eda, Gastronom\u00eda y Pasteler\u00eda del <strong><a href=\"http:\/\/www.infotep.gob.do\/\">INFOTEP<\/a><\/strong> dispone de seis talleres, dise\u00f1ados conforme los requerimientos de una industria hotelera con est\u00e1ndares internacionales: Gastronom\u00eda, Recepci\u00f3n Hotelera y Alojamiento, Panader\u00eda, Reposter\u00eda, Servicios de Bar y Restaurante y An\u00e1lisis Sensorial.<\/p>\n\n\n\n<p>&nbsp;El taller de Gastronom\u00eda es el principal. En este se ofrecen acciones formativas sobre cocina, platos calientes, platos fr\u00edos, platos internacionales, elaboraci\u00f3n de embutidos artesanales y se imparten los Diplomados&nbsp; en Cocina Natural, Trazabilidad en la Industria Alimentaria, Cocina Molecular y Cocina al Vac\u00edo.<\/p>\n\n\n\n<p>Este 2021 el <strong><a href=\"http:\/\/www.infotep.gob.do\/\">INFOTEP<\/a><\/strong> tiene programado ofrecer en la escuela hotelera 223 cursos que beneficiar\u00e1n a m\u00e1s de cuatro mil participantes de la regi\u00f3n Este y otras zonas del pa\u00eds. En lo que va del a\u00f1o se han ejecutado 72 acciones formativas, d\u00e1ndole atenci\u00f3n a mil 741 participantes.<\/p>\n\n\n\n<p><strong><em>En colaboraci\u00f3n con los sectores productivos&nbsp;<\/em><\/strong><\/p>\n\n\n\n<p>El director general del INFOTEP, Rafael Santos Bad\u00eda, destaca que en la escuela se trabaja en estrecha relaci\u00f3n con las empresas y asociaciones del sector tur\u00edstico, como es el caso del grupo Puntacana, con el cual se desarrollan programas de pasant\u00edas en sus diferentes hoteles y \u00e1reas de negocio.<\/p>\n\n\n\n<p>Santos Bad\u00eda explica que esta vinculaci\u00f3n con el sector tur\u00edstico permite que, a trav\u00e9s de la gesti\u00f3n de pasant\u00edas, &nbsp;m\u00e1s del 85% de los egresados de la escuela se quede laborando en los hoteles, logrando no solo que estos establecimientos cuenten con capital humano de calidad, sino tambi\u00e9n reducir el nivel de desempleo.<\/p>\n\n\n\n<p>Con los representantes de las empresas hoteleras tambi\u00e9n se trabaja en la revisi\u00f3n de la oferta&nbsp; de formaci\u00f3n para adecuar la curr\u00edcula a las nuevas necesidades laborales del mercado.&nbsp;<\/p>\n\n\n\n<p>Asimismo, actualmente se est\u00e1n ofreciendo capacitaciones puntuales en los hoteles Royalton, Santuary Cap Cana y Radisson, principalmente en las \u00e1reas de ingl\u00e9s, servicio al cliente y mayordom\u00eda de hoteles, mientras que se prepara un programa formativo que ser\u00e1 desarrollado en Nickelodeon, Majestic y Dreams Puntacana.<\/p>\n\n\n\n<p><strong><em>El recorrido de la prensa<\/em><\/strong><\/p>\n\n\n\n<p>Los periodistas iniciaron su recorrido en el \u00e1rea de alojamiento y observaron las habitaciones para pr\u00e1ctica de hospedaje hotelero. Luego pasaron al taller de An\u00e1lisis Sensorial, donde se impart\u00eda formaci\u00f3n de sommeler\u00eda y tuvieron la oportunidad de degustar algunos de los digestivos y vinos seleccionados.&nbsp;<\/p>\n\n\n\n<p>Tambi\u00e9n visitaron el restaurante de la escuela para observar al equipo de restauraci\u00f3n preparar \u201cplatos a la minuta\u201d, como bananas flambeadas y crepes.<\/p>\n\n\n\n<p>El recorrido incluy\u00f3 una estaci\u00f3n de caf\u00e9, donde los visitantes degustaron diferentes bebidas basadas en caf\u00e9, elaboradas por los estudiantes de barismo.<\/p>\n\n\n\n<p>En los talleres de gastronom\u00eda se exhibieron elementos de la cultura culinaria nacional, como pasa bocas de yuca y pinchos, mientras que en los talleres de Panader\u00eda y Reposter\u00eda se present\u00f3 un display de panes y postres criollos.&nbsp;<\/p>\n\n\n\n<p><strong><em>La edificaci\u00f3n<\/em><\/strong><\/p>\n\n\n\n<p>La Escuela de Hoteler\u00eda, Gastronom\u00eda y Pasteler\u00eda fue inaugurada en febrero de 2018, con la finalidad de mejorar los niveles de productividad de las empresas del sector Turismo, a trav\u00e9s de la formaci\u00f3n y capacitaci\u00f3n del talento humano.&nbsp;<\/p>\n\n\n\n<p>Fue construida con el financiamiento de la Agencia Francesa de Desarrollo (AFD) y recursos del INFOTEP, por un monto de RD$325 millones.<\/p>\n\n\n\n<p>Su construcci\u00f3n y puesta en funcionamiento cont\u00f3 con la asesor\u00eda t\u00e9cnica de la Escuela Hotelera de Avignon, conocida como una de las mejores de Europa en su \u00e1rea.<\/p>\n\n\n\n<p>Tiene cinco edificaciones, tres destinadas a la pr\u00e1ctica docente, una cafeter\u00eda \u00a0y un bloque de mantenimiento.<\/p>\n\n\n\n<figure class=\"wp-block-gallery columns-3 is-cropped wp-block-gallery-1 is-layout-flex wp-block-gallery-is-layout-flex\"><ul class=\"blocks-gallery-grid\"><li class=\"blocks-gallery-item\"><figure><img fetchpriority=\"high\" decoding=\"async\" width=\"1024\" height=\"683\" src=\"https:\/\/www.foodieandtraveler.com\/wp-content\/uploads\/2021\/05\/1-1024x683.jpeg\" alt=\"\" data-id=\"6911\" data-full-url=\"https:\/\/www.foodieandtraveler.com\/wp-content\/uploads\/2021\/05\/1.jpeg\" data-link=\"https:\/\/www.foodieandtraveler.com\/?attachment_id=6911\" class=\"wp-image-6911\" srcset=\"https:\/\/www.foodieandtraveler.com\/wp-content\/uploads\/2021\/05\/1-1024x683.jpeg 1024w, https:\/\/www.foodieandtraveler.com\/wp-content\/uploads\/2021\/05\/1-300x200.jpeg 300w, https:\/\/www.foodieandtraveler.com\/wp-content\/uploads\/2021\/05\/1-768x512.jpeg 768w, https:\/\/www.foodieandtraveler.com\/wp-content\/uploads\/2021\/05\/1-1536x1024.jpeg 1536w, https:\/\/www.foodieandtraveler.com\/wp-content\/uploads\/2021\/05\/1-696x464.jpeg 696w, https:\/\/www.foodieandtraveler.com\/wp-content\/uploads\/2021\/05\/1-1068x712.jpeg 1068w, https:\/\/www.foodieandtraveler.com\/wp-content\/uploads\/2021\/05\/1-630x420.jpeg 630w, https:\/\/www.foodieandtraveler.com\/wp-content\/uploads\/2021\/05\/1.jpeg 1548w\" sizes=\"(max-width: 1024px) 100vw, 1024px\" \/><\/figure><\/li><li class=\"blocks-gallery-item\"><figure><img decoding=\"async\" width=\"1024\" height=\"576\" src=\"https:\/\/www.foodieandtraveler.com\/wp-content\/uploads\/2021\/05\/ESCUELA-DE-HOTELERI\u0301A-GASTRONOMI\u0301A-Y-PASTELERI\u0301A-DEL-INFOTEP-EN-HIGUEY-1024x576.jpeg\" alt=\"\" data-id=\"6910\" data-full-url=\"https:\/\/www.foodieandtraveler.com\/wp-content\/uploads\/2021\/05\/ESCUELA-DE-HOTELERI\u0301A-GASTRONOMI\u0301A-Y-PASTELERI\u0301A-DEL-INFOTEP-EN-HIGUEY.jpeg\" data-link=\"https:\/\/www.foodieandtraveler.com\/?attachment_id=6910\" class=\"wp-image-6910\" srcset=\"https:\/\/www.foodieandtraveler.com\/wp-content\/uploads\/2021\/05\/ESCUELA-DE-HOTELERI\u0301A-GASTRONOMI\u0301A-Y-PASTELERI\u0301A-DEL-INFOTEP-EN-HIGUEY-1024x576.jpeg 1024w, https:\/\/www.foodieandtraveler.com\/wp-content\/uploads\/2021\/05\/ESCUELA-DE-HOTELERI\u0301A-GASTRONOMI\u0301A-Y-PASTELERI\u0301A-DEL-INFOTEP-EN-HIGUEY-300x169.jpeg 300w, https:\/\/www.foodieandtraveler.com\/wp-content\/uploads\/2021\/05\/ESCUELA-DE-HOTELERI\u0301A-GASTRONOMI\u0301A-Y-PASTELERI\u0301A-DEL-INFOTEP-EN-HIGUEY-768x432.jpeg 768w, https:\/\/www.foodieandtraveler.com\/wp-content\/uploads\/2021\/05\/ESCUELA-DE-HOTELERI\u0301A-GASTRONOMI\u0301A-Y-PASTELERI\u0301A-DEL-INFOTEP-EN-HIGUEY-1536x864.jpeg 1536w, https:\/\/www.foodieandtraveler.com\/wp-content\/uploads\/2021\/05\/ESCUELA-DE-HOTELERI\u0301A-GASTRONOMI\u0301A-Y-PASTELERI\u0301A-DEL-INFOTEP-EN-HIGUEY-696x392.jpeg 696w, https:\/\/www.foodieandtraveler.com\/wp-content\/uploads\/2021\/05\/ESCUELA-DE-HOTELERI\u0301A-GASTRONOMI\u0301A-Y-PASTELERI\u0301A-DEL-INFOTEP-EN-HIGUEY-1068x601.jpeg 1068w, https:\/\/www.foodieandtraveler.com\/wp-content\/uploads\/2021\/05\/ESCUELA-DE-HOTELERI\u0301A-GASTRONOMI\u0301A-Y-PASTELERI\u0301A-DEL-INFOTEP-EN-HIGUEY-747x420.jpeg 747w, https:\/\/www.foodieandtraveler.com\/wp-content\/uploads\/2021\/05\/ESCUELA-DE-HOTELERI\u0301A-GASTRONOMI\u0301A-Y-PASTELERI\u0301A-DEL-INFOTEP-EN-HIGUEY.jpeg 1600w\" sizes=\"(max-width: 1024px) 100vw, 1024px\" \/><\/figure><\/li><li class=\"blocks-gallery-item\"><figure><img decoding=\"async\" width=\"1024\" height=\"682\" src=\"https:\/\/www.foodieandtraveler.com\/wp-content\/uploads\/2021\/05\/Rafael-Santos-Badi\u0301a-director-general-del-INFOTEP-1024x682.jpeg\" alt=\"\" data-id=\"6909\" data-full-url=\"https:\/\/www.foodieandtraveler.com\/wp-content\/uploads\/2021\/05\/Rafael-Santos-Badi\u0301a-director-general-del-INFOTEP.jpeg\" data-link=\"https:\/\/www.foodieandtraveler.com\/?attachment_id=6909\" class=\"wp-image-6909\" srcset=\"https:\/\/www.foodieandtraveler.com\/wp-content\/uploads\/2021\/05\/Rafael-Santos-Badi\u0301a-director-general-del-INFOTEP-1024x682.jpeg 1024w, https:\/\/www.foodieandtraveler.com\/wp-content\/uploads\/2021\/05\/Rafael-Santos-Badi\u0301a-director-general-del-INFOTEP-300x200.jpeg 300w, https:\/\/www.foodieandtraveler.com\/wp-content\/uploads\/2021\/05\/Rafael-Santos-Badi\u0301a-director-general-del-INFOTEP-768x511.jpeg 768w, https:\/\/www.foodieandtraveler.com\/wp-content\/uploads\/2021\/05\/Rafael-Santos-Badi\u0301a-director-general-del-INFOTEP-1536x1022.jpeg 1536w, https:\/\/www.foodieandtraveler.com\/wp-content\/uploads\/2021\/05\/Rafael-Santos-Badi\u0301a-director-general-del-INFOTEP-696x463.jpeg 696w, https:\/\/www.foodieandtraveler.com\/wp-content\/uploads\/2021\/05\/Rafael-Santos-Badi\u0301a-director-general-del-INFOTEP-1068x711.jpeg 1068w, https:\/\/www.foodieandtraveler.com\/wp-content\/uploads\/2021\/05\/Rafael-Santos-Badi\u0301a-director-general-del-INFOTEP-631x420.jpeg 631w, https:\/\/www.foodieandtraveler.com\/wp-content\/uploads\/2021\/05\/Rafael-Santos-Badi\u0301a-director-general-del-INFOTEP.jpeg 1600w\" sizes=\"(max-width: 1024px) 100vw, 1024px\" \/><\/figure><\/li><li class=\"blocks-gallery-item\"><figure><img loading=\"lazy\" decoding=\"async\" width=\"1024\" height=\"682\" src=\"https:\/\/www.foodieandtraveler.com\/wp-content\/uploads\/2021\/05\/Periodistas-de-Santo-Domingo-La-Romana-e-Higu\u0308ey-conocieron-los-talleres-de-la-Escuela-de-Hoteleri\u0301a-Gastronomi\u0301a-y-Pasteleri\u0301a-del-INFOTEP-1024x682.jpeg\" alt=\"\" data-id=\"6908\" data-full-url=\"https:\/\/www.foodieandtraveler.com\/wp-content\/uploads\/2021\/05\/Periodistas-de-Santo-Domingo-La-Romana-e-Higu\u0308ey-conocieron-los-talleres-de-la-Escuela-de-Hoteleri\u0301a-Gastronomi\u0301a-y-Pasteleri\u0301a-del-INFOTEP.jpeg\" data-link=\"https:\/\/www.foodieandtraveler.com\/?attachment_id=6908\" class=\"wp-image-6908\" srcset=\"https:\/\/www.foodieandtraveler.com\/wp-content\/uploads\/2021\/05\/Periodistas-de-Santo-Domingo-La-Romana-e-Higu\u0308ey-conocieron-los-talleres-de-la-Escuela-de-Hoteleri\u0301a-Gastronomi\u0301a-y-Pasteleri\u0301a-del-INFOTEP-1024x682.jpeg 1024w, https:\/\/www.foodieandtraveler.com\/wp-content\/uploads\/2021\/05\/Periodistas-de-Santo-Domingo-La-Romana-e-Higu\u0308ey-conocieron-los-talleres-de-la-Escuela-de-Hoteleri\u0301a-Gastronomi\u0301a-y-Pasteleri\u0301a-del-INFOTEP-300x200.jpeg 300w, https:\/\/www.foodieandtraveler.com\/wp-content\/uploads\/2021\/05\/Periodistas-de-Santo-Domingo-La-Romana-e-Higu\u0308ey-conocieron-los-talleres-de-la-Escuela-de-Hoteleri\u0301a-Gastronomi\u0301a-y-Pasteleri\u0301a-del-INFOTEP-768x512.jpeg 768w, https:\/\/www.foodieandtraveler.com\/wp-content\/uploads\/2021\/05\/Periodistas-de-Santo-Domingo-La-Romana-e-Higu\u0308ey-conocieron-los-talleres-de-la-Escuela-de-Hoteleri\u0301a-Gastronomi\u0301a-y-Pasteleri\u0301a-del-INFOTEP-1536x1023.jpeg 1536w, https:\/\/www.foodieandtraveler.com\/wp-content\/uploads\/2021\/05\/Periodistas-de-Santo-Domingo-La-Romana-e-Higu\u0308ey-conocieron-los-talleres-de-la-Escuela-de-Hoteleri\u0301a-Gastronomi\u0301a-y-Pasteleri\u0301a-del-INFOTEP-696x464.jpeg 696w, https:\/\/www.foodieandtraveler.com\/wp-content\/uploads\/2021\/05\/Periodistas-de-Santo-Domingo-La-Romana-e-Higu\u0308ey-conocieron-los-talleres-de-la-Escuela-de-Hoteleri\u0301a-Gastronomi\u0301a-y-Pasteleri\u0301a-del-INFOTEP-1068x712.jpeg 1068w, https:\/\/www.foodieandtraveler.com\/wp-content\/uploads\/2021\/05\/Periodistas-de-Santo-Domingo-La-Romana-e-Higu\u0308ey-conocieron-los-talleres-de-la-Escuela-de-Hoteleri\u0301a-Gastronomi\u0301a-y-Pasteleri\u0301a-del-INFOTEP-630x420.jpeg 630w, https:\/\/www.foodieandtraveler.com\/wp-content\/uploads\/2021\/05\/Periodistas-de-Santo-Domingo-La-Romana-e-Higu\u0308ey-conocieron-los-talleres-de-la-Escuela-de-Hoteleri\u0301a-Gastronomi\u0301a-y-Pasteleri\u0301a-del-INFOTEP.jpeg 1600w\" sizes=\"(max-width: 1024px) 100vw, 1024px\" \/><\/figure><\/li><li class=\"blocks-gallery-item\"><figure><img loading=\"lazy\" decoding=\"async\" width=\"1024\" height=\"683\" src=\"https:\/\/www.foodieandtraveler.com\/wp-content\/uploads\/2021\/05\/WhatsApp-Image-2021-05-08-at-7.09.23-PM-1-1024x683.jpeg\" alt=\"\" data-id=\"6907\" data-full-url=\"https:\/\/www.foodieandtraveler.com\/wp-content\/uploads\/2021\/05\/WhatsApp-Image-2021-05-08-at-7.09.23-PM-1.jpeg\" data-link=\"https:\/\/www.foodieandtraveler.com\/?attachment_id=6907\" class=\"wp-image-6907\" srcset=\"https:\/\/www.foodieandtraveler.com\/wp-content\/uploads\/2021\/05\/WhatsApp-Image-2021-05-08-at-7.09.23-PM-1-1024x683.jpeg 1024w, https:\/\/www.foodieandtraveler.com\/wp-content\/uploads\/2021\/05\/WhatsApp-Image-2021-05-08-at-7.09.23-PM-1-300x200.jpeg 300w, https:\/\/www.foodieandtraveler.com\/wp-content\/uploads\/2021\/05\/WhatsApp-Image-2021-05-08-at-7.09.23-PM-1-768x512.jpeg 768w, https:\/\/www.foodieandtraveler.com\/wp-content\/uploads\/2021\/05\/WhatsApp-Image-2021-05-08-at-7.09.23-PM-1-1536x1024.jpeg 1536w, https:\/\/www.foodieandtraveler.com\/wp-content\/uploads\/2021\/05\/WhatsApp-Image-2021-05-08-at-7.09.23-PM-1-696x464.jpeg 696w, https:\/\/www.foodieandtraveler.com\/wp-content\/uploads\/2021\/05\/WhatsApp-Image-2021-05-08-at-7.09.23-PM-1-1068x712.jpeg 1068w, https:\/\/www.foodieandtraveler.com\/wp-content\/uploads\/2021\/05\/WhatsApp-Image-2021-05-08-at-7.09.23-PM-1-630x420.jpeg 630w, https:\/\/www.foodieandtraveler.com\/wp-content\/uploads\/2021\/05\/WhatsApp-Image-2021-05-08-at-7.09.23-PM-1.jpeg 1548w\" sizes=\"(max-width: 1024px) 100vw, 1024px\" \/><\/figure><\/li><li class=\"blocks-gallery-item\"><figure><img loading=\"lazy\" decoding=\"async\" width=\"1024\" height=\"683\" src=\"https:\/\/www.foodieandtraveler.com\/wp-content\/uploads\/2021\/05\/WhatsApp-Image-2021-05-08-at-7.09.20-PM-1024x683.jpeg\" alt=\"\" data-id=\"6905\" data-full-url=\"https:\/\/www.foodieandtraveler.com\/wp-content\/uploads\/2021\/05\/WhatsApp-Image-2021-05-08-at-7.09.20-PM.jpeg\" data-link=\"https:\/\/www.foodieandtraveler.com\/?attachment_id=6905\" class=\"wp-image-6905\" srcset=\"https:\/\/www.foodieandtraveler.com\/wp-content\/uploads\/2021\/05\/WhatsApp-Image-2021-05-08-at-7.09.20-PM-1024x683.jpeg 1024w, https:\/\/www.foodieandtraveler.com\/wp-content\/uploads\/2021\/05\/WhatsApp-Image-2021-05-08-at-7.09.20-PM-300x200.jpeg 300w, https:\/\/www.foodieandtraveler.com\/wp-content\/uploads\/2021\/05\/WhatsApp-Image-2021-05-08-at-7.09.20-PM-768x512.jpeg 768w, https:\/\/www.foodieandtraveler.com\/wp-content\/uploads\/2021\/05\/WhatsApp-Image-2021-05-08-at-7.09.20-PM-1536x1024.jpeg 1536w, https:\/\/www.foodieandtraveler.com\/wp-content\/uploads\/2021\/05\/WhatsApp-Image-2021-05-08-at-7.09.20-PM-696x464.jpeg 696w, https:\/\/www.foodieandtraveler.com\/wp-content\/uploads\/2021\/05\/WhatsApp-Image-2021-05-08-at-7.09.20-PM-1068x712.jpeg 1068w, https:\/\/www.foodieandtraveler.com\/wp-content\/uploads\/2021\/05\/WhatsApp-Image-2021-05-08-at-7.09.20-PM-630x420.jpeg 630w, https:\/\/www.foodieandtraveler.com\/wp-content\/uploads\/2021\/05\/WhatsApp-Image-2021-05-08-at-7.09.20-PM.jpeg 1548w\" sizes=\"(max-width: 1024px) 100vw, 1024px\" \/><\/figure><\/li><\/ul><\/figure>\n","protected":false},"excerpt":{"rendered":"<p>M\u00e1s de 12 mil 200 trabajadores calificados y t\u00e9cnicos del \u00e1rea tur\u00edstica han sido formados en la Escuela de Hoteler\u00eda, Gastronom\u00eda y Pasteler\u00eda que opera el Instituto Nacional de Formaci\u00f3n T\u00e9cnico Profesional&nbsp; en Hig\u00fcey, desde febrero de 2018.&nbsp;&nbsp;&nbsp;&nbsp;&nbsp;&nbsp; Para mostrar los servicios que ofrece esta escuela hotelera, el director general del INFOTEP, Rafael Santos Bad\u00eda, [&hellip;]<\/p>\n","protected":false},"author":9,"featured_media":6906,"comment_status":"open","ping_status":"closed","sticky":false,"template":"","format":"standard","meta":{"footnotes":""},"categories":[2894,1142,2893,48],"tags":[],"class_list":["post-6904","post","type-post","status-publish","format-standard","has-post-thumbnail","hentry","category-apoyo-local","category-gastronomia","category-sostenibilidad","category-turismo"],"_links":{"self":[{"href":"https:\/\/www.foodieandtraveler.com\/index.php\/wp-json\/wp\/v2\/posts\/6904","targetHints":{"allow":["GET"]}}],"collection":[{"href":"https:\/\/www.foodieandtraveler.com\/index.php\/wp-json\/wp\/v2\/posts"}],"about":[{"href":"https:\/\/www.foodieandtraveler.com\/index.php\/wp-json\/wp\/v2\/types\/post"}],"author":[{"embeddable":true,"href":"https:\/\/www.foodieandtraveler.com\/index.php\/wp-json\/wp\/v2\/users\/9"}],"replies":[{"embeddable":true,"href":"https:\/\/www.foodieandtraveler.com\/index.php\/wp-json\/wp\/v2\/comments?post=6904"}],"version-history":[{"count":0,"href":"https:\/\/www.foodieandtraveler.com\/index.php\/wp-json\/wp\/v2\/posts\/6904\/revisions"}],"wp:featuredmedia":[{"embeddable":true,"href":"https:\/\/www.foodieandtraveler.com\/index.php\/wp-json\/wp\/v2\/media\/6906"}],"wp:attachment":[{"href":"https:\/\/www.foodieandtraveler.com\/index.php\/wp-json\/wp\/v2\/media?parent=6904"}],"wp:term":[{"taxonomy":"category","embeddable":true,"href":"https:\/\/www.foodieandtraveler.com\/index.php\/wp-json\/wp\/v2\/categories?post=6904"},{"taxonomy":"post_tag","embeddable":true,"href":"https:\/\/www.foodieandtraveler.com\/index.php\/wp-json\/wp\/v2\/tags?post=6904"}],"curies":[{"name":"wp","href":"https:\/\/api.w.org\/{rel}","templated":true}]}}