{"id":6751,"date":"2021-03-25T20:39:26","date_gmt":"2021-03-26T00:39:26","guid":{"rendered":"https:\/\/www.foodieandtraveler.com\/?p=6751"},"modified":"2021-03-25T20:39:35","modified_gmt":"2021-03-26T00:39:35","slug":"presidente-luis-abinader-visita-etapa-final-de-la-torre-7-mares-at-cap-cana","status":"publish","type":"post","link":"https:\/\/www.foodieandtraveler.com\/index.php\/presidente-luis-abinader-visita-etapa-final-de-la-torre-7-mares-at-cap-cana\/","title":{"rendered":"Presidente Luis Abinader visita etapa final de la torre &#8220;7 Mares at Cap Cana&#8221;"},"content":{"rendered":"\n<p>La primera torre de 18 niveles de la ciudad destino&nbsp;Cap Cana &#8220;7 Mares at Cap Cana&#8221;, recibi\u00f3 la visita del primer mandatario del pa\u00eds, el Presidente Luis Abinader, el cual visualiz\u00f3 la etapa final del proyecto de lujo,&nbsp;ubicado a 1,000 metros de la playa de Juanillo y del \u00e1rea hotelera con imponentes vistas al mar Caribe.<\/p>\n\n\n\n<p>7 Mares es considerada un producto innovador que&nbsp;traer\u00e1 un estilo de vida caracter\u00edstico de las ciudades tur\u00edsticas m\u00e1s emblem\u00e1ticas del mundo, y desde ya se&nbsp;est\u00e1 convirtiendo en un \u00edcono&nbsp;de la zona Este, por ser la primera edificaci\u00f3n de altura que se construye&nbsp;en la ciudad destino Cap Cana y en toda el \u00e1rea de Punta Cana.<\/p>\n\n\n\n<p>El acto encabezado por el Presidente de la Rep\u00fablica tambi\u00e9n cont\u00f3 con la presencia del ministro de Turismo David Collado, invitados especiales y personalidades ligadas al sector.<\/p>\n\n\n\n<p>Francisco Feaugas fue el arquitecto de la obra cuya construcci\u00f3n ha estado a cargo del desarrollador dominicano Constructora Logroval, quien&nbsp; durante su trayectoria de m\u00e1s de 30 a\u00f1os se ha destacado por la construcci\u00f3n de torres de gran calidad. Adem\u00e1s, Constructora Logroval est\u00e1 al frente del grupo de inversionistas nacionales e internacionales que est\u00e1n desarrollando la torre 7 Mares.<\/p>\n\n\n\n<p>Alejandro Logro\u00f1o y Eduardo Valdez, ejecutivos de Constructora Logroval, expresaron que desde los inicios de Cap Cana se impresionaron con el planeamiento urbano de este desarrollo y desde entonces han realizado villas en distintos sectores residenciales de este destino. Agregaron que, &#8220;<em>La edificaci\u00f3n<\/em>&nbsp;<em>de 7 Mares nos llena de entusiasmo ya que es la primera vez que realizamos una torre donde los espacios y \u00e1reas comunes se integran al entorno, en este caso, a la belleza natural que tiene Cap Cana&#8221;.&nbsp;<\/em>&nbsp;&nbsp;&nbsp;<\/p>\n\n\n\n<p><strong>Mariano Sanz Lovat\u00f3n<\/strong>, Presidente de Aides Real Estate y socio del proyeto 7 Mares, manifest\u00f3 que&nbsp;<em>&#8220;La sensaci\u00f3n y&nbsp;<\/em><em>espectaculares vistas panor\u00e1micas desde todas las \u00e1reas de la Torre y sobre todo a nivel de altura&nbsp;<\/em><em>es indescriptible, ya que se disfruta de una exquisita combinaci\u00f3n de las vistas espectaculares de Cap Cana, el color verde de la naturaleza y el azul turquesa de la playa de Juanillo&#8221;<\/em>.&nbsp;&nbsp;<\/p>\n\n\n\n<p>Agreg\u00f3 ademas que su ubicaci\u00f3n estrat\u00e9gica en el centro de Cap Cana permitir\u00e1 a los visitantes trasladarse en carritos de golf a todas y cada una de las amenidades que ofrece el destino tur\u00edstico hotelero y residencial.<\/p>\n\n\n\n<p><strong><u>Sobre 7 Mares at Cap Cana<\/u><\/strong><\/p>\n\n\n\n<p>Equipado para la vida moderna con acabados y terminaciones de alta calidad, el proyecto contar\u00e1 con amenidades diversas, entre ellas,\u00a0un majestuoso vest\u00edbulo abierto con ventilaci\u00f3n natural, espectaculares techos de gran altura cubiertos en madera, jardines interiores y amplios espacios libres, gimnasio totalmente equipado, spa, tres piscinas, salas de eventos adecuados para espacios de sociales o de negocios, seguridad 24 horas, servicios de conserjer\u00eda y servicio de estacionamiento.\u00a0Con alta eficiencia arquitect\u00f3nica logradas por su dise\u00f1o funcional, la Torre cuenta con vidrios contra huracanes y anti ruido, y su construcci\u00f3n es realizada con los \u00faltimos c\u00f3digos s\u00edsmicos.\u00a0<\/p>\n","protected":false},"excerpt":{"rendered":"<p>La primera torre de 18 niveles de la ciudad destino&nbsp;Cap Cana &#8220;7 Mares at Cap Cana&#8221;, recibi\u00f3 la visita del primer mandatario del pa\u00eds, el Presidente Luis Abinader, el cual visualiz\u00f3 la etapa final del proyecto de lujo,&nbsp;ubicado a 1,000 metros de la playa de Juanillo y del \u00e1rea hotelera con imponentes vistas al mar [&hellip;]<\/p>\n","protected":false},"author":9,"featured_media":6752,"comment_status":"open","ping_status":"closed","sticky":false,"template":"","format":"standard","meta":{"footnotes":""},"categories":[48],"tags":[3189,3018,116,3190],"class_list":["post-6751","post","type-post","status-publish","format-standard","has-post-thumbnail","hentry","category-turismo","tag-7-mares-at-cap-cana","tag-presidente-luis-abinader","tag-turismo","tag-vap-cana"],"_links":{"self":[{"href":"https:\/\/www.foodieandtraveler.com\/index.php\/wp-json\/wp\/v2\/posts\/6751","targetHints":{"allow":["GET"]}}],"collection":[{"href":"https:\/\/www.foodieandtraveler.com\/index.php\/wp-json\/wp\/v2\/posts"}],"about":[{"href":"https:\/\/www.foodieandtraveler.com\/index.php\/wp-json\/wp\/v2\/types\/post"}],"author":[{"embeddable":true,"href":"https:\/\/www.foodieandtraveler.com\/index.php\/wp-json\/wp\/v2\/users\/9"}],"replies":[{"embeddable":true,"href":"https:\/\/www.foodieandtraveler.com\/index.php\/wp-json\/wp\/v2\/comments?post=6751"}],"version-history":[{"count":0,"href":"https:\/\/www.foodieandtraveler.com\/index.php\/wp-json\/wp\/v2\/posts\/6751\/revisions"}],"wp:featuredmedia":[{"embeddable":true,"href":"https:\/\/www.foodieandtraveler.com\/index.php\/wp-json\/wp\/v2\/media\/6752"}],"wp:attachment":[{"href":"https:\/\/www.foodieandtraveler.com\/index.php\/wp-json\/wp\/v2\/media?parent=6751"}],"wp:term":[{"taxonomy":"category","embeddable":true,"href":"https:\/\/www.foodieandtraveler.com\/index.php\/wp-json\/wp\/v2\/categories?post=6751"},{"taxonomy":"post_tag","embeddable":true,"href":"https:\/\/www.foodieandtraveler.com\/index.php\/wp-json\/wp\/v2\/tags?post=6751"}],"curies":[{"name":"wp","href":"https:\/\/api.w.org\/{rel}","templated":true}]}}