{"id":6591,"date":"2021-02-05T13:32:55","date_gmt":"2021-02-05T17:32:55","guid":{"rendered":"https:\/\/www.foodieandtraveler.com\/?p=6591"},"modified":"2021-02-05T13:32:57","modified_gmt":"2021-02-05T17:32:57","slug":"despegar-robustece-su-presencia-en-republica-dominicana","status":"publish","type":"post","link":"https:\/\/www.foodieandtraveler.com\/index.php\/despegar-robustece-su-presencia-en-republica-dominicana\/","title":{"rendered":"Despegar robustece su presencia en Rep\u00fablica Dominicana"},"content":{"rendered":"\n<p>Despegar, la empresa de viajes l\u00edder en Latinoam\u00e9rica, consolida su presencia en Rep\u00fablica Dominicana, como parte de su objetivo de contribuir con la reactivaci\u00f3n y desarrollo de la industria tur\u00edstica en la regi\u00f3n.<\/p>\n\n\n\n<p>En&nbsp;ese&nbsp;sentido,&nbsp;Despegar&nbsp;ha&nbsp;concretado&nbsp;una&nbsp;alianza&nbsp;estrat\u00e9gica&nbsp;con&nbsp;el&nbsp;empresario&nbsp;tur\u00edstico&nbsp;local,&nbsp;Juan Tomas D\u00edaz Infante, quien maneja las operadoras mayoristas y receptivas de Gray Line y Best Day, desde hace cinco&nbsp;a\u00f1os.<\/p>\n\n\n\n<p>La alianza se deriva de la adquisici\u00f3n de Best Day por parte de Despegar, concretada en octubre de 2020 y que representa un activo clave, dada su fuerte presencia en el mercado mexicano y caribe\u00f1o.<\/p>\n\n\n\n<p>Best&nbsp;Day&nbsp;opera&nbsp;un&nbsp;modelo&nbsp;de&nbsp;negocio&nbsp;multiplataforma.&nbsp;Adem\u00e1s&nbsp;de&nbsp;su&nbsp;negocio&nbsp;al&nbsp;consumidor,&nbsp;a&nbsp;trav\u00e9s de su plataforma en l\u00ednea, centros de llamadas y aproximadamente 190 quioscos en plazas comerciales, la compa\u00f1\u00eda ofrece transporte terrestre, tours y actividades en los principales destinos de M\u00e9xico y Rep\u00fablica&nbsp;Dominicana.<\/p>\n\n\n\n<p>De esta forma, los viajeros latinoamericanos tendr\u00e1n acceso al contenido de viaje m\u00e1s amplio de la regi\u00f3n.<\/p>\n\n\n\n<p>Las palancas competitivas \u00fanicas de Despegar, con una base de m\u00e1s de 18 millones de clientes en la regi\u00f3n y el conocimiento profundo del turista latinoamericano, gracias al uso de tecnolog\u00eda y la innovaci\u00f3n, combinadas con la experiencia y asociaciones del empresario D\u00edaz Infante en el mercado dominicano, fortalecen a\u00fan m\u00e1s la propuesta de valor conjunta, de cara a los viajeros.<\/p>\n\n\n\n<p><strong><u>Acerca de Despegar.com<\/u><\/strong><strong><\/strong><\/p>\n\n\n\n<p>Despegar es la empresa de viajes l\u00edder en Latinoam\u00e9rica. Con 21 a\u00f1os en el mercado, opera en 20 pa\u00edses de la regi\u00f3n acompa\u00f1ando a los latinoamericanos desde el momento en que sue\u00f1an con viajar hasta cuando est\u00e1n compartiendo recuerdos. Gracias a la fuerte apuesta por el desarrollo tecnol\u00f3gico, Despegar ofrece una experiencia personalizada para m\u00e1s de 18 millones de clientes.<\/p>\n","protected":false},"excerpt":{"rendered":"<p>Despegar, la empresa de viajes l\u00edder en Latinoam\u00e9rica, consolida su presencia en Rep\u00fablica Dominicana, como parte de su objetivo de contribuir con la reactivaci\u00f3n y desarrollo de la industria tur\u00edstica en la regi\u00f3n. En&nbsp;ese&nbsp;sentido,&nbsp;Despegar&nbsp;ha&nbsp;concretado&nbsp;una&nbsp;alianza&nbsp;estrat\u00e9gica&nbsp;con&nbsp;el&nbsp;empresario&nbsp;tur\u00edstico&nbsp;local,&nbsp;Juan Tomas D\u00edaz Infante, quien maneja las operadoras mayoristas y receptivas de Gray Line y Best Day, desde hace cinco&nbsp;a\u00f1os. La alianza [&hellip;]<\/p>\n","protected":false},"author":9,"featured_media":6592,"comment_status":"open","ping_status":"closed","sticky":false,"template":"","format":"standard","meta":{"footnotes":""},"categories":[48,2314],"tags":[3131,3132,2570,2880,116],"class_list":["post-6591","post","type-post","status-publish","format-standard","has-post-thumbnail","hentry","category-turismo","category-viajeros","tag-despegar","tag-latinoamerica","tag-repubica-dominicana","tag-tecnologia-2","tag-turismo"],"_links":{"self":[{"href":"https:\/\/www.foodieandtraveler.com\/index.php\/wp-json\/wp\/v2\/posts\/6591","targetHints":{"allow":["GET"]}}],"collection":[{"href":"https:\/\/www.foodieandtraveler.com\/index.php\/wp-json\/wp\/v2\/posts"}],"about":[{"href":"https:\/\/www.foodieandtraveler.com\/index.php\/wp-json\/wp\/v2\/types\/post"}],"author":[{"embeddable":true,"href":"https:\/\/www.foodieandtraveler.com\/index.php\/wp-json\/wp\/v2\/users\/9"}],"replies":[{"embeddable":true,"href":"https:\/\/www.foodieandtraveler.com\/index.php\/wp-json\/wp\/v2\/comments?post=6591"}],"version-history":[{"count":0,"href":"https:\/\/www.foodieandtraveler.com\/index.php\/wp-json\/wp\/v2\/posts\/6591\/revisions"}],"wp:featuredmedia":[{"embeddable":true,"href":"https:\/\/www.foodieandtraveler.com\/index.php\/wp-json\/wp\/v2\/media\/6592"}],"wp:attachment":[{"href":"https:\/\/www.foodieandtraveler.com\/index.php\/wp-json\/wp\/v2\/media?parent=6591"}],"wp:term":[{"taxonomy":"category","embeddable":true,"href":"https:\/\/www.foodieandtraveler.com\/index.php\/wp-json\/wp\/v2\/categories?post=6591"},{"taxonomy":"post_tag","embeddable":true,"href":"https:\/\/www.foodieandtraveler.com\/index.php\/wp-json\/wp\/v2\/tags?post=6591"}],"curies":[{"name":"wp","href":"https:\/\/api.w.org\/{rel}","templated":true}]}}