{"id":6357,"date":"2020-11-21T10:32:59","date_gmt":"2020-11-21T14:32:59","guid":{"rendered":"https:\/\/www.foodieandtraveler.com\/?p=6357"},"modified":"2020-11-21T10:33:56","modified_gmt":"2020-11-21T14:33:56","slug":"grupo-rcd-hotels-presenta-el-proyecto-de-turismo-latitud-18","status":"publish","type":"post","link":"https:\/\/www.foodieandtraveler.com\/index.php\/grupo-rcd-hotels-presenta-el-proyecto-de-turismo-latitud-18\/","title":{"rendered":"Grupo RCD HOTELS presenta el proyecto de turismo  \u201cLatitud 18\u201d"},"content":{"rendered":"\n<p>El presidente&nbsp;de la Rep\u00fablica, Luis Abinader Corona encabez\u00f3 el lanzamiento de&nbsp;Latitud 18<strong>,&nbsp;<\/strong>un atractivo y moderno proyecto de turismo ejecutivo localizado estrat\u00e9gicamente en el pol\u00edgono central de la ciudad de Santo Domingo. La obra contempla la edificaci\u00f3n de dos modernos y elegantes hoteles que operar\u00e1n bajo las reconocidas marcas Marriott y Aloft.<\/p>\n\n\n\n<p>Durante la actividad, realizada en el sal\u00f3n Fillmore del Hard Rock Hotel &amp;&nbsp;Casino Punta Cana,&nbsp;el empresario hotelero mexicano, Roberto Chapur, propietario del Grupo RCD, dio a conocer las caracter\u00edsticas del proyecto, que contar\u00e1 con un&nbsp;\u00e1rea de construcci\u00f3n de 52,770m\u00b2 distribuidos&nbsp;en dos torres de 20 niveles, Marriot Hotel con 208 habitaciones y Aloft Hotel con 192 habitaciones. Las experiencias inherentes que el proyecto les ofrecer\u00e1 a sus hu\u00e9spedes incluyen cuatro niveles de parqueo subterr\u00e1neo, un caf\u00e9, moderno gimnasio, tres restaurantes con terraza y 2000 m\u00b2 destinados a espacios para reuniones.<\/p>\n\n\n\n<p>Al hablar de la importancia de la obra, asegur\u00f3 que la Rep\u00fablica Dominicana, con su capital, tiene un casco hist\u00f3rico muy atractivo y una alta demanda de lugares para hacer congresos por lo que el enfoque de este proyecto es el cliente que no solo busca un hotel de playa, sino que tambi\u00e9n est\u00e9 interesado en conocer la ciudad. \u201cVeo una oportunidad muy grande en Santo Domingo para hacer un hotel con un centro de convenciones de dos mil metros cuadrados, mucho m\u00e1s grande de lo que se requiere para 400 habitaciones, y hemos decidido hacerlo as\u00ed para buscar este negocio que sentimos que es una gran oportunidad de mercado que tiene esta ciudad\u201d, apunt\u00f3 Roberto Chapur.<\/p>\n\n\n\n<p>La ubicaci\u00f3n permitir\u00e1 a sus clientes un f\u00e1cil acceso al centro financiero y comercial de la ciudad, as\u00ed como una importante oferta de entretenimiento en la zona. Por otro lado, explic\u00f3 que en su compa\u00f1\u00eda se realizan alrededor de mil quinientas bodas al a\u00f1o, y que est\u00e1 seguro que va a poder desviar un importante n\u00famero de estas a Santo Domingo. Agrega: \u201cEl turismo vacacional que llega a Punta Cana de lejanos lugares se encuentra a solo 200 kil\u00f3metros de la capital por lo que es muy f\u00e1cil, si se promociona desde el principio, que programen dos o tres d\u00edas de vacaciones para estar en Santo Domingo, y para eso hicimos en el proyecto una gran cantidad de restaurantes y bares para que la gente se entretenga en la noche y no sea un hotel solo para dormir\u201d.<\/p>\n\n\n\n<p>Con relaci\u00f3n a los tiempos actuales que se est\u00e1n viviendo, con la crisis sanitaria que ha sacudido el turismo a nivel mundial, dijo que est\u00e1 no ser\u00e1 la primera ni la \u00faltima, afirmando que no se debe bajar la guardia y ahora m\u00e1s que nunca hay que unirse mucho m\u00e1s y ser m\u00e1s eficientes, competitivos, mucho m\u00e1s unidos todos los hoteles y las industrias y que el Gobierno y los empresarios se sientan que tienen un solo fin que es levantar el destino.&nbsp;<\/p>\n\n\n\n<p>Por su parte, el presidente Luis Abinader destac\u00f3 el fomento y apoyo del gobierno a proyectos que generen empleos de calidad y agradeci\u00f3 a la familia mexicana por tomar a Rep\u00fablica Dominicana como su patria y apostar sus inversiones en el destino.<\/p>\n\n\n\n<p>El ministro de Turismo David Collado, quien tambi\u00e9n estuvo presente en el evento, destac\u00f3 que el gobierno ha dispuesto un plan de asistencia m\u00e9dica para viajeros a fin de apoyar el fomento de turismo en la regi\u00f3n. Agradeci\u00f3 a RCD Hotels por creer en Rep\u00fablica Dominicana y continuar enriqueciendo la oferta hotelera de Santo Domingo.<\/p>\n\n\n\n<p>La obra que&nbsp;estar\u00e1 ubicada en la avenida Abraham Lincoln, con calle Andr\u00e9s Julio Aybar, generar\u00e1 m\u00e1s de 1000 empleos directos y su puesta en operaci\u00f3n crear\u00e1 m\u00e1s de 500 nuevos puestos de trabajo. La apertura se espera para el mes de Junio de 2023.<\/p>\n\n\n\n<p>Los detalles del proyecto fueron ofrecidos el jueves 29 de octubre, en un acto que cont\u00f3 con la presencia de los propietarios de grupo RCD Hotels, ejecutivos de Banreservas, el vice alcalde de Santo Domingo, Stalin Alc\u00e1ntara, ejecutivos del Banco Popular Dominicano, representantes de empresas y asociaciones ligadas al sector y personalidades de la vida nacional.<\/p>\n\n\n\n<p>Grupo RCD Hotels se ha destacado en el mercado por los conceptos \u00fanicos que brindan sus hoteles en cuanto a experiencias y entretenimiento en sus distintas locaciones.&nbsp;<\/p>\n\n\n\n<p><strong>ACERCA DE RCD HOTELS<\/strong><\/p>\n\n\n\n<p>RCD Hotels, compa\u00f1\u00eda l\u00edder en hoteler\u00eda con propiedades de lujo en diferentes destinos tur\u00edsticos en Estados Unidos, M\u00e9xico y Rep\u00fablica Dominicana, cada uno con su propia personalidad. En su portafolio cuenta con propiedades de lujo en Estados Unidos que incluyen a Eden Roc Miami Beach y Nobu Miami Beach en Florida y recientemente abri\u00f3 sus puertas en la ciudad de los vientos: Nobu Hotel Chicago. Las propiedades en M\u00e9xico incluyen los Hoteles Hard Rock en Canc\u00fan, Vallarta, Los Cabos, Riviera Maya, as\u00ed como UNICO 20\u00b0 87\u00b0 Hotel Riviera Maya todos con plan todo incluido, Nobu Hotel Los Cabos con plan europeo y Residence Inn M\u00e9rida enfocado al turismo de estad\u00edas largas. En Rep\u00fablica Dominicana, se encuentra Hard Rock Hotel &amp; Casino Punta Cana considerado el primer hotel Hard Rock todo incluido en el mundo.<\/p>\n\n\n\n<figure class=\"wp-block-gallery columns-3 is-cropped wp-block-gallery-1 is-layout-flex wp-block-gallery-is-layout-flex\"><ul class=\"blocks-gallery-grid\"><li class=\"blocks-gallery-item\"><figure><img fetchpriority=\"high\" decoding=\"async\" width=\"682\" height=\"1024\" src=\"https:\/\/www.foodieandtraveler.com\/wp-content\/uploads\/2020\/11\/Foto-4-Christopher-Paniagua-y-Paola-Rainieri.-682x1024.jpg\" alt=\"\" data-id=\"6359\" data-full-url=\"https:\/\/www.foodieandtraveler.com\/wp-content\/uploads\/2020\/11\/Foto-4-Christopher-Paniagua-y-Paola-Rainieri..jpg\" data-link=\"https:\/\/www.foodieandtraveler.com\/?attachment_id=6359\" class=\"wp-image-6359\" srcset=\"https:\/\/www.foodieandtraveler.com\/wp-content\/uploads\/2020\/11\/Foto-4-Christopher-Paniagua-y-Paola-Rainieri.-682x1024.jpg 682w, https:\/\/www.foodieandtraveler.com\/wp-content\/uploads\/2020\/11\/Foto-4-Christopher-Paniagua-y-Paola-Rainieri.-200x300.jpg 200w, https:\/\/www.foodieandtraveler.com\/wp-content\/uploads\/2020\/11\/Foto-4-Christopher-Paniagua-y-Paola-Rainieri.-768x1152.jpg 768w, https:\/\/www.foodieandtraveler.com\/wp-content\/uploads\/2020\/11\/Foto-4-Christopher-Paniagua-y-Paola-Rainieri.-1024x1536.jpg 1024w, https:\/\/www.foodieandtraveler.com\/wp-content\/uploads\/2020\/11\/Foto-4-Christopher-Paniagua-y-Paola-Rainieri.-696x1044.jpg 696w, https:\/\/www.foodieandtraveler.com\/wp-content\/uploads\/2020\/11\/Foto-4-Christopher-Paniagua-y-Paola-Rainieri.-1068x1602.jpg 1068w, https:\/\/www.foodieandtraveler.com\/wp-content\/uploads\/2020\/11\/Foto-4-Christopher-Paniagua-y-Paola-Rainieri.-280x420.jpg 280w, https:\/\/www.foodieandtraveler.com\/wp-content\/uploads\/2020\/11\/Foto-4-Christopher-Paniagua-y-Paola-Rainieri..jpg 1333w\" sizes=\"(max-width: 682px) 100vw, 682px\" \/><\/figure><\/li><li class=\"blocks-gallery-item\"><figure><img decoding=\"async\" width=\"1024\" height=\"682\" src=\"https:\/\/www.foodieandtraveler.com\/wp-content\/uploads\/2020\/11\/Foto-6-Alfonso-Khouri-Hayd\u00e9e-Kuret-de-Rainieri-Jovanni-Herrera-y-Norma-Khouri.-1024x682.jpg\" alt=\"\" data-id=\"6360\" data-full-url=\"https:\/\/www.foodieandtraveler.com\/wp-content\/uploads\/2020\/11\/Foto-6-Alfonso-Khouri-Hayd\u00e9e-Kuret-de-Rainieri-Jovanni-Herrera-y-Norma-Khouri..jpg\" data-link=\"https:\/\/www.foodieandtraveler.com\/?attachment_id=6360\" class=\"wp-image-6360\" srcset=\"https:\/\/www.foodieandtraveler.com\/wp-content\/uploads\/2020\/11\/Foto-6-Alfonso-Khouri-Hayd\u00e9e-Kuret-de-Rainieri-Jovanni-Herrera-y-Norma-Khouri.-1024x682.jpg 1024w, https:\/\/www.foodieandtraveler.com\/wp-content\/uploads\/2020\/11\/Foto-6-Alfonso-Khouri-Hayd\u00e9e-Kuret-de-Rainieri-Jovanni-Herrera-y-Norma-Khouri.-300x200.jpg 300w, https:\/\/www.foodieandtraveler.com\/wp-content\/uploads\/2020\/11\/Foto-6-Alfonso-Khouri-Hayd\u00e9e-Kuret-de-Rainieri-Jovanni-Herrera-y-Norma-Khouri.-768x512.jpg 768w, https:\/\/www.foodieandtraveler.com\/wp-content\/uploads\/2020\/11\/Foto-6-Alfonso-Khouri-Hayd\u00e9e-Kuret-de-Rainieri-Jovanni-Herrera-y-Norma-Khouri.-1536x1024.jpg 1536w, https:\/\/www.foodieandtraveler.com\/wp-content\/uploads\/2020\/11\/Foto-6-Alfonso-Khouri-Hayd\u00e9e-Kuret-de-Rainieri-Jovanni-Herrera-y-Norma-Khouri.-696x464.jpg 696w, https:\/\/www.foodieandtraveler.com\/wp-content\/uploads\/2020\/11\/Foto-6-Alfonso-Khouri-Hayd\u00e9e-Kuret-de-Rainieri-Jovanni-Herrera-y-Norma-Khouri.-1068x712.jpg 1068w, https:\/\/www.foodieandtraveler.com\/wp-content\/uploads\/2020\/11\/Foto-6-Alfonso-Khouri-Hayd\u00e9e-Kuret-de-Rainieri-Jovanni-Herrera-y-Norma-Khouri.-630x420.jpg 630w, https:\/\/www.foodieandtraveler.com\/wp-content\/uploads\/2020\/11\/Foto-6-Alfonso-Khouri-Hayd\u00e9e-Kuret-de-Rainieri-Jovanni-Herrera-y-Norma-Khouri..jpg 2000w\" sizes=\"(max-width: 1024px) 100vw, 1024px\" \/><\/figure><\/li><li class=\"blocks-gallery-item\"><figure><img decoding=\"async\" width=\"682\" height=\"1024\" src=\"https:\/\/www.foodieandtraveler.com\/wp-content\/uploads\/2020\/11\/Foto-8-Diana-El-Hage-y-Deyanira-Khouri-de-El-Hage.-682x1024.jpg\" alt=\"\" data-id=\"6361\" data-full-url=\"https:\/\/www.foodieandtraveler.com\/wp-content\/uploads\/2020\/11\/Foto-8-Diana-El-Hage-y-Deyanira-Khouri-de-El-Hage..jpg\" data-link=\"https:\/\/www.foodieandtraveler.com\/?attachment_id=6361\" class=\"wp-image-6361\" srcset=\"https:\/\/www.foodieandtraveler.com\/wp-content\/uploads\/2020\/11\/Foto-8-Diana-El-Hage-y-Deyanira-Khouri-de-El-Hage.-682x1024.jpg 682w, https:\/\/www.foodieandtraveler.com\/wp-content\/uploads\/2020\/11\/Foto-8-Diana-El-Hage-y-Deyanira-Khouri-de-El-Hage.-200x300.jpg 200w, https:\/\/www.foodieandtraveler.com\/wp-content\/uploads\/2020\/11\/Foto-8-Diana-El-Hage-y-Deyanira-Khouri-de-El-Hage.-768x1152.jpg 768w, https:\/\/www.foodieandtraveler.com\/wp-content\/uploads\/2020\/11\/Foto-8-Diana-El-Hage-y-Deyanira-Khouri-de-El-Hage.-1024x1536.jpg 1024w, https:\/\/www.foodieandtraveler.com\/wp-content\/uploads\/2020\/11\/Foto-8-Diana-El-Hage-y-Deyanira-Khouri-de-El-Hage.-696x1044.jpg 696w, https:\/\/www.foodieandtraveler.com\/wp-content\/uploads\/2020\/11\/Foto-8-Diana-El-Hage-y-Deyanira-Khouri-de-El-Hage.-1068x1602.jpg 1068w, https:\/\/www.foodieandtraveler.com\/wp-content\/uploads\/2020\/11\/Foto-8-Diana-El-Hage-y-Deyanira-Khouri-de-El-Hage.-280x420.jpg 280w, https:\/\/www.foodieandtraveler.com\/wp-content\/uploads\/2020\/11\/Foto-8-Diana-El-Hage-y-Deyanira-Khouri-de-El-Hage..jpg 1333w\" sizes=\"(max-width: 682px) 100vw, 682px\" \/><\/figure><\/li><li class=\"blocks-gallery-item\"><figure><img loading=\"lazy\" decoding=\"async\" width=\"1024\" height=\"688\" src=\"https:\/\/www.foodieandtraveler.com\/wp-content\/uploads\/2020\/11\/Foto-2-Deyanira-Khouri-de-El-Hage-Hayd\u00e9e-Kuret-de-Rainieri-y-Paola-Rainieri.-1024x688.jpg\" alt=\"\" data-id=\"6362\" data-full-url=\"https:\/\/www.foodieandtraveler.com\/wp-content\/uploads\/2020\/11\/Foto-2-Deyanira-Khouri-de-El-Hage-Hayd\u00e9e-Kuret-de-Rainieri-y-Paola-Rainieri.-scaled.jpg\" data-link=\"https:\/\/www.foodieandtraveler.com\/?attachment_id=6362\" class=\"wp-image-6362\" srcset=\"https:\/\/www.foodieandtraveler.com\/wp-content\/uploads\/2020\/11\/Foto-2-Deyanira-Khouri-de-El-Hage-Hayd\u00e9e-Kuret-de-Rainieri-y-Paola-Rainieri.-1024x688.jpg 1024w, https:\/\/www.foodieandtraveler.com\/wp-content\/uploads\/2020\/11\/Foto-2-Deyanira-Khouri-de-El-Hage-Hayd\u00e9e-Kuret-de-Rainieri-y-Paola-Rainieri.-300x202.jpg 300w, https:\/\/www.foodieandtraveler.com\/wp-content\/uploads\/2020\/11\/Foto-2-Deyanira-Khouri-de-El-Hage-Hayd\u00e9e-Kuret-de-Rainieri-y-Paola-Rainieri.-768x516.jpg 768w, https:\/\/www.foodieandtraveler.com\/wp-content\/uploads\/2020\/11\/Foto-2-Deyanira-Khouri-de-El-Hage-Hayd\u00e9e-Kuret-de-Rainieri-y-Paola-Rainieri.-1536x1033.jpg 1536w, https:\/\/www.foodieandtraveler.com\/wp-content\/uploads\/2020\/11\/Foto-2-Deyanira-Khouri-de-El-Hage-Hayd\u00e9e-Kuret-de-Rainieri-y-Paola-Rainieri.-2048x1377.jpg 2048w, https:\/\/www.foodieandtraveler.com\/wp-content\/uploads\/2020\/11\/Foto-2-Deyanira-Khouri-de-El-Hage-Hayd\u00e9e-Kuret-de-Rainieri-y-Paola-Rainieri.-696x468.jpg 696w, https:\/\/www.foodieandtraveler.com\/wp-content\/uploads\/2020\/11\/Foto-2-Deyanira-Khouri-de-El-Hage-Hayd\u00e9e-Kuret-de-Rainieri-y-Paola-Rainieri.-1068x718.jpg 1068w, https:\/\/www.foodieandtraveler.com\/wp-content\/uploads\/2020\/11\/Foto-2-Deyanira-Khouri-de-El-Hage-Hayd\u00e9e-Kuret-de-Rainieri-y-Paola-Rainieri.-625x420.jpg 625w\" sizes=\"(max-width: 1024px) 100vw, 1024px\" \/><\/figure><\/li><\/ul><\/figure>\n","protected":false},"excerpt":{"rendered":"<p>El presidente&nbsp;de la Rep\u00fablica, Luis Abinader Corona encabez\u00f3 el lanzamiento de&nbsp;Latitud 18,&nbsp;un atractivo y moderno proyecto de turismo ejecutivo localizado estrat\u00e9gicamente en el pol\u00edgono central de la ciudad de Santo Domingo. La obra contempla la edificaci\u00f3n de dos modernos y elegantes hoteles que operar\u00e1n bajo las reconocidas marcas Marriott y Aloft. Durante la actividad, realizada [&hellip;]<\/p>\n","protected":false},"author":9,"featured_media":6358,"comment_status":"open","ping_status":"closed","sticky":false,"template":"","format":"standard","meta":{"footnotes":""},"categories":[121,48],"tags":[114,3047,3046],"class_list":["post-6357","post","type-post","status-publish","format-standard","has-post-thumbnail","hentry","category-hoteles","category-turismo","tag-dominican-republic","tag-hosteleria-2","tag-proyecto-de-turismo"],"_links":{"self":[{"href":"https:\/\/www.foodieandtraveler.com\/index.php\/wp-json\/wp\/v2\/posts\/6357","targetHints":{"allow":["GET"]}}],"collection":[{"href":"https:\/\/www.foodieandtraveler.com\/index.php\/wp-json\/wp\/v2\/posts"}],"about":[{"href":"https:\/\/www.foodieandtraveler.com\/index.php\/wp-json\/wp\/v2\/types\/post"}],"author":[{"embeddable":true,"href":"https:\/\/www.foodieandtraveler.com\/index.php\/wp-json\/wp\/v2\/users\/9"}],"replies":[{"embeddable":true,"href":"https:\/\/www.foodieandtraveler.com\/index.php\/wp-json\/wp\/v2\/comments?post=6357"}],"version-history":[{"count":0,"href":"https:\/\/www.foodieandtraveler.com\/index.php\/wp-json\/wp\/v2\/posts\/6357\/revisions"}],"wp:featuredmedia":[{"embeddable":true,"href":"https:\/\/www.foodieandtraveler.com\/index.php\/wp-json\/wp\/v2\/media\/6358"}],"wp:attachment":[{"href":"https:\/\/www.foodieandtraveler.com\/index.php\/wp-json\/wp\/v2\/media?parent=6357"}],"wp:term":[{"taxonomy":"category","embeddable":true,"href":"https:\/\/www.foodieandtraveler.com\/index.php\/wp-json\/wp\/v2\/categories?post=6357"},{"taxonomy":"post_tag","embeddable":true,"href":"https:\/\/www.foodieandtraveler.com\/index.php\/wp-json\/wp\/v2\/tags?post=6357"}],"curies":[{"name":"wp","href":"https:\/\/api.w.org\/{rel}","templated":true}]}}