{"id":6341,"date":"2020-11-21T09:28:14","date_gmt":"2020-11-21T13:28:14","guid":{"rendered":"https:\/\/www.foodieandtraveler.com\/?p=6341"},"modified":"2020-11-21T09:29:07","modified_gmt":"2020-11-21T13:29:07","slug":"progresando-con-solidaridad-entrega-el-premio-manos-del-campo-2020-a-cinco-agricultores","status":"publish","type":"post","link":"https:\/\/www.foodieandtraveler.com\/index.php\/progresando-con-solidaridad-entrega-el-premio-manos-del-campo-2020-a-cinco-agricultores\/","title":{"rendered":"Progresando con Solidaridad entrega el premio \u2018Manos del Campo 2020\u2019 a cinco agricultores"},"content":{"rendered":"\n<p>Promover la agricultura familiar es alimentar la poblaci\u00f3n y reducir la pobreza. Por tal motivo, Progresando con Solidaridad (Prosoli), reconoci\u00f3 el trabajo de cinco familias con el premio \u2018Manos del Campo 2020\u2019, en un acto realizado en el auditorio La Trinitaria, de la Biblioteca Infantil y Juvenil Rep\u00fablica Dominicana.<\/p>\n\n\n\n<p>Al pronunciar el discurso central de la premiaci\u00f3n, la directora de Prosoli, Gloria Reyes destac\u00f3 que el objetivo de este premio es incentivar a los productores agropecuarios que se han destacado en el \u00e1rea de la producci\u00f3n y que garantizan la seguridad alimentaria de sus familias.<\/p>\n\n\n\n<p>&nbsp;\u201cCon su labor y entrega, estos agricultores y agricultoras han demostrado \u00f3ptimos niveles de eficiencia, los que han logrado en t\u00e9rminos de calidad, incremento de ingresos, innovaci\u00f3n, protecci\u00f3n del medio ambiente y participaci\u00f3n comunitaria\u201d.<\/p>\n\n\n\n<p>La directora de Prosoli agreg\u00f3 que en este tiempo que la pandemia limit\u00f3 el accionar de todo el mundo, estas familias le han sacado provecho al campo. \u201cY por eso, hoy reconocemos el esfuerzo que ustedes han hecho para seguir produciendo los alimentos que necesita su familia\u201d, resalt\u00f3 Reyes.<\/p>\n\n\n\n<p>De su lado el ministro de Agricultura, Limber Cruz L\u00f3pez mostr\u00f3 su emoci\u00f3n al decir que siente orgullo con este proyecto de Agricultura Familiar, donde los hombres y mujeres trabajan la tierra de manera org\u00e1nica y producen sus propios alimentos para su familia y la comunidad a la que pertenecen.<\/p>\n\n\n\n<figure class=\"wp-block-gallery columns-3 is-cropped wp-block-gallery-1 is-layout-flex wp-block-gallery-is-layout-flex\"><ul class=\"blocks-gallery-grid\"><li class=\"blocks-gallery-item\"><figure><img fetchpriority=\"high\" decoding=\"async\" width=\"1024\" height=\"682\" src=\"https:\/\/www.foodieandtraveler.com\/wp-content\/uploads\/2020\/11\/Foto-4-1024x682.jpg\" alt=\"\" data-id=\"6344\" data-full-url=\"https:\/\/www.foodieandtraveler.com\/wp-content\/uploads\/2020\/11\/Foto-4.jpg\" data-link=\"https:\/\/www.foodieandtraveler.com\/?attachment_id=6344\" class=\"wp-image-6344\" srcset=\"https:\/\/www.foodieandtraveler.com\/wp-content\/uploads\/2020\/11\/Foto-4-1024x682.jpg 1024w, https:\/\/www.foodieandtraveler.com\/wp-content\/uploads\/2020\/11\/Foto-4-300x200.jpg 300w, https:\/\/www.foodieandtraveler.com\/wp-content\/uploads\/2020\/11\/Foto-4-768x511.jpg 768w, https:\/\/www.foodieandtraveler.com\/wp-content\/uploads\/2020\/11\/Foto-4-696x463.jpg 696w, https:\/\/www.foodieandtraveler.com\/wp-content\/uploads\/2020\/11\/Foto-4-1068x711.jpg 1068w, https:\/\/www.foodieandtraveler.com\/wp-content\/uploads\/2020\/11\/Foto-4-631x420.jpg 631w, https:\/\/www.foodieandtraveler.com\/wp-content\/uploads\/2020\/11\/Foto-4.jpg 1280w\" sizes=\"(max-width: 1024px) 100vw, 1024px\" \/><\/figure><\/li><li class=\"blocks-gallery-item\"><figure><img decoding=\"async\" width=\"1024\" height=\"682\" src=\"https:\/\/www.foodieandtraveler.com\/wp-content\/uploads\/2020\/11\/foto-3-1024x682.jpg\" alt=\"\" data-id=\"6345\" data-full-url=\"https:\/\/www.foodieandtraveler.com\/wp-content\/uploads\/2020\/11\/foto-3.jpg\" data-link=\"https:\/\/www.foodieandtraveler.com\/?attachment_id=6345\" class=\"wp-image-6345\" srcset=\"https:\/\/www.foodieandtraveler.com\/wp-content\/uploads\/2020\/11\/foto-3-1024x682.jpg 1024w, https:\/\/www.foodieandtraveler.com\/wp-content\/uploads\/2020\/11\/foto-3-300x200.jpg 300w, https:\/\/www.foodieandtraveler.com\/wp-content\/uploads\/2020\/11\/foto-3-768x511.jpg 768w, https:\/\/www.foodieandtraveler.com\/wp-content\/uploads\/2020\/11\/foto-3-696x463.jpg 696w, https:\/\/www.foodieandtraveler.com\/wp-content\/uploads\/2020\/11\/foto-3-1068x711.jpg 1068w, https:\/\/www.foodieandtraveler.com\/wp-content\/uploads\/2020\/11\/foto-3-631x420.jpg 631w, https:\/\/www.foodieandtraveler.com\/wp-content\/uploads\/2020\/11\/foto-3.jpg 1280w\" sizes=\"(max-width: 1024px) 100vw, 1024px\" \/><\/figure><\/li><li class=\"blocks-gallery-item\"><figure><img decoding=\"async\" width=\"1024\" height=\"682\" src=\"https:\/\/www.foodieandtraveler.com\/wp-content\/uploads\/2020\/11\/Foto-2-1-1024x682.jpg\" alt=\"\" data-id=\"6342\" data-full-url=\"https:\/\/www.foodieandtraveler.com\/wp-content\/uploads\/2020\/11\/Foto-2-1.jpg\" data-link=\"https:\/\/www.foodieandtraveler.com\/?attachment_id=6342\" class=\"wp-image-6342\" srcset=\"https:\/\/www.foodieandtraveler.com\/wp-content\/uploads\/2020\/11\/Foto-2-1-1024x682.jpg 1024w, https:\/\/www.foodieandtraveler.com\/wp-content\/uploads\/2020\/11\/Foto-2-1-300x200.jpg 300w, https:\/\/www.foodieandtraveler.com\/wp-content\/uploads\/2020\/11\/Foto-2-1-768x511.jpg 768w, https:\/\/www.foodieandtraveler.com\/wp-content\/uploads\/2020\/11\/Foto-2-1-696x463.jpg 696w, https:\/\/www.foodieandtraveler.com\/wp-content\/uploads\/2020\/11\/Foto-2-1-1068x711.jpg 1068w, https:\/\/www.foodieandtraveler.com\/wp-content\/uploads\/2020\/11\/Foto-2-1-631x420.jpg 631w, https:\/\/www.foodieandtraveler.com\/wp-content\/uploads\/2020\/11\/Foto-2-1.jpg 1280w\" sizes=\"(max-width: 1024px) 100vw, 1024px\" \/><\/figure><\/li><\/ul><figcaption class=\"blocks-gallery-caption\">Premiaci\u00f3n Manos del campo 2020<br><\/figcaption><\/figure>\n\n\n\n<p><\/p>\n","protected":false},"excerpt":{"rendered":"<p>Promover la agricultura familiar es alimentar la poblaci\u00f3n y reducir la pobreza. Por tal motivo, Progresando con Solidaridad (Prosoli), reconoci\u00f3 el trabajo de cinco familias con el premio \u2018Manos del Campo 2020\u2019, en un acto realizado en el auditorio La Trinitaria, de la Biblioteca Infantil y Juvenil Rep\u00fablica Dominicana. Al pronunciar el discurso central de [&hellip;]<\/p>\n","protected":false},"author":9,"featured_media":6343,"comment_status":"open","ping_status":"closed","sticky":false,"template":"","format":"standard","meta":{"footnotes":""},"categories":[14],"tags":[939,3041,3042,3043,2980],"class_list":["post-6341","post","type-post","status-publish","format-standard","has-post-thumbnail","hentry","category-notas-de-prensa","tag-agricultores","tag-manos-del-campo","tag-premio","tag-progresando-con-solidaridad","tag-prosoli"],"_links":{"self":[{"href":"https:\/\/www.foodieandtraveler.com\/index.php\/wp-json\/wp\/v2\/posts\/6341","targetHints":{"allow":["GET"]}}],"collection":[{"href":"https:\/\/www.foodieandtraveler.com\/index.php\/wp-json\/wp\/v2\/posts"}],"about":[{"href":"https:\/\/www.foodieandtraveler.com\/index.php\/wp-json\/wp\/v2\/types\/post"}],"author":[{"embeddable":true,"href":"https:\/\/www.foodieandtraveler.com\/index.php\/wp-json\/wp\/v2\/users\/9"}],"replies":[{"embeddable":true,"href":"https:\/\/www.foodieandtraveler.com\/index.php\/wp-json\/wp\/v2\/comments?post=6341"}],"version-history":[{"count":0,"href":"https:\/\/www.foodieandtraveler.com\/index.php\/wp-json\/wp\/v2\/posts\/6341\/revisions"}],"wp:featuredmedia":[{"embeddable":true,"href":"https:\/\/www.foodieandtraveler.com\/index.php\/wp-json\/wp\/v2\/media\/6343"}],"wp:attachment":[{"href":"https:\/\/www.foodieandtraveler.com\/index.php\/wp-json\/wp\/v2\/media?parent=6341"}],"wp:term":[{"taxonomy":"category","embeddable":true,"href":"https:\/\/www.foodieandtraveler.com\/index.php\/wp-json\/wp\/v2\/categories?post=6341"},{"taxonomy":"post_tag","embeddable":true,"href":"https:\/\/www.foodieandtraveler.com\/index.php\/wp-json\/wp\/v2\/tags?post=6341"}],"curies":[{"name":"wp","href":"https:\/\/api.w.org\/{rel}","templated":true}]}}