{"id":6317,"date":"2020-10-28T11:39:38","date_gmt":"2020-10-28T15:39:38","guid":{"rendered":"https:\/\/www.foodieandtraveler.com\/?p=6317"},"modified":"2020-10-28T11:39:40","modified_gmt":"2020-10-28T15:39:40","slug":"luis-manuel-aguilo-es-el-nuevo-vicepresidente-ejecutivo-de-la-colonial","status":"publish","type":"post","link":"https:\/\/www.foodieandtraveler.com\/index.php\/luis-manuel-aguilo-es-el-nuevo-vicepresidente-ejecutivo-de-la-colonial\/","title":{"rendered":"Luis Manuel Aguil\u00f3 es el nuevo vicepresidente ejecutivo de La Colonial"},"content":{"rendered":"\n<p>La Colonial, S.A. compa\u00f1\u00eda de seguros, anunci\u00f3 la designaci\u00f3n de Luis Manuel Aguil\u00f3 como su nuevo vicepresidente ejecutivo.&nbsp;&nbsp;<\/p>\n\n\n\n<p>Al hacer el anuncio, valoraron el alto nivel de desempe\u00f1o que ha mostrado el ejecutivo en el mundo de los seguros, en el cual comenz\u00f3 en la d\u00e9cada de los ochentas.&nbsp;<\/p>\n\n\n\n<p>Resaltaron que Aguil\u00f3, licenciado en Mercadotecnia, inici\u00f3 hace alrededor de 30 a\u00f1os como agente de seguros, realizando un trabajo de fondo y de forma que lo llev\u00f3 a especializarse en el \u00e1rea y a continuar capacit\u00e1ndose para estar a la altura de los nuevos tiempos. Para entonces, esto le permiti\u00f3 ocupar la posici\u00f3n de vicepresidente de Ventas y Mercadeo de La Colonial.<\/p>\n\n\n\n<p>Destacan que esta experiencia basada en el conocimiento del sector, y los a\u00f1os que ha dedicado a la empresa, es lo que los lleva a estar confiados en que el destino de la empresa est\u00e1 en muy buenas manos, las que dar\u00e1n continuidad a la trayectoria de la familia La Colonial, una entidad que por casi cinco d\u00e9cadas ha trabajado por la seguridad de los dominicanos.&nbsp;<\/p>\n\n\n\n<p>Tras agradecer la designaci\u00f3n y la confianza depositada en su trabajo, Aguil\u00f3 manifest\u00f3: \u201cPara m\u00ed, es todo un honor asumir este nuevo reto en una empresa a la que he estado ligado, no s\u00f3lo de manera laboral, sino tambi\u00e9n afectiva. He sido testigo del crecimiento y desarrollo de La Colonial y, m\u00e1s que todo, de los aportes que ha hecho al pa\u00eds, de una forma segura y sostenible\u201d, asegura Aguil\u00f3.<\/p>\n\n\n\n<p>&nbsp;Se comprometi\u00f3 a realizar junto a su equipo, una labor que vaya en sinton\u00eda con los objetivos de la marca, la cual ha fundamentado su trabajo en la calidad, en la entrega y m\u00e1s que todo, en mantenerse a la vanguardia de los nuevos tiempos para dar respuestas oportunas a las necesidades de los dominicanos.<\/p>\n\n\n\n<p>Antes de ser vicepresidente ejecutivo, el nuevo representante de la empresa, se desempe\u00f1aba como vicepresidente con \u00e9nfasis en el Departamento de Mercadeo. Actualmente es segundo vicepresidente del Consejo Administrativo de la instituci\u00f3n.<\/p>\n","protected":false},"excerpt":{"rendered":"<p>La Colonial, S.A. compa\u00f1\u00eda de seguros, anunci\u00f3 la designaci\u00f3n de Luis Manuel Aguil\u00f3 como su nuevo vicepresidente ejecutivo.&nbsp;&nbsp; Al hacer el anuncio, valoraron el alto nivel de desempe\u00f1o que ha mostrado el ejecutivo en el mundo de los seguros, en el cual comenz\u00f3 en la d\u00e9cada de los ochentas.&nbsp; Resaltaron que Aguil\u00f3, licenciado en Mercadotecnia, [&hellip;]<\/p>\n","protected":false},"author":9,"featured_media":6318,"comment_status":"open","ping_status":"closed","sticky":false,"template":"","format":"standard","meta":{"footnotes":""},"categories":[14],"tags":[2594,3035],"class_list":["post-6317","post","type-post","status-publish","format-standard","has-post-thumbnail","hentry","category-notas-de-prensa","tag-luis-manuel-aguilo","tag-vicepresidente-ejecutivo"],"_links":{"self":[{"href":"https:\/\/www.foodieandtraveler.com\/index.php\/wp-json\/wp\/v2\/posts\/6317","targetHints":{"allow":["GET"]}}],"collection":[{"href":"https:\/\/www.foodieandtraveler.com\/index.php\/wp-json\/wp\/v2\/posts"}],"about":[{"href":"https:\/\/www.foodieandtraveler.com\/index.php\/wp-json\/wp\/v2\/types\/post"}],"author":[{"embeddable":true,"href":"https:\/\/www.foodieandtraveler.com\/index.php\/wp-json\/wp\/v2\/users\/9"}],"replies":[{"embeddable":true,"href":"https:\/\/www.foodieandtraveler.com\/index.php\/wp-json\/wp\/v2\/comments?post=6317"}],"version-history":[{"count":0,"href":"https:\/\/www.foodieandtraveler.com\/index.php\/wp-json\/wp\/v2\/posts\/6317\/revisions"}],"wp:featuredmedia":[{"embeddable":true,"href":"https:\/\/www.foodieandtraveler.com\/index.php\/wp-json\/wp\/v2\/media\/6318"}],"wp:attachment":[{"href":"https:\/\/www.foodieandtraveler.com\/index.php\/wp-json\/wp\/v2\/media?parent=6317"}],"wp:term":[{"taxonomy":"category","embeddable":true,"href":"https:\/\/www.foodieandtraveler.com\/index.php\/wp-json\/wp\/v2\/categories?post=6317"},{"taxonomy":"post_tag","embeddable":true,"href":"https:\/\/www.foodieandtraveler.com\/index.php\/wp-json\/wp\/v2\/tags?post=6317"}],"curies":[{"name":"wp","href":"https:\/\/api.w.org\/{rel}","templated":true}]}}