{"id":5191,"date":"2019-10-04T10:47:01","date_gmt":"2019-10-04T14:47:01","guid":{"rendered":"https:\/\/www.foodieandtraveler.com\/?p=5191"},"modified":"2019-10-04T10:47:58","modified_gmt":"2019-10-04T14:47:58","slug":"adotur-reconoce-a-salvador-batista-periodista-turistico-del-2019","status":"publish","type":"post","link":"https:\/\/www.foodieandtraveler.com\/index.php\/adotur-reconoce-a-salvador-batista-periodista-turistico-del-2019\/","title":{"rendered":"ADOTUR reconoce a Salvador Batista \u201cperiodista tur\u00edstico del 2019 \u201d"},"content":{"rendered":"<p>La Asociaci\u00f3n Dominicana de Operadores Tur\u00edsticos (ADOTUR), celebr\u00f3 la tercera entrega de \u201cPremios\u00a0ADOTUR\u00a02019\u201d en la cual Salvador Batista fue premiado como el periodista tur\u00edstico del a\u00f1o.<\/p>\n<p>En dicha ceremonia, que concit\u00f3 la presencia de importantes figuras vinculadas al turismo, el tambi\u00e9n colaborador del Peri\u00f3dico Hoy recibi\u00f3 dicha distinci\u00f3n de manos de Milka Hern\u00e1ndez, Directora de Promoci\u00f3n Tur\u00edstica Nacional del Ministerio de Turismo de la Rep\u00fablica Dominicana.<\/p>\n<p>Salvador Batista fue seleccionado entre cinco nominados, por su aporte favor del periodismo tur\u00edstico dominicano, a trav\u00e9s de sus diferentes plataformas tecnol\u00f3gicas, peri\u00f3dico y medios audiovisuales donde presenta sus capsulas tur\u00edsticas.<\/p>\n<p>El mismo agradeci\u00f3 la distinci\u00f3n y destac\u00f3 el aporte que est\u00e1n realizando los medios digitales en promover informaciones precisas e imparciales en el periodismo tur\u00edstico.<\/p>\n<p>Asimismo, subray\u00f3 el papel de las autoridades relacionadas con el turismo y de una nueva generaci\u00f3n de profesionales que a trav\u00e9s de sus portales han logrado generar informaciones tur\u00edsticas que se producen a nivel nacional e internacional de sumo intereses en el sector.<\/p>\n<p>El director del portal <a href=\"http:\/\/www.recorriendoconsalvador.com\">www.recorriendoconsalvador.com<\/a> tambi\u00e9n puso \u00e9nfasis en los influencer de viajes, que, a trav\u00e9s de sus diferentes plataformas digitales, est\u00e1n destacando los atractivos tur\u00edsticos que tienen el pa\u00eds.<\/p>\n<p><strong>Reconocimientos Especiales<\/strong><\/p>\n<p>La festividad\u00a0cont\u00f3 adem\u00e1s con reconocimientos especiales entre estos;\u00a0<strong>Fausto Fern\u00e1ndez;<\/strong>\u00a0Viceministro de Turismo por su gran dedicaci\u00f3n en la gesti\u00f3n p\u00fablica,\u00a0 <strong>ASONAHORES;<\/strong>\u00a0como gesti\u00f3n Institucional en el fomento del turismo dominicano, adem\u00e1s de\u00a0<strong>Rosalinda Thomas<\/strong>\u00a0y<strong>\u00a0Quiterio Cede\u00f1o,\u00a0<\/strong>quienes fueron reconocidos<strong>\u00a0<\/strong>por su larga Trayectoria y aportes al sector.<\/p>\n<p>&nbsp;<\/p>\n","protected":false},"excerpt":{"rendered":"<p>La Asociaci\u00f3n Dominicana de Operadores Tur\u00edsticos (ADOTUR), celebr\u00f3 la tercera entrega de \u201cPremios\u00a0ADOTUR\u00a02019\u201d en la cual Salvador Batista fue premiado como el periodista tur\u00edstico del a\u00f1o. En dicha ceremonia, que concit\u00f3 la presencia de importantes figuras vinculadas al turismo, el tambi\u00e9n colaborador del Peri\u00f3dico Hoy recibi\u00f3 dicha distinci\u00f3n de manos de Milka Hern\u00e1ndez, Directora de [&hellip;]<\/p>\n","protected":false},"author":9,"featured_media":5192,"comment_status":"open","ping_status":"closed","sticky":false,"template":"","format":"standard","meta":{"footnotes":""},"categories":[2,1,48,2314],"tags":[1773,1455,2574,831,2573,1641,68,1765,115,116],"class_list":["post-5191","post","type-post","status-publish","format-standard","has-post-thumbnail","hentry","category-featured","category-uncategorized","category-turismo","category-viajeros","tag-adotur","tag-asonahores","tag-fausto-fernandez","tag-mochileros","tag-periodista-de-turismo","tag-recorriendo-con-salvador","tag-republica-dominicana","tag-salvador-batista","tag-tourism","tag-turismo"],"_links":{"self":[{"href":"https:\/\/www.foodieandtraveler.com\/index.php\/wp-json\/wp\/v2\/posts\/5191","targetHints":{"allow":["GET"]}}],"collection":[{"href":"https:\/\/www.foodieandtraveler.com\/index.php\/wp-json\/wp\/v2\/posts"}],"about":[{"href":"https:\/\/www.foodieandtraveler.com\/index.php\/wp-json\/wp\/v2\/types\/post"}],"author":[{"embeddable":true,"href":"https:\/\/www.foodieandtraveler.com\/index.php\/wp-json\/wp\/v2\/users\/9"}],"replies":[{"embeddable":true,"href":"https:\/\/www.foodieandtraveler.com\/index.php\/wp-json\/wp\/v2\/comments?post=5191"}],"version-history":[{"count":0,"href":"https:\/\/www.foodieandtraveler.com\/index.php\/wp-json\/wp\/v2\/posts\/5191\/revisions"}],"wp:featuredmedia":[{"embeddable":true,"href":"https:\/\/www.foodieandtraveler.com\/index.php\/wp-json\/wp\/v2\/media\/5192"}],"wp:attachment":[{"href":"https:\/\/www.foodieandtraveler.com\/index.php\/wp-json\/wp\/v2\/media?parent=5191"}],"wp:term":[{"taxonomy":"category","embeddable":true,"href":"https:\/\/www.foodieandtraveler.com\/index.php\/wp-json\/wp\/v2\/categories?post=5191"},{"taxonomy":"post_tag","embeddable":true,"href":"https:\/\/www.foodieandtraveler.com\/index.php\/wp-json\/wp\/v2\/tags?post=5191"}],"curies":[{"name":"wp","href":"https:\/\/api.w.org\/{rel}","templated":true}]}}