{"id":5179,"date":"2019-10-03T19:47:27","date_gmt":"2019-10-03T23:47:27","guid":{"rendered":"https:\/\/www.foodieandtraveler.com\/?p=5179"},"modified":"2019-10-03T19:48:39","modified_gmt":"2019-10-03T23:48:39","slug":"propagas-capacita-personal-hoteles-y-restaurantes-manejo-seguro-de-glp","status":"publish","type":"post","link":"https:\/\/www.foodieandtraveler.com\/index.php\/propagas-capacita-personal-hoteles-y-restaurantes-manejo-seguro-de-glp\/","title":{"rendered":"Propagas capacita personal hoteles y restaurantes  manejo seguro de GLP"},"content":{"rendered":"<p class=\"x_MsoNormal\"><span lang=\"ES-DO\">El Grupo Propagas inici\u00f3 un programa de capacitaci\u00f3n para personal de hoteles y restaurantes en los temas de seguridad, gesti\u00f3n de riesgos y manejo adecuado del gas propano durante la Exposici\u00f3n Comercial de la Asociaci\u00f3n de Hoteles y Turismo de la Rep\u00fablica Dominicana (ASONAHORES).<\/span><\/p>\n<p class=\"x_MsoNormal\"><span lang=\"ES-DO\">La conferencia&#8221;La seguridad y la gesti\u00f3n de riesgos: Herramientas que contribuyen a la sostenibilidad de las empresas&#8221; fue impartida por Alex Rivadeneira y Benicarlos Pe\u00f1a, Director y Gerente de Seguridad Industrial del Grupo Propagas respectivamente,a gerentes, ejecutivos, personal de mantenimiento, operaciones y alimentos y bebidas de hoteles y restaurantes de Punta Cana y La Romana.\u00a0<\/span><\/p>\n<p class=\"x_MsoNormal\"><span lang=\"ES-DO\">\u201cLa gesti\u00f3n de la seguridad en las empresas ha evolucionado en los \u00faltimos a\u00f1os, el nuevo foco es trabajar en la evaluaci\u00f3n de los posibles escenarios de riesgos, incluyendo accidentes catastr\u00f3ficos, para poder definirlos, evaluarlos, gestionarlos y poder controlarlos\u201d afirm\u00f3 Rivadeneira.\u00a0\u00a0<\/span><\/p>\n<p class=\"x_MsoNormal\"><span lang=\"ES-DO\">De su lado, Benicarlos Pe\u00f1a centr\u00f3 su exposici\u00f3n en el manejo adecuado del gas propano, resaltando que\u00a0<\/span><a name=\"x_m_-2160873953829217906_m_4632217364113185328__GoBack\"><\/a><span lang=\"ES-DO\">es un producto muy seguro si se maneja de forma adecuada, se cumplen los procedimientos dise\u00f1ados y las recomendaciones del distribuidor para mantener el GLP en su recipiente de contenci\u00f3n y evitar una fuga.<\/span><\/p>\n<p class=\"x_MsoNormal\"><span lang=\"ES-DO\">Los expertos citaron una serie de recomendaciones para evitar accidentes en el manejo del gas propano como no manipulaci\u00f3n ni modificaci\u00f3n de las instalaciones sin personal experto;\u00a0 seguir las recomendaciones posteriores a la instalaci\u00f3n, no poner un compresor cerca de un tanque, mantener el \u00e1rea ventilada, no colocar objetos sobre los tanques o las instalaciones, entre otros.<\/span><\/p>\n<p class=\"x_MsoNormal\"><span lang=\"ES-DO\">Destacaron la importancia de entrenar al personal que convive con las instalaciones de gas propano, qu\u00e9 debe hacer cuando hay una fuga, conocer d\u00f3nde est\u00e1n instaladas las v\u00e1lvulas de cierre de emergencia, siempre tener un extintor cerca y reportar cualquier aver\u00eda o corrosi\u00f3n en las instalaciones.<\/span><\/p>\n<div id='gallery-1' class='gallery galleryid-5179 gallery-columns-3 gallery-size-thumbnail'><figure class='gallery-item'>\n\t\t\t<div class='gallery-icon landscape'>\n\t\t\t\t<a href='https:\/\/www.foodieandtraveler.com\/index.php\/propagas-capacita-personal-hoteles-y-restaurantes-manejo-seguro-de-glp\/benicarlos-pena\/'><img decoding=\"async\" width=\"150\" height=\"150\" src=\"https:\/\/www.foodieandtraveler.com\/wp-content\/uploads\/2019\/10\/Benicarlos-Pe\u00f1a-150x150.jpeg\" class=\"attachment-thumbnail size-thumbnail\" alt=\"\" \/><\/a>\n\t\t\t<\/div><\/figure><figure class='gallery-item'>\n\t\t\t<div class='gallery-icon landscape'>\n\t\t\t\t<a href='https:\/\/www.foodieandtraveler.com\/index.php\/propagas-capacita-personal-hoteles-y-restaurantes-manejo-seguro-de-glp\/alex-rivadeneira\/'><img decoding=\"async\" width=\"150\" height=\"150\" src=\"https:\/\/www.foodieandtraveler.com\/wp-content\/uploads\/2019\/10\/Alex-Rivadeneira-150x150.jpeg\" class=\"attachment-thumbnail size-thumbnail\" alt=\"\" \/><\/a>\n\t\t\t<\/div><\/figure><figure class='gallery-item'>\n\t\t\t<div class='gallery-icon landscape'>\n\t\t\t\t<a href='https:\/\/www.foodieandtraveler.com\/index.php\/propagas-capacita-personal-hoteles-y-restaurantes-manejo-seguro-de-glp\/alex-rivadeneira-02\/'><img decoding=\"async\" width=\"150\" height=\"150\" src=\"https:\/\/www.foodieandtraveler.com\/wp-content\/uploads\/2019\/10\/Alex-Rivadeneira-02-150x150.jpeg\" class=\"attachment-thumbnail size-thumbnail\" alt=\"\" \/><\/a>\n\t\t\t<\/div><\/figure>\n\t\t<\/div>\n\n","protected":false},"excerpt":{"rendered":"<p>El Grupo Propagas inici\u00f3 un programa de capacitaci\u00f3n para personal de hoteles y restaurantes en los temas de seguridad, gesti\u00f3n de riesgos y manejo adecuado del gas propano durante la Exposici\u00f3n Comercial de la Asociaci\u00f3n de Hoteles y Turismo de la Rep\u00fablica Dominicana (ASONAHORES). La conferencia&#8221;La seguridad y la gesti\u00f3n de riesgos: Herramientas que contribuyen [&hellip;]<\/p>\n","protected":false},"author":9,"featured_media":5183,"comment_status":"open","ping_status":"closed","sticky":false,"template":"","format":"standard","meta":{"footnotes":""},"categories":[2,1142,9],"tags":[1455,624,315,60,2569,2570,89],"class_list":["post-5179","post","type-post","status-publish","format-standard","has-post-thumbnail","hentry","category-featured","category-gastronomia","category-restaurantes","tag-asonahores","tag-cicom","tag-cocina","tag-gastronomia","tag-propagas","tag-repubica-dominicana","tag-restaurantes"],"_links":{"self":[{"href":"https:\/\/www.foodieandtraveler.com\/index.php\/wp-json\/wp\/v2\/posts\/5179","targetHints":{"allow":["GET"]}}],"collection":[{"href":"https:\/\/www.foodieandtraveler.com\/index.php\/wp-json\/wp\/v2\/posts"}],"about":[{"href":"https:\/\/www.foodieandtraveler.com\/index.php\/wp-json\/wp\/v2\/types\/post"}],"author":[{"embeddable":true,"href":"https:\/\/www.foodieandtraveler.com\/index.php\/wp-json\/wp\/v2\/users\/9"}],"replies":[{"embeddable":true,"href":"https:\/\/www.foodieandtraveler.com\/index.php\/wp-json\/wp\/v2\/comments?post=5179"}],"version-history":[{"count":0,"href":"https:\/\/www.foodieandtraveler.com\/index.php\/wp-json\/wp\/v2\/posts\/5179\/revisions"}],"wp:featuredmedia":[{"embeddable":true,"href":"https:\/\/www.foodieandtraveler.com\/index.php\/wp-json\/wp\/v2\/media\/5183"}],"wp:attachment":[{"href":"https:\/\/www.foodieandtraveler.com\/index.php\/wp-json\/wp\/v2\/media?parent=5179"}],"wp:term":[{"taxonomy":"category","embeddable":true,"href":"https:\/\/www.foodieandtraveler.com\/index.php\/wp-json\/wp\/v2\/categories?post=5179"},{"taxonomy":"post_tag","embeddable":true,"href":"https:\/\/www.foodieandtraveler.com\/index.php\/wp-json\/wp\/v2\/tags?post=5179"}],"curies":[{"name":"wp","href":"https:\/\/api.w.org\/{rel}","templated":true}]}}