{"id":5117,"date":"2019-09-22T20:44:22","date_gmt":"2019-09-23T00:44:22","guid":{"rendered":"https:\/\/www.foodieandtraveler.com\/?p=5117"},"modified":"2019-09-22T20:47:57","modified_gmt":"2019-09-23T00:47:57","slug":"sajoma-uno-de-los-destinos-mas-preferidos-para-hacer-turismo-interno","status":"publish","type":"post","link":"https:\/\/www.foodieandtraveler.com\/index.php\/sajoma-uno-de-los-destinos-mas-preferidos-para-hacer-turismo-interno\/","title":{"rendered":"SAJOMA, uno de los destinos m\u00e1s preferidos para hacer turismo interno"},"content":{"rendered":"<div class=\"x_ydp1489b006yiv8583305851ydp8719236ayahoo-style-wrap\">\n<div id=\"x_ydp1489b006yiv8583305851ydp8719236ayiv6989069632\">\n<div>\n<div id=\"x_ydp1489b006yiv8583305851ydp8719236ayiv6989069632ydp6a99a2d8yahoo_quoted_9252198445\" class=\"x_ydp1489b006yiv8583305851ydp8719236ayiv6989069632ydp6a99a2d8yahoo_quoted\">\n<div>\n<div>\n<div id=\"x_ydp1489b006yiv8583305851ydp8719236ayiv6989069632ydpc3027c3dyahoo_quoted_9556117678\" class=\"x_ydp1489b006yiv8583305851ydp8719236ayiv6989069632ydpc3027c3dyahoo_quoted\">\n<div>\n<div>\n<div id=\"x_ydp1489b006yiv8583305851ydp8719236ayiv6989069632ydpc3027c3dyiv5185417026\">\n<div class=\"x_ydp1489b006yiv8583305851ydp8719236ayiv6989069632ydpc3027c3dyiv5185417026ydp8fcdc7bbyahoo-style-wrap\">\n<div id=\"x_ydp1489b006yiv8583305851ydp8719236ayiv6989069632ydpc3027c3dyiv5185417026ydp8fcdc7bbyiv6049918120\">\n<div class=\"x_ydp1489b006yiv8583305851ydp8719236ayiv6989069632ydpc3027c3dyiv5185417026ydp8fcdc7bbyiv6049918120ydpe2a9874dyahoo-style-wrap\">\n<div dir=\"ltr\">\n<div>\n<p class=\"x_ydp1489b006yiv8583305851ydp8719236ayiv6989069632ydpcf199603MsoNormal\"><span lang=\"ES-DO\">Con el inter\u00e9s de dar a conocer los atractivos tur\u00edsticos y culturales del municipio San Jos\u00e9 de las Matas,\u00a0\u00a0la agencia de Viajes Mr. Tours y Summa Consultores organizaron un concurrido press trip, en el cual se mostr\u00f3 la diversidad de opciones que ofrece este encantador municipio ecotur\u00edstico.<\/span><\/p>\n<p class=\"x_ydp1489b006yiv8583305851ydp8719236ayiv6989069632ydpcf199603MsoNormal\"><span lang=\"ES-DO\">SAJOMA, como se le conoce por sus siglas, es el municipio de mayor extensi\u00f3n territorial del pa\u00eds y pertenece a la provincia Santiago de los Caballeros.\u00a0\u00a0En los \u00faltimos a\u00f1os se ha convertido en un importante y muy visitado destino tur\u00edstico, dotado de excelentes v\u00edas de acceso que llevan a los visitantes a sus principales rincones.<\/span><\/p>\n<p class=\"x_ydp1489b006yiv8583305851ydp8719236ayiv6989069632ydpcf199603MsoNormal\"><span lang=\"ES-DO\">\u00a0\u201cSajoma recibe con agrado a todas las personas que le visitan y nos esforzamos cada d\u00eda en mantener un municipio limpio, hospitalario, lleno de cultura y atractivos para toda la familia, como sus tres parques tem\u00e1ticos: Aguas Calientes, Arroyo Hondo y La Ventana, entre otros lugares en los que llegan cada d\u00eda numerosas personas de todas partes del pa\u00eds y del extranjero\u201d, expres\u00f3 Ariel D\u00edaz, coordinador de los Parques Tur\u00edsticos del municipio, proyectos comunitarios no lucrativos regulados por un patronato que integran la Asociaci\u00f3n Pro Desarrollo, el Plan sierra, la alcald\u00eda y la Cooperativa San Jos\u00e9.<\/span><\/p>\n<p class=\"x_ydp1489b006yiv8583305851ydp8719236ayiv6989069632ydpcf199603MsoNormal\"><span lang=\"ES-DO\">El parque Aguas Calientes es actualmente el m\u00e1s visitado.\u00a0\u00a0Este tiene a la disposici\u00f3n del p\u00fablico piscinas de aguas termales y azufradas, acceso al Rio Bao, balneario La Playita, puente colgante y senderos con pasarelas de madera rodeados de exuberante vegetaci\u00f3n.\u00a0\u00a0En el Parque Arroyo Hondo, una obra de ecoturismo educativo y recreativo, est\u00e1 ubicado en los \u00e1reas donde operaba la primera hidroel\u00e9ctrica instalada en el pa\u00eds en 1942, se han desarrollado espacios para el disfrute de toda la familia, dotado de piscinas, spa, acceso al Rio Inoa, zipline, Kkayacs, restaurant, \u00e1rea infantil, gazebos y casa club para eventos. El Parque Tem\u00e1tico La Ventana ha sido por d\u00e9cadas el balneario m\u00e1s tradicional del municipio.\u00a0\u00a0Su nombre viene de un hueco natural en forma de ventana que existe en una pe\u00f1a del rio Amina.<\/span><\/p>\n<p class=\"x_ydp1489b006yiv8583305851ydp8719236ayiv6989069632ydpcf199603MsoNormal\"><span lang=\"ES-DO\">Un lugar imperdible al visitar Sajoma es la Capilla La Milagrosa, ubicada en la comunidad de Damajagua en Los Montones, la cual est\u00e1 elaborada con troncos de coraz\u00f3n de pino de la regi\u00f3n con detalles de hermosos vitrales que logran una especial conexi\u00f3n de la naturaleza.\u00a0\u00a0Esta obra, inaugurada en diciembre del 2003,\u00a0\u00a0fue ordenada por el empresario Manuel Arsenio Ure\u00f1a y su esposa Camelia Rodr\u00edguez, como parte de su compromiso social con la Iglesia Cat\u00f3lica.<\/span><\/p>\n<p class=\"x_ydp1489b006yiv8583305851ydp8719236ayiv6989069632ydpcf199603MsoNormal\"><span lang=\"ES-DO\">Tambi\u00e9n existe una muy importante inversi\u00f3n privada en proyectos ecotur\u00edsticos, como lo es el Club Hacienda Campo Verde, un lugar ideal para pasad\u00edas o un fin de semana con la familia, disfrutar de la naturaleza, r\u00edos, descansar, relajarse y divertirse a orillas del Rio Amina.\u00a0\u00a0En este proyecto, los comunicadores disfrutaron de un rico almuerzo campestre y fueron recibidos por los se\u00f1ores Miguel \u00c1ngel Pe\u00f1a y Juan Miguel Pe\u00f1a, ejecutivos del lugar, quienes dieron detalles de todos los servicios de sus instalaciones y mostraron los trabajos del impresionante Hotel de Monta\u00f1a Rivera Campo Verde, que ser\u00e1 inaugurado en los pr\u00f3ximos meses y contar\u00e1 con unas 100 confortables habitaciones que fortalecer\u00e1n las opciones de hospedaje en San Jos\u00e9 de las Matas.<\/span><\/p>\n<p class=\"x_ydp1489b006yiv8583305851ydp8719236ayiv6989069632ydpcf199603MsoNormal\"><span lang=\"ES-DO\">\u201cEl objetivo de este viaje de prensa fue que los comunicadores conocieran en persona, los diferentes lugares en Sajoma, donde pueden conectarse con la naturaleza, realizar actividades de aventura, ecoturismo y descanso\u201d, afirm\u00f3 Ivonne Soriano, de parte de la empresa de Relaciones P\u00fablicas, Summa Consultores, la cual, con su divisi\u00f3n de Ecoturismo, realiza viajes de prensa a diferentes destinos, para fomentar el turismo interno en Rep\u00fablica Dominicana.<\/span><\/p>\n<p class=\"x_ydp1489b006yiv8583305851ydp8719236ayiv6989069632ydpcf199603MsoNormal\"><span lang=\"ES-DO\">Activil Modeste, presidente de Mr. Tours, agradeci\u00f3 las atenciones de las autoridades hacia los comunicadores y valor\u00f3 la oferta tur\u00edstica de Sajoma. Modeste, quien tiene m\u00e1s de 20 a\u00f1os organizando excursiones para empresas y particulares en todo el pa\u00eds, invit\u00f3 a todos a visitar este paradisiaco rinc\u00f3n ecotur\u00edstico.<\/span><\/p>\n<p class=\"x_ydp1489b006yiv8583305851ydp8719236ayiv6989069632ydpcf199603MsoNormal\"><span lang=\"ES-DO\">Los interesados en disfrutar de los atractivos de San Jos\u00e9 de las Matas pueden contactar a la agencia de viajes Mr. TOURS en los tel\u00e9fonos 829-818-1533 o en sus redes sociales como @mr_tours<\/span><\/p>\n<div id='gallery-1' class='gallery galleryid-5117 gallery-columns-2 gallery-size-thumbnail'><figure class='gallery-item'>\n\t\t\t<div class='gallery-icon landscape'>\n\t\t\t\t<a href='https:\/\/www.foodieandtraveler.com\/index.php\/sajoma-uno-de-los-destinos-mas-preferidos-para-hacer-turismo-interno\/activil-modeste-y-ariel-diaz\/'><img decoding=\"async\" width=\"150\" height=\"150\" src=\"https:\/\/www.foodieandtraveler.com\/wp-content\/uploads\/2019\/09\/Activil-Modeste-y-Ariel-Diaz-150x150.jpg\" class=\"attachment-thumbnail size-thumbnail\" alt=\"\" \/><\/a>\n\t\t\t<\/div><\/figure><figure class='gallery-item'>\n\t\t\t<div class='gallery-icon landscape'>\n\t\t\t\t<a href='https:\/\/www.foodieandtraveler.com\/index.php\/sajoma-uno-de-los-destinos-mas-preferidos-para-hacer-turismo-interno\/capilla-la-milagrosa\/'><img decoding=\"async\" width=\"150\" height=\"150\" src=\"https:\/\/www.foodieandtraveler.com\/wp-content\/uploads\/2019\/09\/capilla-La-Milagrosa-150x150.jpg\" class=\"attachment-thumbnail size-thumbnail\" alt=\"\" \/><\/a>\n\t\t\t<\/div><\/figure><figure class='gallery-item'>\n\t\t\t<div class='gallery-icon landscape'>\n\t\t\t\t<a href='https:\/\/www.foodieandtraveler.com\/index.php\/sajoma-uno-de-los-destinos-mas-preferidos-para-hacer-turismo-interno\/parque-tematico-arroyo-hondo\/'><img decoding=\"async\" width=\"150\" height=\"150\" src=\"https:\/\/www.foodieandtraveler.com\/wp-content\/uploads\/2019\/09\/parque-tematico-Arroyo-Hondo-150x150.jpg\" class=\"attachment-thumbnail size-thumbnail\" alt=\"\" \/><\/a>\n\t\t\t<\/div><\/figure><figure class='gallery-item'>\n\t\t\t<div class='gallery-icon landscape'>\n\t\t\t\t<a href='https:\/\/www.foodieandtraveler.com\/index.php\/sajoma-uno-de-los-destinos-mas-preferidos-para-hacer-turismo-interno\/parador-fotografico\/'><img loading=\"lazy\" decoding=\"async\" width=\"150\" height=\"150\" src=\"https:\/\/www.foodieandtraveler.com\/wp-content\/uploads\/2019\/09\/parador-fotografico-150x150.jpg\" class=\"attachment-thumbnail size-thumbnail\" alt=\"\" \/><\/a>\n\t\t\t<\/div><\/figure><figure class='gallery-item'>\n\t\t\t<div class='gallery-icon landscape'>\n\t\t\t\t<a href='https:\/\/www.foodieandtraveler.com\/index.php\/sajoma-uno-de-los-destinos-mas-preferidos-para-hacer-turismo-interno\/parte-de-los-comunicadores-asistentes-conociendo-el-parque-tematico-arroyo-hondo\/'><img loading=\"lazy\" decoding=\"async\" width=\"150\" height=\"150\" src=\"https:\/\/www.foodieandtraveler.com\/wp-content\/uploads\/2019\/09\/Parte-de-los-comunicadores-asistentes-conociendo-el-parque-tematico-Arroyo-Hondo-150x150.jpg\" class=\"attachment-thumbnail size-thumbnail\" alt=\"\" \/><\/a>\n\t\t\t<\/div><\/figure><figure class='gallery-item'>\n\t\t\t<div class='gallery-icon landscape'>\n\t\t\t\t<a href='https:\/\/www.foodieandtraveler.com\/index.php\/sajoma-uno-de-los-destinos-mas-preferidos-para-hacer-turismo-interno\/capilla-la-milagrosa-por-dentro\/'><img loading=\"lazy\" decoding=\"async\" width=\"150\" height=\"150\" src=\"https:\/\/www.foodieandtraveler.com\/wp-content\/uploads\/2019\/09\/capilla-La-Milagrosa-por-dentro-150x150.jpg\" class=\"attachment-thumbnail size-thumbnail\" alt=\"\" \/><\/a>\n\t\t\t<\/div><\/figure><figure class='gallery-item'>\n\t\t\t<div class='gallery-icon landscape'>\n\t\t\t\t<a href='https:\/\/www.foodieandtraveler.com\/index.php\/sajoma-uno-de-los-destinos-mas-preferidos-para-hacer-turismo-interno\/hotel-riviera\/'><img loading=\"lazy\" decoding=\"async\" width=\"150\" height=\"150\" src=\"https:\/\/www.foodieandtraveler.com\/wp-content\/uploads\/2019\/09\/hotel-Riviera-150x150.jpg\" class=\"attachment-thumbnail size-thumbnail\" alt=\"\" \/><\/a>\n\t\t\t<\/div><\/figure><figure class='gallery-item'>\n\t\t\t<div class='gallery-icon landscape'>\n\t\t\t\t<a href='https:\/\/www.foodieandtraveler.com\/index.php\/sajoma-uno-de-los-destinos-mas-preferidos-para-hacer-turismo-interno\/puente-flotante-parque-aguas-calientes\/'><img loading=\"lazy\" decoding=\"async\" width=\"150\" height=\"150\" src=\"https:\/\/www.foodieandtraveler.com\/wp-content\/uploads\/2019\/09\/puente-flotante-Parque-Aguas-CALIENTES-150x150.jpg\" class=\"attachment-thumbnail size-thumbnail\" alt=\"\" \/><\/a>\n\t\t\t<\/div><\/figure><figure class='gallery-item'>\n\t\t\t<div class='gallery-icon landscape'>\n\t\t\t\t<a href='https:\/\/www.foodieandtraveler.com\/index.php\/sajoma-uno-de-los-destinos-mas-preferidos-para-hacer-turismo-interno\/rio-amina\/'><img loading=\"lazy\" decoding=\"async\" width=\"150\" height=\"150\" src=\"https:\/\/www.foodieandtraveler.com\/wp-content\/uploads\/2019\/09\/rio-Amina-150x150.jpg\" class=\"attachment-thumbnail size-thumbnail\" alt=\"\" \/><\/a>\n\t\t\t<\/div><\/figure><figure class='gallery-item'>\n\t\t\t<div class='gallery-icon landscape'>\n\t\t\t\t<a href='https:\/\/www.foodieandtraveler.com\/index.php\/sajoma-uno-de-los-destinos-mas-preferidos-para-hacer-turismo-interno\/juan-miguel-pena-activil-modeste\/'><img loading=\"lazy\" decoding=\"async\" width=\"150\" height=\"150\" src=\"https:\/\/www.foodieandtraveler.com\/wp-content\/uploads\/2019\/09\/Juan-Miguel-Pe\u00f1a-Activil-Modeste-150x150.jpg\" class=\"attachment-thumbnail size-thumbnail\" alt=\"\" \/><\/a>\n\t\t\t<\/div><\/figure>\n\t\t<\/div>\n\n<\/div>\n<\/div>\n<\/div>\n<\/div>\n<\/div>\n<\/div>\n<\/div>\n<\/div>\n<\/div>\n<\/div>\n<\/div>\n<\/div>\n<\/div>\n<\/div>\n<\/div>\n<div id=\"x_ydp1489b006yiv8583305851yqtfd22882\" class=\"x_ydp1489b006yiv8583305851yqt6322120661\"><\/div>\n","protected":false},"excerpt":{"rendered":"<p>Con el inter\u00e9s de dar a conocer los atractivos tur\u00edsticos y culturales del municipio San Jos\u00e9 de las Matas,\u00a0\u00a0la agencia de Viajes Mr. Tours y Summa Consultores organizaron un concurrido press trip, en el cual se mostr\u00f3 la diversidad de opciones que ofrece este encantador municipio ecotur\u00edstico. SAJOMA, como se le conoce por sus siglas, [&hellip;]<\/p>\n","protected":false},"author":9,"featured_media":5123,"comment_status":"open","ping_status":"closed","sticky":false,"template":"","format":"standard","meta":{"footnotes":""},"categories":[5,2,2146,13,48,2314],"tags":[114,2553,68,1181,1180,115,116],"class_list":["post-5117","post","type-post","status-publish","format-standard","has-post-thumbnail","hentry","category-aventura-extrema","category-featured","category-ecoturismo","category-lugares-que-enamoran","category-turismo","category-viajeros","tag-dominican-republic","tag-excursion","tag-republica-dominicana","tag-sajoma","tag-san-jose-de-las-matas","tag-tourism","tag-turismo"],"_links":{"self":[{"href":"https:\/\/www.foodieandtraveler.com\/index.php\/wp-json\/wp\/v2\/posts\/5117","targetHints":{"allow":["GET"]}}],"collection":[{"href":"https:\/\/www.foodieandtraveler.com\/index.php\/wp-json\/wp\/v2\/posts"}],"about":[{"href":"https:\/\/www.foodieandtraveler.com\/index.php\/wp-json\/wp\/v2\/types\/post"}],"author":[{"embeddable":true,"href":"https:\/\/www.foodieandtraveler.com\/index.php\/wp-json\/wp\/v2\/users\/9"}],"replies":[{"embeddable":true,"href":"https:\/\/www.foodieandtraveler.com\/index.php\/wp-json\/wp\/v2\/comments?post=5117"}],"version-history":[{"count":0,"href":"https:\/\/www.foodieandtraveler.com\/index.php\/wp-json\/wp\/v2\/posts\/5117\/revisions"}],"wp:featuredmedia":[{"embeddable":true,"href":"https:\/\/www.foodieandtraveler.com\/index.php\/wp-json\/wp\/v2\/media\/5123"}],"wp:attachment":[{"href":"https:\/\/www.foodieandtraveler.com\/index.php\/wp-json\/wp\/v2\/media?parent=5117"}],"wp:term":[{"taxonomy":"category","embeddable":true,"href":"https:\/\/www.foodieandtraveler.com\/index.php\/wp-json\/wp\/v2\/categories?post=5117"},{"taxonomy":"post_tag","embeddable":true,"href":"https:\/\/www.foodieandtraveler.com\/index.php\/wp-json\/wp\/v2\/tags?post=5117"}],"curies":[{"name":"wp","href":"https:\/\/api.w.org\/{rel}","templated":true}]}}