{"id":5022,"date":"2019-09-19T19:21:55","date_gmt":"2019-09-19T23:21:55","guid":{"rendered":"https:\/\/www.foodieandtraveler.com\/?p=5022"},"modified":"2019-09-19T19:29:36","modified_gmt":"2019-09-19T23:29:36","slug":"corona-celebra-el-dia-internacional-de-limpieza-de-playas-con-jornada-en-playa-fuerte-san-gil","status":"publish","type":"post","link":"https:\/\/www.foodieandtraveler.com\/index.php\/corona-celebra-el-dia-internacional-de-limpieza-de-playas-con-jornada-en-playa-fuerte-san-gil\/","title":{"rendered":"Corona celebra el D\u00eda Internacional de Limpieza de Playas con jornada en playa Fuerte San Gil"},"content":{"rendered":"<p style=\"font-weight: 400;\">En el marco de la celebraci\u00f3n del D\u00eda Internacional de Limpieza de Playas, celebrado este 16 de septiembre, la marca cerveza Corona realiz\u00f3 una jornada para interceptar el pl\u00e1stico de la playa Fuerte San Gil en el Malec\u00f3n de Santo Domingo, como parte de la iniciativa 100 Islas Protegidas junto a la organizaci\u00f3n no gubernamental Parley for the Oceans que busca crear conciencia sobre el cuidado que merecen nuestros para\u00edsos.<\/p>\n<p style=\"font-weight: 400;\">Promoviendo el mensaje de que \u201cel pl\u00e1stico no pertenece al para\u00edso\u201d, Loren Medrano, Gerente de Marcas Premium de Cervecer\u00eda Nacional Dominicana, llam\u00f3 a la poblaci\u00f3n a sumarse y ayudar a proteger las playas disminuyendo cada d\u00eda el uso de pl\u00e1sticos de un solo uso.<\/p>\n<p style=\"font-weight: 400;\">El amplio operativo de recogida de basura, que cont\u00f3 con el apoyo de Green Bowl, permiti\u00f3 que la marca en conjunto con decenas de voluntarios y voluntarias recolectase cientos de kilogramos de residuos pl\u00e1sticos.<\/p>\n<p style=\"font-weight: 400;\">Las jornadas de limpieza de playas son realizadas por cerveza Corona desde el 2018 como una forma de concientizar a la poblaci\u00f3n sobre la importancia de mantener limpias las fuentes acu\u00edferas y los litorales marinos, ya que, aproximadamente ocho millones de toneladas m\u00e9tricas de desechos de pl\u00e1stico se abandonan en las playas cada a\u00f1o, y se proyecta que para el 2050 habr\u00e1 m\u00e1s pl\u00e1stico que peces en nuestros oc\u00e9anos. Hasta el momento, Corona ha llevado a cabo m\u00e1s\u00a0de 30 jornadas de limpieza en playas y costas dominicana con la participaci\u00f3n de alrededor de 1,500 voluntarios, recolectando un total de +6,500 kilogramos de pl\u00e1stico.<\/p>\n<p style=\"font-weight: 400;\">Rep\u00fablica Dominicana resalta como una de las locaciones clave para la marca de cerveza Corona a la hora de promover el valor de disfrutar al aire libre y proteger el medio ambiente. Junto a otros mercados como Colombia, Guatemala, Brasil, Inglaterra, y Australia, la marca trabaja continuamente para proteger los oc\u00e9anos y erradicar la contaminaci\u00f3n marina ocasionada por el pl\u00e1stico.<\/p>\n<div id='gallery-1' class='gallery galleryid-5022 gallery-columns-2 gallery-size-thumbnail'><figure class='gallery-item'>\n\t\t\t<div class='gallery-icon portrait'>\n\t\t\t\t<a href='https:\/\/www.foodieandtraveler.com\/index.php\/corona-celebra-el-dia-internacional-de-limpieza-de-playas-con-jornada-en-playa-fuerte-san-gil\/corona-invita-a-la-reflexion-de-los-consumidores-sobre-la-importancia-de-mantener-limpias-las-playas\/'><img decoding=\"async\" width=\"150\" height=\"150\" src=\"https:\/\/www.foodieandtraveler.com\/wp-content\/uploads\/2019\/09\/Corona-invita-a-la-reflexi\u00f3n-de-los-consumidores-sobre-la-importancia-de-mantener-limpias-las-playas-150x150.jpg\" class=\"attachment-thumbnail size-thumbnail\" alt=\"\" \/><\/a>\n\t\t\t<\/div><\/figure><figure class='gallery-item'>\n\t\t\t<div class='gallery-icon landscape'>\n\t\t\t\t<a href='https:\/\/www.foodieandtraveler.com\/index.php\/corona-celebra-el-dia-internacional-de-limpieza-de-playas-con-jornada-en-playa-fuerte-san-gil\/los-voluntarios-durante-la-limpieza-de-playa\/'><img decoding=\"async\" width=\"150\" height=\"150\" src=\"https:\/\/www.foodieandtraveler.com\/wp-content\/uploads\/2019\/09\/Los-voluntarios-durante-la-limpieza-de-playa-150x150.jpg\" class=\"attachment-thumbnail size-thumbnail\" alt=\"\" \/><\/a>\n\t\t\t<\/div><\/figure><figure class='gallery-item'>\n\t\t\t<div class='gallery-icon portrait'>\n\t\t\t\t<a href='https:\/\/www.foodieandtraveler.com\/index.php\/corona-celebra-el-dia-internacional-de-limpieza-de-playas-con-jornada-en-playa-fuerte-san-gil\/el-plastico-no-pertenece-al-paraiso-nuestras-playas\/'><img decoding=\"async\" width=\"150\" height=\"150\" src=\"https:\/\/www.foodieandtraveler.com\/wp-content\/uploads\/2019\/09\/El-pl\u00e1stico-no-pertenece-al-para\u00edso-nuestras-playas-150x150.jpg\" class=\"attachment-thumbnail size-thumbnail\" alt=\"\" \/><\/a>\n\t\t\t<\/div><\/figure><figure class='gallery-item'>\n\t\t\t<div class='gallery-icon landscape'>\n\t\t\t\t<a href='https:\/\/www.foodieandtraveler.com\/index.php\/corona-celebra-el-dia-internacional-de-limpieza-de-playas-con-jornada-en-playa-fuerte-san-gil\/es-nuestro-deber-cuidar-el-medio-ambiente-1\/'><img loading=\"lazy\" decoding=\"async\" width=\"150\" height=\"150\" src=\"https:\/\/www.foodieandtraveler.com\/wp-content\/uploads\/2019\/09\/Es-nuestro-deber-cuidar-el-medio-ambiente-1-150x150.jpg\" class=\"attachment-thumbnail size-thumbnail\" alt=\"\" \/><\/a>\n\t\t\t<\/div><\/figure>\n\t\t<\/div>\n\n","protected":false},"excerpt":{"rendered":"<p>En el marco de la celebraci\u00f3n del D\u00eda Internacional de Limpieza de Playas, celebrado este 16 de septiembre, la marca cerveza Corona realiz\u00f3 una jornada para interceptar el pl\u00e1stico de la playa Fuerte San Gil en el Malec\u00f3n de Santo Domingo, como parte de la iniciativa 100 Islas Protegidas junto a la organizaci\u00f3n no gubernamental [&hellip;]<\/p>\n","protected":false},"author":9,"featured_media":5025,"comment_status":"open","ping_status":"closed","sticky":false,"template":"","format":"standard","meta":{"footnotes":""},"categories":[2,2146,14],"tags":[1335,516,2330,141,2484,2485,694,2480,2479,2482,2483,2481,1798],"class_list":["post-5022","post","type-post","status-publish","format-standard","has-post-thumbnail","hentry","category-featured","category-ecoturismo","category-notas-de-prensa","tag-brasil","tag-cerveza","tag-cerveza-corona","tag-colombia","tag-contaminacionn-marina","tag-dia-internacional-de-limpieza-de-playas","tag-green-bowl","tag-guatemala","tag-inglaterra","tag-limpieza-de-playas","tag-plastico","tag-playas","tag-reciclaje"],"_links":{"self":[{"href":"https:\/\/www.foodieandtraveler.com\/index.php\/wp-json\/wp\/v2\/posts\/5022","targetHints":{"allow":["GET"]}}],"collection":[{"href":"https:\/\/www.foodieandtraveler.com\/index.php\/wp-json\/wp\/v2\/posts"}],"about":[{"href":"https:\/\/www.foodieandtraveler.com\/index.php\/wp-json\/wp\/v2\/types\/post"}],"author":[{"embeddable":true,"href":"https:\/\/www.foodieandtraveler.com\/index.php\/wp-json\/wp\/v2\/users\/9"}],"replies":[{"embeddable":true,"href":"https:\/\/www.foodieandtraveler.com\/index.php\/wp-json\/wp\/v2\/comments?post=5022"}],"version-history":[{"count":0,"href":"https:\/\/www.foodieandtraveler.com\/index.php\/wp-json\/wp\/v2\/posts\/5022\/revisions"}],"wp:featuredmedia":[{"embeddable":true,"href":"https:\/\/www.foodieandtraveler.com\/index.php\/wp-json\/wp\/v2\/media\/5025"}],"wp:attachment":[{"href":"https:\/\/www.foodieandtraveler.com\/index.php\/wp-json\/wp\/v2\/media?parent=5022"}],"wp:term":[{"taxonomy":"category","embeddable":true,"href":"https:\/\/www.foodieandtraveler.com\/index.php\/wp-json\/wp\/v2\/categories?post=5022"},{"taxonomy":"post_tag","embeddable":true,"href":"https:\/\/www.foodieandtraveler.com\/index.php\/wp-json\/wp\/v2\/tags?post=5022"}],"curies":[{"name":"wp","href":"https:\/\/api.w.org\/{rel}","templated":true}]}}