{"id":4836,"date":"2019-08-11T11:26:39","date_gmt":"2019-08-11T15:26:39","guid":{"rendered":"https:\/\/www.foodieandtraveler.com\/?p=4836"},"modified":"2019-08-11T12:40:04","modified_gmt":"2019-08-11T16:40:04","slug":"adompretur-vota-en-familia-y-elige-a-jose-maria-reyes-como-nuevo-presidente","status":"publish","type":"post","link":"https:\/\/www.foodieandtraveler.com\/index.php\/adompretur-vota-en-familia-y-elige-a-jose-maria-reyes-como-nuevo-presidente\/","title":{"rendered":"ADOMPRETUR vota en familia y elige a Jos\u00e9 Mar\u00eda Reyes como nuevo presidente"},"content":{"rendered":"<p>El periodista Jos\u00e9 Mar\u00eda Reyes result\u00f3 electo nuevo presidente de la Asociaci\u00f3n Dominicana de Prensa Tur\u00edstica (ADOMPRETUR) en una concurrida y entusiasta jornada eleccionaria celebrada en Santo Domingo y las 14 filiales distribuidas en las principales comunidades tur\u00edsticas del pa\u00eds, Nueva York y la Florida.<\/p>\n<p>Reyes, quien habr\u00e1 de sustituir a Luis Jos\u00e9 Ch\u00e1vez en la presidencia de Adompretur, encabez\u00f3 una plancha unitaria integrada por varios miembros de la directiva saliente, representantes de otras corrientes y periodistas j\u00f3venes. Seg\u00fan los resultados preliminares, la Plancha Unitaria alcanz\u00f3 375 votos, aun faltando Miami por computar, votaci\u00f3n superior a un 70 %.<\/p>\n<p>El nuevo presidente estar\u00e1 acompa\u00f1ado de Yenny Polanco Lovera, vicepresidenta; Jos\u00e9 Ram\u00f3n Torres, secretario general; Jairon Severino, director de finanzas; Luis Jos\u00e9 Ch\u00e1vez, director de relaciones institucionales, Jos\u00e9 Rafael Sosa, director de capacitaci\u00f3n; Salvador Batista, director de Turismo y Cultura;\u00a0 Carlos Vargas, director de Asuntos Regionales; Wendy Mora, directora de Relaciones P\u00fablicas; Miguelina Santos, directora de Eventos, y Jos\u00e9 Alberto Selmo, director \u00a0de Mercadeo Institucional.<\/p>\n<p>En el comit\u00e9 de \u00e9tica, fueron electos H\u00e9ctor Minaya, quien repite en esa posici\u00f3n,\u00a0 con un equipo renovado integrado por Augusto Valdivia, como secretario, y Yubelkis Mej\u00eda, Fidias David Cuevas y H\u00e9ctor Romero, en calidad de miembros.<\/p>\n","protected":false},"excerpt":{"rendered":"<p>El periodista Jos\u00e9 Mar\u00eda Reyes result\u00f3 electo nuevo presidente de la Asociaci\u00f3n Dominicana de Prensa Tur\u00edstica (ADOMPRETUR) en una concurrida y entusiasta jornada eleccionaria celebrada en Santo Domingo y las 14 filiales distribuidas en las principales comunidades tur\u00edsticas del pa\u00eds, Nueva York y la Florida. Reyes, quien habr\u00e1 de sustituir a Luis Jos\u00e9 Ch\u00e1vez en [&hellip;]<\/p>\n","protected":false},"author":9,"featured_media":4837,"comment_status":"open","ping_status":"closed","sticky":false,"template":"","format":"standard","meta":{"footnotes":""},"categories":[2,14,48],"tags":[623,2404],"class_list":["post-4836","post","type-post","status-publish","format-standard","has-post-thumbnail","hentry","category-featured","category-notas-de-prensa","category-turismo","tag-adompretur","tag-asociacion-dominicana-de-prensa-turistica"],"_links":{"self":[{"href":"https:\/\/www.foodieandtraveler.com\/index.php\/wp-json\/wp\/v2\/posts\/4836","targetHints":{"allow":["GET"]}}],"collection":[{"href":"https:\/\/www.foodieandtraveler.com\/index.php\/wp-json\/wp\/v2\/posts"}],"about":[{"href":"https:\/\/www.foodieandtraveler.com\/index.php\/wp-json\/wp\/v2\/types\/post"}],"author":[{"embeddable":true,"href":"https:\/\/www.foodieandtraveler.com\/index.php\/wp-json\/wp\/v2\/users\/9"}],"replies":[{"embeddable":true,"href":"https:\/\/www.foodieandtraveler.com\/index.php\/wp-json\/wp\/v2\/comments?post=4836"}],"version-history":[{"count":0,"href":"https:\/\/www.foodieandtraveler.com\/index.php\/wp-json\/wp\/v2\/posts\/4836\/revisions"}],"wp:featuredmedia":[{"embeddable":true,"href":"https:\/\/www.foodieandtraveler.com\/index.php\/wp-json\/wp\/v2\/media\/4837"}],"wp:attachment":[{"href":"https:\/\/www.foodieandtraveler.com\/index.php\/wp-json\/wp\/v2\/media?parent=4836"}],"wp:term":[{"taxonomy":"category","embeddable":true,"href":"https:\/\/www.foodieandtraveler.com\/index.php\/wp-json\/wp\/v2\/categories?post=4836"},{"taxonomy":"post_tag","embeddable":true,"href":"https:\/\/www.foodieandtraveler.com\/index.php\/wp-json\/wp\/v2\/tags?post=4836"}],"curies":[{"name":"wp","href":"https:\/\/api.w.org\/{rel}","templated":true}]}}