{"id":4658,"date":"2019-05-12T19:14:50","date_gmt":"2019-05-12T23:14:50","guid":{"rendered":"https:\/\/www.foodieandtraveler.com\/?p=4658"},"modified":"2019-05-12T19:15:27","modified_gmt":"2019-05-12T23:15:27","slug":"un-brindis-por-el-poema-hay-un-pais-en-el-mundo","status":"publish","type":"post","link":"https:\/\/www.foodieandtraveler.com\/index.php\/un-brindis-por-el-poema-hay-un-pais-en-el-mundo\/","title":{"rendered":"Un brindis por el poema \u201cHay un pa\u00eds en el mundo\u201d"},"content":{"rendered":"<p class=\"m-2796385354974220942ydp7c8050a2msonormal\" style=\"text-align: justify; background: white;\"><span lang=\"ES-DO\" style=\"font-size: 14.0pt; font-family: 'Tahoma','sans-serif'; color: #222222;\">La Biblioteca Nacional Pedro Henr\u00edquez Ure\u00f1a<\/span><span lang=\"ES-DO\" style=\"font-size: 14.0pt; font-family: 'Tahoma','sans-serif'; color: #545454;\">\u00a0<\/span><span lang=\"ES-DO\" style=\"font-size: 14.0pt; font-family: 'Tahoma','sans-serif'; color: black;\">(BNPHU)<\/span><span lang=\"ES-DO\" style=\"font-size: 14.0pt; font-family: 'Helvetica','sans-serif'; color: #222222;\">\u00a0realiz\u00f3 un brindis con motivo de los 70 a\u00f1os del poema \u201cHay un pa\u00eds en el mundo\u201d, y de la memoria de su autor el Poeta Nacional Pedro Mir.<\/span><\/p>\n<p class=\"m-2796385354974220942ydp7c8050a2msonormal\" style=\"text-align: justify; background: white;\"><span lang=\"ES-DO\" style=\"font-size: 14.0pt; font-family: 'Tahoma','sans-serif'; color: #222222;\">El encuentro se llev\u00f3 a cabo en el\u00a0<\/span><span lang=\"ES-DO\" style=\"font-size: 14.0pt; font-family: 'Tahoma','sans-serif'; color: #212529;\">pabell\u00f3n de la Biblioteca Nacional Pedro Henr\u00edquez Ure\u00f1a, de la Fortaleza Ozama, en el\u00a0<\/span><span lang=\"ES-DO\" style=\"font-size: 14.0pt; font-family: 'Tahoma','sans-serif'; color: #222222;\">marco de la celebraci\u00f3n de la vig\u00e9sima segunda feria internacional del Libro Santo Domingo.<\/span><\/p>\n<p class=\"m-2796385354974220942ydp7c8050a2msonormal\" style=\"text-align: justify; background: white;\"><span lang=\"ES-DO\" style=\"font-size: 14.0pt; font-family: 'Tahoma','sans-serif'; color: #333333;\">El\u00a0acto estuvo encabezado por el director de la BNPHU, Di\u00f3medes N\u00fa\u00f1ez Polanco, adem\u00e1s estuvieron presentes personalidades\u00a0<\/span><span lang=\"ES-DO\" style=\"font-size: 14.0pt; font-family: 'Helvetica','sans-serif'; color: #222222;\">ligadas al \u00e1rea de la literatura, entre ellas,\u00a0Manuel Salvador Gautier, <\/span><span lang=\"ES-DO\" style=\"font-size: 14.0pt; font-family: 'Helvetica','sans-serif'; color: black;\">Manuel Mora Serrano, Mateo Morrison, Ver\u00f3nica Senci\u00f3n, <\/span><span lang=\"ES-DO\" style=\"font-size: 14.0pt; font-family: 'Helvetica','sans-serif'; color: #222222;\">Iv\u00e1n Garc\u00eda, Tom\u00e1s Castro Burdiez, Ram\u00f3n Saba, Yanela Hern\u00e1ndez, entre otras figuras.<\/span><\/p>\n<p class=\"m-2796385354974220942ydp7c8050a2msonormal\" style=\"text-align: justify; background: white;\"><span lang=\"ES-DO\" style=\"font-size: 14.0pt; font-family: 'Tahoma','sans-serif'; color: #333333;\">Durante sus palabras, N\u00fa\u00f1ez Polanco destac\u00f3 que \u201choy festejamos siete d\u00e9cadas de este gran poema, que sin temor a equivocaci\u00f3n es el verso que m\u00e1s nos enorgullece como dominicanos, porque Mir lo escribi\u00f3 con el coraz\u00f3n y con la ilusi\u00f3n de darle una bofetada a la humanidad en su conjunto\u201d.<\/span><\/p>\n<p class=\"m-2796385354974220942ydp7c8050a2msonormal\" style=\"text-align: justify; background: white;\"><span lang=\"ES-DO\" style=\"font-size: 14.0pt; font-family: 'Tahoma','sans-serif'; color: #222222;\">Asegur\u00f3 que al profesor Juan Bosch le impresion\u00f3 el talento po\u00e9tico de Mir, cuando un amigo suyo le mostr\u00f3 algunos de sus poemas. Maravillados con \u00e9stos, el autor de la \u201cMa\u00f1osa\u201d le sugiri\u00f3 dirigir los ojos a su tierra y una vez en el exilio, en Cuba, el poeta le mostr\u00f3 el poema y al leerlo qued\u00f3 tan conmovido que expres\u00f3: \u201cEste es el poema de la revoluci\u00f3n dominicana\u201d.<\/span><\/p>\n<p class=\"m-2796385354974220942ydp7c8050a2msonormal\" style=\"text-align: justify; background: white;\"><span lang=\"ES-DO\" style=\"font-size: 14.0pt; font-family: 'Tahoma','sans-serif'; color: #333333;\">N\u00fa\u00f1ez Polanco manifest\u00f3 que con la partida de Pedro Mir, adem\u00e1s de perder a uno de sus grandes intelectuales, el pa\u00eds qued\u00f3 sin uno de los s\u00edmbolos de la nacionalidad dominicana del siglo XX, ya que fue un gran creador en las diversas a\u00e9reas del conocimiento y las artes.<\/span><\/p>\n<p class=\"m-2796385354974220942ydp7c8050a2msonormal\" style=\"text-align: justify; background: white;\"><span lang=\"ES-DO\" style=\"font-size: 14.0pt; font-family: 'Tahoma','sans-serif'; color: #333333;\">Durante la actividad, adem\u00e1s, se present\u00f3 una exhibici\u00f3n de los tesoros\u00a0bibliogr\u00e1ficos que posee la BNPHU, entre los que se incluyen el documento original del Tratado de Basilea, una antolog\u00eda de los poemas del poeta Manuel Rodr\u00edguez Objio y el primer libro de poemas de Salom\u00e9 Ure\u00f1a.<\/span><\/p>\n<p class=\"m-2796385354974220942ydp7c8050a2msonormal\" style=\"text-align: justify; background: white;\"><span lang=\"ES-DO\" style=\"font-size: 14.0pt; font-family: 'Tahoma','sans-serif'; color: #333333;\">Tambi\u00e9n se anunci\u00f3 la celebraci\u00f3n, el pr\u00f3ximo 21 de octubre, del 70 aniversario de \u201cHay un pa\u00eds en el mundo\u201d, en el marco de la conmemoraci\u00f3n del D\u00eda del Poeta, evento que se realizar\u00e1 con el apoyo del Ministerio de Cultura, la BNPHU y la Universidad Aut\u00f3noma de Santo Domingo (UASD), entre todas las instituciones.<\/span><\/p>\n<div id='gallery-1' class='gallery galleryid-4658 gallery-columns-2 gallery-size-thumbnail'><figure class='gallery-item'>\n\t\t\t<div class='gallery-icon landscape'>\n\t\t\t\t<a href='https:\/\/www.foodieandtraveler.com\/index.php\/un-brindis-por-el-poema-hay-un-pais-en-el-mundo\/rhdr\/'><img decoding=\"async\" width=\"150\" height=\"150\" src=\"https:\/\/www.foodieandtraveler.com\/wp-content\/uploads\/2019\/05\/Parte-del-p\u00fablico-que-estuvo-en-el-homenaje.-150x150.jpg\" class=\"attachment-thumbnail size-thumbnail\" alt=\"\" aria-describedby=\"gallery-1-4660\" \/><\/a>\n\t\t\t<\/div>\n\t\t\t\t<figcaption class='wp-caption-text gallery-caption' id='gallery-1-4660'>\n\t\t\t\trhdr\n\t\t\t\t<\/figcaption><\/figure><figure class='gallery-item'>\n\t\t\t<div class='gallery-icon landscape'>\n\t\t\t\t<a href='https:\/\/www.foodieandtraveler.com\/index.php\/un-brindis-por-el-poema-hay-un-pais-en-el-mundo\/yanela-hernandez-mientras-realiza-una-lectura-dramatizada-del-poema\/'><img decoding=\"async\" width=\"150\" height=\"150\" src=\"https:\/\/www.foodieandtraveler.com\/wp-content\/uploads\/2019\/05\/Yanela-Hernandez-mientr\u00e1s-realiza-una-lectura-dramatizada-del-poema.-150x150.jpeg\" class=\"attachment-thumbnail size-thumbnail\" alt=\"\" \/><\/a>\n\t\t\t<\/div><\/figure>\n\t\t<\/div>\n\n","protected":false},"excerpt":{"rendered":"<p>La Biblioteca Nacional Pedro Henr\u00edquez Ure\u00f1a\u00a0(BNPHU)\u00a0realiz\u00f3 un brindis con motivo de los 70 a\u00f1os del poema \u201cHay un pa\u00eds en el mundo\u201d, y de la memoria de su autor el Poeta Nacional Pedro Mir. El encuentro se llev\u00f3 a cabo en el\u00a0pabell\u00f3n de la Biblioteca Nacional Pedro Henr\u00edquez Ure\u00f1a, de la Fortaleza Ozama, en el\u00a0marco [&hellip;]<\/p>\n","protected":false},"author":9,"featured_media":4659,"comment_status":"open","ping_status":"closed","sticky":false,"template":"","format":"standard","meta":{"footnotes":""},"categories":[1337,2,14],"tags":[2293,132,2291,2294,2292,2295],"class_list":["post-4658","post","type-post","status-publish","format-standard","has-post-thumbnail","hentry","category-actividades-sociales","category-featured","category-notas-de-prensa","tag-biblioteca","tag-cultura","tag-hay-un-pais-en-el-mundo","tag-libro","tag-pedro-mir","tag-poema"],"_links":{"self":[{"href":"https:\/\/www.foodieandtraveler.com\/index.php\/wp-json\/wp\/v2\/posts\/4658","targetHints":{"allow":["GET"]}}],"collection":[{"href":"https:\/\/www.foodieandtraveler.com\/index.php\/wp-json\/wp\/v2\/posts"}],"about":[{"href":"https:\/\/www.foodieandtraveler.com\/index.php\/wp-json\/wp\/v2\/types\/post"}],"author":[{"embeddable":true,"href":"https:\/\/www.foodieandtraveler.com\/index.php\/wp-json\/wp\/v2\/users\/9"}],"replies":[{"embeddable":true,"href":"https:\/\/www.foodieandtraveler.com\/index.php\/wp-json\/wp\/v2\/comments?post=4658"}],"version-history":[{"count":0,"href":"https:\/\/www.foodieandtraveler.com\/index.php\/wp-json\/wp\/v2\/posts\/4658\/revisions"}],"wp:featuredmedia":[{"embeddable":true,"href":"https:\/\/www.foodieandtraveler.com\/index.php\/wp-json\/wp\/v2\/media\/4659"}],"wp:attachment":[{"href":"https:\/\/www.foodieandtraveler.com\/index.php\/wp-json\/wp\/v2\/media?parent=4658"}],"wp:term":[{"taxonomy":"category","embeddable":true,"href":"https:\/\/www.foodieandtraveler.com\/index.php\/wp-json\/wp\/v2\/categories?post=4658"},{"taxonomy":"post_tag","embeddable":true,"href":"https:\/\/www.foodieandtraveler.com\/index.php\/wp-json\/wp\/v2\/tags?post=4658"}],"curies":[{"name":"wp","href":"https:\/\/api.w.org\/{rel}","templated":true}]}}