{"id":4104,"date":"2018-11-18T11:32:19","date_gmt":"2018-11-18T15:32:19","guid":{"rendered":"http:\/\/foodieandtraveler.com\/?p=4104"},"modified":"2018-11-18T12:03:46","modified_gmt":"2018-11-18T16:03:46","slug":"turismox3-gana-premio-internacional-pasaporte-abierto-2018","status":"publish","type":"post","link":"https:\/\/www.foodieandtraveler.com\/index.php\/turismox3-gana-premio-internacional-pasaporte-abierto-2018\/","title":{"rendered":"Turismox3 gana premio internacional \u201cPasaporte Abierto 2018\u201d"},"content":{"rendered":"<p class=\"x_gmail-MsoNormalCxSpFirst\"><span lang=\"ES\">El programa de radio Turismox3 fue galardonado como Medio Especializado en Turismo Destacado en la premiaci\u00f3n internacional para periodistas tur\u00edsticos \u201cPasaporte Abierto 2018\u201d que entregan<\/span><span lang=\"ES\"> la Organizaci\u00f3n Mundial de Periodismo Tur\u00edstico (OMPT) y la Alianza Latinoamericana de Periodistas Tur\u00edsticos (ALPT) con el auspicio del Ministerio de Turismo de Panam\u00e1.<\/span><\/p>\n<p class=\"x_gmail-MsoNormalCxSpMiddle\"><span lang=\"ES\">La ceremonia de premiaci\u00f3n se celebr\u00f3 durante una cena de gala en el hotel Hilton Garden Inn en ciudad de Panam\u00e1, donde se reconocieron 13 categor\u00edas, resultando ganadora Rep\u00fablica Dominicana en el rengl\u00f3n Medio Especializado, recayendo en el programa de comunicaci\u00f3n tur\u00edstica, Turismox3.<\/span><\/p>\n<p class=\"x_gmail-MsoNormalCxSpMiddle\"><span lang=\"ES\">Este espacio es producido y conducido por los periodistas Karina L\u00f3pez, Mayra De Pe<\/span><span lang=\"ES\">\u00f1<\/span><span lang=\"ES\">a y Osvaldo Soriano, y <\/span><span lang=\"ES\">se transmite cada mi\u00e9rcoles de 8 a 9 de la noche por la emisora digital UnikRadio y las redes sociales.<\/span><\/p>\n<p class=\"x_gmail-MsoNormalCxSpMiddle\"><span lang=\"ES\">Mayra De Pe<\/span><span lang=\"ES\">\u00f1<\/span><span lang=\"ES\">a, quien viaj\u00f3 hasta ciudad de Panam\u00e1, junto a una delegaci\u00f3n de periodistas tur\u00edsticos dominicanos para participar de este evento, recibi\u00f3 el galard\u00f3n y dijo: \u201ceste premio es el resultado del trabajo en equipo hecho con el coraz\u00f3n y nos compromete a seguir haciendo comunicaci\u00f3n tur\u00edstica responsable a favor del turismo dominicano y de continuar fomentando la sostenibilidad en el sector tur\u00edstico\u201d.<\/span><\/p>\n<p class=\"x_gmail-MsoNormalCxSpMiddle\"><span lang=\"ES\">\u201cEn nombre de mis colegas: Karina L\u00f3pez y Osvaldo Soriano le expreso mi m\u00e1s sincero agradecimiento a las organizaciones que entregan este hermoso galard\u00f3n y refrendamos la iniciativa que enarbola Premio Pasaporte Abierto de vivir en un mundo sin fronteras donde prime el respeto, la solidaridad y el libre acceso a la informaci\u00f3n\u201d, dijo De Pe<\/span><span lang=\"ES\">\u00f1<\/span><span lang=\"ES\">a.<\/span><\/p>\n<p class=\"x_gmail-MsoNormalCxSpMiddle\"><span lang=\"ES\">Turismox3 se adhiere a esos principios, estableciendo adem\u00e1s que, el turismo es una de las principales actividades que permiten impulsar la paz, la justicia, los valores y el bienestar de todos los pueblos del mundo y desde el periodismo tur\u00edstico continuaremos creando conciencia sobre este particular.<\/span><\/p>\n<p class=\"x_gmail-MsoNormalCxSpMiddle\"><span lang=\"ES\">En la premiaci\u00f3n se dirigieron a los presentes los se\u00f1ores Miguel Ledhesma, director general de la OMPT; Luis Polo Roa, presidente de la ALPT; Gustavo Him, ministro de Turismo de Panam\u00e1, y Jos\u00e9 Ignacio Pi\u00f1a, embajador de M\u00e9xico en Panam\u00e1.\u00a0<\/span><\/p>\n<p><span lang=\"ES\">El jurado del Premio Internacional Pasaporte Abierto 2018 estuvo conformado por Miguel Ledhesma (Argentina), Antonio Rodr\u00edguez Ruibal (Espa\u00f1a), Enrique Pesantez (Panam\u00e1), N\u00e9stor Noguera (Paraguay), Andr\u00e9s \u00c1lvarez Cort\u00e9s (Chile), Azucena Pacheco Viveros (M\u00e9xico), Katherine Vallera (Estados Unidos), James Draven (Reino Unido) y Kendall Hill (Australia).Pasaporte abierto, Premio pasaporte abierto, turismo<\/span><\/p>\n","protected":false},"excerpt":{"rendered":"<p>El programa de radio Turismox3 fue galardonado como Medio Especializado en Turismo Destacado en la premiaci\u00f3n internacional para periodistas tur\u00edsticos \u201cPasaporte Abierto 2018\u201d que entregan la Organizaci\u00f3n Mundial de Periodismo Tur\u00edstico (OMPT) y la Alianza Latinoamericana de Periodistas Tur\u00edsticos (ALPT) con el auspicio del Ministerio de Turismo de Panam\u00e1. La ceremonia de premiaci\u00f3n se celebr\u00f3 [&hellip;]<\/p>\n","protected":false},"author":9,"featured_media":4105,"comment_status":"open","ping_status":"closed","sticky":false,"template":"","format":"standard","meta":{"footnotes":""},"categories":[2,48],"tags":[1958,1959,115,116],"class_list":["post-4104","post","type-post","status-publish","format-standard","has-post-thumbnail","hentry","category-featured","category-turismo","tag-pasaporte-abierto","tag-premio-pasaporte-abierto","tag-tourism","tag-turismo"],"_links":{"self":[{"href":"https:\/\/www.foodieandtraveler.com\/index.php\/wp-json\/wp\/v2\/posts\/4104","targetHints":{"allow":["GET"]}}],"collection":[{"href":"https:\/\/www.foodieandtraveler.com\/index.php\/wp-json\/wp\/v2\/posts"}],"about":[{"href":"https:\/\/www.foodieandtraveler.com\/index.php\/wp-json\/wp\/v2\/types\/post"}],"author":[{"embeddable":true,"href":"https:\/\/www.foodieandtraveler.com\/index.php\/wp-json\/wp\/v2\/users\/9"}],"replies":[{"embeddable":true,"href":"https:\/\/www.foodieandtraveler.com\/index.php\/wp-json\/wp\/v2\/comments?post=4104"}],"version-history":[{"count":0,"href":"https:\/\/www.foodieandtraveler.com\/index.php\/wp-json\/wp\/v2\/posts\/4104\/revisions"}],"wp:featuredmedia":[{"embeddable":true,"href":"https:\/\/www.foodieandtraveler.com\/index.php\/wp-json\/wp\/v2\/media\/4105"}],"wp:attachment":[{"href":"https:\/\/www.foodieandtraveler.com\/index.php\/wp-json\/wp\/v2\/media?parent=4104"}],"wp:term":[{"taxonomy":"category","embeddable":true,"href":"https:\/\/www.foodieandtraveler.com\/index.php\/wp-json\/wp\/v2\/categories?post=4104"},{"taxonomy":"post_tag","embeddable":true,"href":"https:\/\/www.foodieandtraveler.com\/index.php\/wp-json\/wp\/v2\/tags?post=4104"}],"curies":[{"name":"wp","href":"https:\/\/api.w.org\/{rel}","templated":true}]}}