{"id":3870,"date":"2018-06-26T21:00:33","date_gmt":"2018-06-27T01:00:33","guid":{"rendered":"http:\/\/foodieandtraveler.com\/?p=3870"},"modified":"2018-06-26T21:10:02","modified_gmt":"2018-06-27T01:10:02","slug":"turismox3-innovador-programa-turismo-la-radio-digital","status":"publish","type":"post","link":"https:\/\/www.foodieandtraveler.com\/index.php\/turismox3-innovador-programa-turismo-la-radio-digital\/","title":{"rendered":"Turismox3: innovador programa sobre turismo en la radio digital"},"content":{"rendered":"<p>Ideado como un espacio para informar sobre la din\u00e1mica del turismo nacional, se iniciar\u00e1 este mi\u00e9rcoles el nuevo programa radial \u201cTurismox3\u201d, una variada revista informativa que se transmitir\u00e1 en vivo a las ocho de la noche por la emisora digital UnikRadio y las redes sociales.<\/p>\n<p>\u201cTurimox3\u201d estar\u00e1 producido y conducido por los periodistas Karina L\u00f3pez, Mayra De Pe\u00f1a y Osvaldo Soriano, quienes agotar\u00e1n una variedad de temas en un formato \u00e1gil, entretenido e interactivo, usando como plataforma la radio en internet y las redes sociales, aprovechando las oportunidades de estos medios para una mayor cobertura y audiencia nacional e internacional.<\/p>\n<p>Sus conductores explican que el contenido de Turismox3 trasciende el periodismo de viajes, ya que la tem\u00e1tica girar\u00e1 en torno a la comunicaci\u00f3n tur\u00edstica, con informaciones, entrevistas y an\u00e1lisis de los temas que abarca la agenda tur\u00edstica dominicana, ponderando tambi\u00e9n los aspectos de relevancia internacional<\/p>\n<p>La nueva propuesta informativa tendr\u00e1, entre otras secciones, <em>\u201cEnfoque tur\u00edstico<\/em>\u201d, con el an\u00e1lisis en perspectiva de los temas de la actualidad tur\u00edstica nacional; \u201c<em>Destinos\u201d<\/em>, presentaci\u00f3n de las atracciones de un destino nacional o del exterior, resaltando los aspectos hist\u00f3ricos, culturales y su vinculaci\u00f3n con la comunidad; <em>\u201cLa agenda<\/em>\u201d, con los eventos de la semana, <em>\u201c\u00a1Ent\u00e9rate!\u201d,<\/em> breve c\u00e1psula informativa con un dato preciso de un hecho, acontecimiento o un lugar de inter\u00e9s tur\u00edstico poco conocido o curioso, y <em>\u201c\u00bfQu\u00e9 dicen nuestros fans?\u201d,<\/em> con los comentarios y opiniones de nuestros seguidores sobre los temas presentados.<\/p>\n<p>\u201cAbogaremos por el crecimiento del turismo sostenible que incluye ejes como la protecci\u00f3n y cuidado del medioambiente, el componente social y econ\u00f3mico y por supuesto, promoveremos la riqueza hist\u00f3rica y cultural de Rep\u00fablica Dominicana y su oferta tur\u00edstica\u201d, aseguran los productores en una declaraci\u00f3n de prensa.<\/p>\n<p>\u201cTurismox3\u201d contar\u00e1 con la presencia de los actores y especialistas del sector y la participaci\u00f3n del p\u00fablico a trav\u00e9s de las redes sociales, donde podr\u00e1n expresar sus opiniones, inquietudes e ideas, \u201clo que ser\u00e1 una importante materia prima del programa\u201d, indicaron.<\/p>\n<p><strong>De los productores<\/strong>:<\/p>\n<p>A pesar de la personalidad distinta de cada uno, han unido su experiencia y conocimientos para crear esta nueva propuesta, logrando una excelente qu\u00edmica que adem\u00e1s de un buen balance crear\u00e1 una atm\u00f3sfera amena y atractiva para los internautas.<\/p>\n<p><strong>Karina L\u00f3pez<\/strong><\/p>\n<p>Es Licenciada en Comunicaci\u00f3n Social con una maestr\u00eda en Gerencia de la Comunicaci\u00f3n Corporativa, un posgrado en Responsabilidad Social Empresarial y un diplomado en Turismo, ha participado en jornadas acad\u00e9micas sobre turismo y turismo sostenible. Fue encargada de relaciones p\u00fablicas de Target Consultores, donde tambi\u00e9n fue editora de las revistas \u201cDe Viaje\u201d y \u201cViajar Online\u201d, y de varias gu\u00edas tur\u00edsticas institucionales. Produjo y condujo el espacio de televisi\u00f3n \u201cPulso Tur\u00edstico\u201d, transmitido por BTV canal 36, y del 2015-2017 fue vicepresidenta de la Asociaci\u00f3n Dominicana de Prensa Tur\u00edstica (Adompretur).<\/p>\n<p><strong>Mayra De Pe\u00f1a<\/strong><\/p>\n<p>Es Periodista orientada al turismo, Lic. en Contabilidad. Es maestra de ceremonias y ha realizado diplomados en relaciones p\u00fablicas, planificaci\u00f3n de pol\u00edtica estrat\u00e9gica y comercio exterior, tambi\u00e9n en comunicaci\u00f3n y gesti\u00f3n de riesgos de desastres y cambio clim\u00e1tico. Es directora de la revista digital de turismo &#8220;Un Encuentro con mi Pa\u00eds RD&#8221; y del blog &#8220;Mayra De Pe\u00f1a Aporta\u201d.\u00a0\u00a0Colabora en El Nuevo Diario con la publicaci\u00f3n del reportaje &#8220;Un Encuentro con lo Nuestro\u201d, y en el peri\u00f3dico El D\u00eda, en la secci\u00f3n de Opini\u00f3n.\u00a0 Es miembro de la Asociaci\u00f3n Dominicana de Prensa Tur\u00edstica (Adompretur) y representante de Rep\u00fablica Dominicana ante la Organizaci\u00f3n Mundial de Periodismo Tur\u00edstico.<\/p>\n<p><strong>Osvaldo Soriano<\/strong><\/p>\n<p>Estudi\u00f3 Ciencia de la Informaci\u00f3n P\u00fablica en la Universidad Aut\u00f3noma de Santo Domingo (UASD) y ha realizado diplomados y cursos diversos de comunicaci\u00f3n, econom\u00eda, relaciones p\u00fablicas, oratoria, mercadeo, organizaci\u00f3n de eventos y participado en seminarios de formaci\u00f3n acad\u00e9mica en el pa\u00eds y en el extranjero.\u00a0 Pasado presidente nacional de la Asociaci\u00f3n Dominicana de Prensa Tur\u00edstica (Adompretur) del 2010 al 2015. Es presidente de IDECOM (Ideas &amp; Comunicaciones, S.R.L.), pionera en servicios de relaciones p\u00fablicas y comunicaci\u00f3n estrat\u00e9gica del pa\u00eds, fundada en 1979, y aliada con prestigiosas agencias internacionales. Produce el programa de televisi\u00f3n Pulso Nacional y es miembro fundador del Colegio Dominicano de Periodistas (CDP) y del C\u00edrculo de Periodistas de la Salud (Cipesa), entre otros.<\/p>\n<p><img fetchpriority=\"high\" decoding=\"async\" class=\"alignnone size-medium wp-image-3873\" src=\"http:\/\/foodieandtraveler.com\/wp-content\/uploads\/2018\/06\/Foto-12c-Karina-L\u00f3pez2c-Osvaldo-Soriano-y-Mayra-De-Pe\u00f1a-productores-de-Turismox3-.1-300x255.jpg\" alt=\"\" width=\"300\" height=\"255\" srcset=\"https:\/\/www.foodieandtraveler.com\/wp-content\/uploads\/2018\/06\/Foto-12c-Karina-L\u00f3pez2c-Osvaldo-Soriano-y-Mayra-De-Pe\u00f1a-productores-de-Turismox3-.1-300x255.jpg 300w, https:\/\/www.foodieandtraveler.com\/wp-content\/uploads\/2018\/06\/Foto-12c-Karina-L\u00f3pez2c-Osvaldo-Soriano-y-Mayra-De-Pe\u00f1a-productores-de-Turismox3-.1-768x654.jpg 768w, https:\/\/www.foodieandtraveler.com\/wp-content\/uploads\/2018\/06\/Foto-12c-Karina-L\u00f3pez2c-Osvaldo-Soriano-y-Mayra-De-Pe\u00f1a-productores-de-Turismox3-.1-1024x872.jpg 1024w, https:\/\/www.foodieandtraveler.com\/wp-content\/uploads\/2018\/06\/Foto-12c-Karina-L\u00f3pez2c-Osvaldo-Soriano-y-Mayra-De-Pe\u00f1a-productores-de-Turismox3-.1-696x593.jpg 696w, https:\/\/www.foodieandtraveler.com\/wp-content\/uploads\/2018\/06\/Foto-12c-Karina-L\u00f3pez2c-Osvaldo-Soriano-y-Mayra-De-Pe\u00f1a-productores-de-Turismox3-.1-1068x909.jpg 1068w, https:\/\/www.foodieandtraveler.com\/wp-content\/uploads\/2018\/06\/Foto-12c-Karina-L\u00f3pez2c-Osvaldo-Soriano-y-Mayra-De-Pe\u00f1a-productores-de-Turismox3-.1-493x420.jpg 493w, https:\/\/www.foodieandtraveler.com\/wp-content\/uploads\/2018\/06\/Foto-12c-Karina-L\u00f3pez2c-Osvaldo-Soriano-y-Mayra-De-Pe\u00f1a-productores-de-Turismox3-.1.jpg 1500w\" sizes=\"(max-width: 300px) 100vw, 300px\" \/><img decoding=\"async\" class=\"alignnone size-medium wp-image-3872\" src=\"http:\/\/foodieandtraveler.com\/wp-content\/uploads\/2018\/06\/Foto-32c-Productores-de-Turismox3.-001-300x200.jpg\" alt=\"\" width=\"300\" height=\"200\" srcset=\"https:\/\/www.foodieandtraveler.com\/wp-content\/uploads\/2018\/06\/Foto-32c-Productores-de-Turismox3.-001-300x200.jpg 300w, https:\/\/www.foodieandtraveler.com\/wp-content\/uploads\/2018\/06\/Foto-32c-Productores-de-Turismox3.-001-768x511.jpg 768w, https:\/\/www.foodieandtraveler.com\/wp-content\/uploads\/2018\/06\/Foto-32c-Productores-de-Turismox3.-001-1024x681.jpg 1024w, https:\/\/www.foodieandtraveler.com\/wp-content\/uploads\/2018\/06\/Foto-32c-Productores-de-Turismox3.-001-696x463.jpg 696w, https:\/\/www.foodieandtraveler.com\/wp-content\/uploads\/2018\/06\/Foto-32c-Productores-de-Turismox3.-001-1068x711.jpg 1068w, https:\/\/www.foodieandtraveler.com\/wp-content\/uploads\/2018\/06\/Foto-32c-Productores-de-Turismox3.-001-631x420.jpg 631w, https:\/\/www.foodieandtraveler.com\/wp-content\/uploads\/2018\/06\/Foto-32c-Productores-de-Turismox3.-001.jpg 1500w\" sizes=\"(max-width: 300px) 100vw, 300px\" \/><\/p>\n","protected":false},"excerpt":{"rendered":"<p>Ideado como un espacio para informar sobre la din\u00e1mica del turismo nacional, se iniciar\u00e1 este mi\u00e9rcoles el nuevo programa radial \u201cTurismox3\u201d, una variada revista informativa que se transmitir\u00e1 en vivo a las ocho de la noche por la emisora digital UnikRadio y las redes sociales. \u201cTurimox3\u201d estar\u00e1 producido y conducido por los periodistas Karina L\u00f3pez, [&hellip;]<\/p>\n","protected":false},"author":9,"featured_media":3871,"comment_status":"open","ping_status":"closed","sticky":false,"template":"","format":"standard","meta":{"footnotes":""},"categories":[2,48],"tags":[1784,1785,1786,1783,116,1782,1787],"class_list":["post-3870","post","type-post","status-publish","format-standard","has-post-thumbnail","hentry","category-featured","category-turismo","tag-karina-lopez","tag-mayra-de-pena","tag-osvaldo-soriano","tag-programa-de-radio","tag-turismo","tag-turismo-radial","tag-unik-radio"],"_links":{"self":[{"href":"https:\/\/www.foodieandtraveler.com\/index.php\/wp-json\/wp\/v2\/posts\/3870","targetHints":{"allow":["GET"]}}],"collection":[{"href":"https:\/\/www.foodieandtraveler.com\/index.php\/wp-json\/wp\/v2\/posts"}],"about":[{"href":"https:\/\/www.foodieandtraveler.com\/index.php\/wp-json\/wp\/v2\/types\/post"}],"author":[{"embeddable":true,"href":"https:\/\/www.foodieandtraveler.com\/index.php\/wp-json\/wp\/v2\/users\/9"}],"replies":[{"embeddable":true,"href":"https:\/\/www.foodieandtraveler.com\/index.php\/wp-json\/wp\/v2\/comments?post=3870"}],"version-history":[{"count":0,"href":"https:\/\/www.foodieandtraveler.com\/index.php\/wp-json\/wp\/v2\/posts\/3870\/revisions"}],"wp:featuredmedia":[{"embeddable":true,"href":"https:\/\/www.foodieandtraveler.com\/index.php\/wp-json\/wp\/v2\/media\/3871"}],"wp:attachment":[{"href":"https:\/\/www.foodieandtraveler.com\/index.php\/wp-json\/wp\/v2\/media?parent=3870"}],"wp:term":[{"taxonomy":"category","embeddable":true,"href":"https:\/\/www.foodieandtraveler.com\/index.php\/wp-json\/wp\/v2\/categories?post=3870"},{"taxonomy":"post_tag","embeddable":true,"href":"https:\/\/www.foodieandtraveler.com\/index.php\/wp-json\/wp\/v2\/tags?post=3870"}],"curies":[{"name":"wp","href":"https:\/\/api.w.org\/{rel}","templated":true}]}}