{"id":2787,"date":"2017-07-30T09:29:47","date_gmt":"2017-07-30T13:29:47","guid":{"rendered":"http:\/\/foodieandtraveler.com\/?p=2787"},"modified":"2017-07-30T11:00:46","modified_gmt":"2017-07-30T15:00:46","slug":"caramella-bakery-estrena-nuevo-local-y-amplia-su-propuesta-gastronomica","status":"publish","type":"post","link":"https:\/\/www.foodieandtraveler.com\/index.php\/caramella-bakery-estrena-nuevo-local-y-amplia-su-propuesta-gastronomica\/","title":{"rendered":"Caramella Bakery estrena nuevo local y ampl\u00eda su propuesta gastron\u00f3mica"},"content":{"rendered":"<p style=\"text-align: center;\"><strong>La pasteler\u00eda, liderada por la joven Laura Amalia Fern\u00e1ndez, tienen nueva casa en Naco (Fernando Escobar Hurtado #54). Adem\u00e1s, complementa su men\u00fa con opciones saladas para desayuno y una variada selecci\u00f3n de picaderas.<\/strong><\/p>\n<p>El hogar del \u201cOreo Devotion\u201d y el \u201cDonut Taco\u201d, entre otras delicias, est\u00e1 de estreno. La pasteler\u00eda Caramella Bakery se ha mudado de local, a uno m\u00e1s amplio y estrat\u00e9gicamente ubicado en el sector de Piantini. Un cambio que ha tra\u00eddo muchas novedades que incluyen nuevas recetas, aula para entrenamientos y clases privadas, espacios para eventos, opciones de picaderas saladas y un men\u00fa especial de desayunos y caf\u00e9s.<\/p>\n<p>De esta manera, el establecimiento fundado en 2010 por la inquieta y joven pastelera Laura Amalia Fern\u00e1ndez, consolida su propuesta, con el inter\u00e9s de seguir sorprendiendo a los comensales criollos.<\/p>\n<p>\u201cEstoy feliz con este cambio, ya que me permitir\u00e1 desarrollar todas las ideas y proyectos que tengo para Caramella\u201d, comenta Fern\u00e1ndez, quien se inici\u00f3 en esta dulce carrera a muy temprana edad, haciendo brownies y cheesecake para cafeter\u00edas escolares y hospitales de Santo Domingo.<\/p>\n<p>\u201cEl nuevo local ofrece un ambiente m\u00e1s acogedor, en el que los visitantes podr\u00e1n disfrutar de desayunos, picaderas y nuestra especialidad, que son los postres, as\u00ed como nuevos espacios para actividades y clases de reposter\u00eda\u201d, agrega.<\/p>\n<p>\u201cDecidimos mudarnos para brindar mayor comodidad, productos y servicios a nuestros clientes, adem\u00e1s de una oferta m\u00e1s variada y completa. Quedan muchas metas por cumplir y muchos deseos de seguir super\u00e1ndonos y aprendiendo\u201d, destaca Laura, quien tambi\u00e9n es la chef pastelera de los restaurantes del Grupo SBG.<\/p>\n<p>Entre las nuevas recetas dulce que han llegado para complementar su conocida y degustada selecci\u00f3n de postres, destacan: \u201cDonut Taco de Nutella\u201d y \u201cDonut Taco de Dulce de Leche\u201d, \u201cBrownie A La Moda Caramella\u201d, \u201cCrepe de Nutella\u201d y el \u201cInverso Bomb\u201d. Su propuesta salada incluye: Croissants frescos cada ma\u00f1ana, Pita pizza, Ensalada de Quinoa, Ensalada de pollo y aguacate, Dips de pollo light, Dip de Puerro y Bacon, Dip de Cheddar, Grill Cheese, S\u00e1ndwich de Jam\u00f3n y Queso, Club Wrap, entre otros.<\/p>\n<p>En cuanto a actividades y eventos, Caramella Bakery tiene preparado un atractivo calendario de clases tem\u00e1ticas para ni\u00f1os y adultos, que se ir\u00e1 desarrollando en los pr\u00f3ximos meses. Tambi\u00e9n, cuentan con un espacio para actividades con capacidad de cuarenta personas.<\/p>\n<p>Caramella Bakery est\u00e1 ubicada en la calle Fernando Escobar Hurtado #54, en Piantini. Funciona en horario de ocho de la ma\u00f1ana a siete de la noche, de lunes a viernes; y los s\u00e1bados de ocho de la ma\u00f1ana a seis de la tarde.<\/p>\n<p>Para m\u00e1s informaci\u00f3n, los interesados puedes acceder a su perfil en Instagram y Facebook (@CaramellaBakery) o llamando al 809.549.4218.<\/p>\n<div id='gallery-1' class='gallery galleryid-2787 gallery-columns-3 gallery-size-thumbnail'><figure class='gallery-item'>\n\t\t\t<div class='gallery-icon portrait'>\n\t\t\t\t<a href='https:\/\/www.foodieandtraveler.com\/index.php\/caramella-bakery-estrena-nuevo-local-y-amplia-su-propuesta-gastronomica\/bizcocho-de-coco-de-caramella\/'><img decoding=\"async\" width=\"150\" height=\"150\" src=\"https:\/\/www.foodieandtraveler.com\/wp-content\/uploads\/2017\/07\/Bizcocho-de-coco-de-Caramella-150x150.jpg\" class=\"attachment-thumbnail size-thumbnail\" alt=\"\" \/><\/a>\n\t\t\t<\/div><\/figure><figure class='gallery-item'>\n\t\t\t<div class='gallery-icon landscape'>\n\t\t\t\t<a href='https:\/\/www.foodieandtraveler.com\/index.php\/caramella-bakery-estrena-nuevo-local-y-amplia-su-propuesta-gastronomica\/brownie-a-la-moda-de-caramella\/'><img decoding=\"async\" width=\"150\" height=\"150\" src=\"https:\/\/www.foodieandtraveler.com\/wp-content\/uploads\/2017\/07\/Brownie-a-la-moda-de-Caramella-150x150.jpg\" class=\"attachment-thumbnail size-thumbnail\" alt=\"\" \/><\/a>\n\t\t\t<\/div><\/figure><figure class='gallery-item'>\n\t\t\t<div class='gallery-icon landscape'>\n\t\t\t\t<a href='https:\/\/www.foodieandtraveler.com\/index.php\/caramella-bakery-estrena-nuevo-local-y-amplia-su-propuesta-gastronomica\/cupcakes\/'><img decoding=\"async\" width=\"150\" height=\"150\" src=\"https:\/\/www.foodieandtraveler.com\/wp-content\/uploads\/2017\/07\/Cupcakes-150x150.jpg\" class=\"attachment-thumbnail size-thumbnail\" alt=\"\" \/><\/a>\n\t\t\t<\/div><\/figure><figure class='gallery-item'>\n\t\t\t<div class='gallery-icon landscape'>\n\t\t\t\t<a href='https:\/\/www.foodieandtraveler.com\/index.php\/caramella-bakery-estrena-nuevo-local-y-amplia-su-propuesta-gastronomica\/el-establecimiento-estreno-menu-de-picaderas-y-cafe\/'><img loading=\"lazy\" decoding=\"async\" width=\"150\" height=\"150\" src=\"https:\/\/www.foodieandtraveler.com\/wp-content\/uploads\/2017\/07\/El-establecimiento-estren\u00f3-men\u00fa-de-picaderas-y-caf\u00e9-150x150.jpg\" class=\"attachment-thumbnail size-thumbnail\" alt=\"\" \/><\/a>\n\t\t\t<\/div><\/figure><figure class='gallery-item'>\n\t\t\t<div class='gallery-icon landscape'>\n\t\t\t\t<a href='https:\/\/www.foodieandtraveler.com\/index.php\/caramella-bakery-estrena-nuevo-local-y-amplia-su-propuesta-gastronomica\/laura-amelia-fernandez-pastelera-y-propietaria-de-caramella-bakery\/'><img loading=\"lazy\" decoding=\"async\" width=\"150\" height=\"150\" src=\"https:\/\/www.foodieandtraveler.com\/wp-content\/uploads\/2017\/07\/Laura-Amelia-Fern\u00e1ndez-pastelera-y-propietaria-de-Caramella-Bakery-150x150.jpg\" class=\"attachment-thumbnail size-thumbnail\" alt=\"\" \/><\/a>\n\t\t\t<\/div><\/figure><figure class='gallery-item'>\n\t\t\t<div class='gallery-icon landscape'>\n\t\t\t\t<a href='https:\/\/www.foodieandtraveler.com\/index.php\/caramella-bakery-estrena-nuevo-local-y-amplia-su-propuesta-gastronomica\/seleccion-de-postres-de-caramella-bakery\/'><img loading=\"lazy\" decoding=\"async\" width=\"150\" height=\"150\" src=\"https:\/\/www.foodieandtraveler.com\/wp-content\/uploads\/2017\/07\/Selecci\u00f3n-de-postres-de-Caramella-Bakery-150x150.jpg\" class=\"attachment-thumbnail size-thumbnail\" alt=\"\" \/><\/a>\n\t\t\t<\/div><\/figure>\n\t\t<\/div>\n\n","protected":false},"excerpt":{"rendered":"<p>La pasteler\u00eda, liderada por la joven Laura Amalia Fern\u00e1ndez, tienen nueva casa en Naco (Fernando Escobar Hurtado #54). Adem\u00e1s, complementa su men\u00fa con opciones saladas para desayuno y una variada selecci\u00f3n de picaderas. El hogar del \u201cOreo Devotion\u201d y el \u201cDonut Taco\u201d, entre otras delicias, est\u00e1 de estreno. La pasteler\u00eda Caramella Bakery se ha mudado [&hellip;]<\/p>\n","protected":false},"author":9,"featured_media":2797,"comment_status":"open","ping_status":"closed","sticky":false,"template":"","format":"standard","meta":{"footnotes":""},"categories":[2,47,1142,9],"tags":[99,1278,1280,246,1279,1283,1281,273,1282,580],"class_list":["post-2787","post","type-post","status-publish","format-standard","has-post-thumbnail","hentry","category-featured","category-dulce-tentacion","category-gastronomia","category-restaurantes","tag-cafe","tag-caramella-bakery","tag-chef-pastelera","tag-desayunos","tag-dessert","tag-eventos","tag-laura-amalia-fernandez","tag-menu","tag-picaderas","tag-postres"],"_links":{"self":[{"href":"https:\/\/www.foodieandtraveler.com\/index.php\/wp-json\/wp\/v2\/posts\/2787","targetHints":{"allow":["GET"]}}],"collection":[{"href":"https:\/\/www.foodieandtraveler.com\/index.php\/wp-json\/wp\/v2\/posts"}],"about":[{"href":"https:\/\/www.foodieandtraveler.com\/index.php\/wp-json\/wp\/v2\/types\/post"}],"author":[{"embeddable":true,"href":"https:\/\/www.foodieandtraveler.com\/index.php\/wp-json\/wp\/v2\/users\/9"}],"replies":[{"embeddable":true,"href":"https:\/\/www.foodieandtraveler.com\/index.php\/wp-json\/wp\/v2\/comments?post=2787"}],"version-history":[{"count":0,"href":"https:\/\/www.foodieandtraveler.com\/index.php\/wp-json\/wp\/v2\/posts\/2787\/revisions"}],"wp:featuredmedia":[{"embeddable":true,"href":"https:\/\/www.foodieandtraveler.com\/index.php\/wp-json\/wp\/v2\/media\/2797"}],"wp:attachment":[{"href":"https:\/\/www.foodieandtraveler.com\/index.php\/wp-json\/wp\/v2\/media?parent=2787"}],"wp:term":[{"taxonomy":"category","embeddable":true,"href":"https:\/\/www.foodieandtraveler.com\/index.php\/wp-json\/wp\/v2\/categories?post=2787"},{"taxonomy":"post_tag","embeddable":true,"href":"https:\/\/www.foodieandtraveler.com\/index.php\/wp-json\/wp\/v2\/tags?post=2787"}],"curies":[{"name":"wp","href":"https:\/\/api.w.org\/{rel}","templated":true}]}}