{"id":1909,"date":"2016-11-18T17:22:47","date_gmt":"2016-11-18T21:22:47","guid":{"rendered":"http:\/\/foodieandtraveler.com\/?p=1909"},"modified":"2017-05-26T18:04:45","modified_gmt":"2017-05-26T22:04:45","slug":"chacabana-forever-primer-desfile-de-una-prenda-marca-pais","status":"publish","type":"post","link":"https:\/\/www.foodieandtraveler.com\/index.php\/chacabana-forever-primer-desfile-de-una-prenda-marca-pais\/","title":{"rendered":"Chacabana Forever, primer desfile de una prenda Marca Pa\u00eds"},"content":{"rendered":"<p style=\"text-align: justify;\">El restaurante Boccelli se engalan\u00f3 con el desfile \u201cChacabana Forever\u201d con un despliegue de dise\u00f1os, estilos, colores y diferentes formas de usar las Chacabanas. Cinco dise\u00f1adores de la asociaci\u00f3n de artesanos de Chacabana de Rep\u00fablica Dominicana (ASCHADOM) presidido por el dise\u00f1ador Juan Francisco Reyes (Fara\u00f3n) y la colaboraci\u00f3n de Imagen P\u00fablica Consulting, fueron los ide\u00f3logos de continuar llevando las Chacabanas como una pieza a utilizar en diferentes ambientes, estilos y formas.<\/p>\n<p style=\"text-align: justify;\">La m\u00fasica, el ritmo, la gala, los colores as\u00ed como la alegr\u00eda de los dominicanos fue puesta en pasarela por los dise\u00f1adores y artesanos de la chacabana: My Lord, Fara\u00f3n, Noel Newman, An\u00edbal Collection y CalpoAtelier, mostrando creatividad, movimientos y estilos diferentes de llevar una pieza puramente del tr\u00f3pico.<\/p>\n<p style=\"text-align: justify;\">\u201cVivimos en un pa\u00eds h\u00famedo, caluroso donde una buena pieza de chacabana puede ser vestida para toda ocasi\u00f3n sin exponernos a la tortura de un saco y corbata\u201d fueron las palabras del presidente de ACHADOM, el Sr. Juan Francisco Reyes (Fara\u00f3n), al motivar a los dominicanos a usar m\u00e1s una pieza propia para el tr\u00f3pico.<\/p>\n<p style=\"text-align: justify;\">Dentro del marco del \u201cChacabana Forever\u201d fue reconocido el distinguido periodista Roberto cavada por ser un embajador de las chacabanas, us\u00e1ndolas como parte de su marca personal y mostrando los distintos estilos y formas que representa la ropa del tr\u00f3pico.<\/p>\n<p style=\"text-align: justify;\">En este escenario se dieron cita distintas personalidades y empresarios, de la comunicaci\u00f3n y del mundo de la moda como Jes\u00fas Nova (Papi Nova), quien abri\u00f3 el desfile, Socrates McKinney, quien tambi\u00e9n fue de los que engalan\u00f3 la pasarela, los hermanos Manuel y Hermes Meccariello, Eduardo Santos, Raulito Grisanty, Domingo Bautista, Jos\u00e9 Jhan, Aleja Flores, entre otras grandes figuras.<\/p>\n<p style=\"text-align: justify;\">Los nombres de las colecciones fueron: My Lord: \u201cMomentos\u201d, Fara\u00f3n: \u201cFara\u00f3n de Gala\u201d, Noel Newman: \u201cOne Way\u201d, An\u00edbal Colecci\u00f3n: \u201cCaribbean Rain\u201d y Calpo Atelier: \u201cDe Colores\u201d. El cantante Emmanuel Bret\u00f3n fue el encargado de la amenizaci\u00f3n art\u00edstica del desfile.<\/p>\n<p style=\"text-align: justify;\"><em>Este evento cont\u00f3 el patrocinio del restaurante Boccelli como anfitri\u00f3n, Aschadom<\/em><em>, Imagen P\u00fablica Consulting, \u00c1lvarez y S\u00e1nchez, Brugal, Urdimbre, Carlos Andr\u00e9s Fashion Style, Seo Consulting, V8 Splas, Pettie, Ocean Spray, Star Products, SITV y Benny P\u00e9rez fotograf\u00eda.<\/em><\/p>\n<div id='gallery-1' class='gallery galleryid-1909 gallery-columns-3 gallery-size-thumbnail'><figure class='gallery-item'>\n\t\t\t<div class='gallery-icon landscape'>\n\t\t\t\t<a href='https:\/\/www.foodieandtraveler.com\/index.php\/chacabana-forever-primer-desfile-de-una-prenda-marca-pais\/parte-del-desfile\/'><img decoding=\"async\" width=\"150\" height=\"150\" src=\"https:\/\/www.foodieandtraveler.com\/wp-content\/uploads\/2016\/11\/Parte-del-desfile-150x150.jpg\" class=\"attachment-thumbnail size-thumbnail\" alt=\"\" aria-describedby=\"gallery-1-1913\" \/><\/a>\n\t\t\t<\/div>\n\t\t\t\t<figcaption class='wp-caption-text gallery-caption' id='gallery-1-1913'>\n\t\t\t\t?????????????????\n\t\t\t\t<\/figcaption><\/figure><figure class='gallery-item'>\n\t\t\t<div class='gallery-icon portrait'>\n\t\t\t\t<a href='https:\/\/www.foodieandtraveler.com\/index.php\/chacabana-forever-primer-desfile-de-una-prenda-marca-pais\/vladimir-jimenez-de-calpo-atelier\/'><img decoding=\"async\" width=\"150\" height=\"150\" src=\"https:\/\/www.foodieandtraveler.com\/wp-content\/uploads\/2016\/11\/Vladimir-Jimenez-de-Calpo-Atelier-150x150.jpg\" class=\"attachment-thumbnail size-thumbnail\" alt=\"\" aria-describedby=\"gallery-1-1916\" \/><\/a>\n\t\t\t<\/div>\n\t\t\t\t<figcaption class='wp-caption-text gallery-caption' id='gallery-1-1916'>\n\t\t\t\t?????????????????\n\t\t\t\t<\/figcaption><\/figure><figure class='gallery-item'>\n\t\t\t<div class='gallery-icon landscape'>\n\t\t\t\t<a href='https:\/\/www.foodieandtraveler.com\/index.php\/chacabana-forever-primer-desfile-de-una-prenda-marca-pais\/faraon-anibal-collection-my-lord-noel-newman-y-calpo-atelier\/'><img decoding=\"async\" width=\"150\" height=\"150\" src=\"https:\/\/www.foodieandtraveler.com\/wp-content\/uploads\/2016\/11\/Faraon-Anibal-Collection-My-Lord-Noel-Newman-y-Calpo-Atelier-150x150.jpg\" class=\"attachment-thumbnail size-thumbnail\" alt=\"\" aria-describedby=\"gallery-1-1910\" \/><\/a>\n\t\t\t<\/div>\n\t\t\t\t<figcaption class='wp-caption-text gallery-caption' id='gallery-1-1910'>\n\t\t\t\t?????????????????\n\t\t\t\t<\/figcaption><\/figure><figure class='gallery-item'>\n\t\t\t<div class='gallery-icon landscape'>\n\t\t\t\t<a href='https:\/\/www.foodieandtraveler.com\/index.php\/chacabana-forever-primer-desfile-de-una-prenda-marca-pais\/raulito-grisanty-eduardo-santos-desfilando-para-calpo-atelier\/'><img loading=\"lazy\" decoding=\"async\" width=\"150\" height=\"150\" src=\"https:\/\/www.foodieandtraveler.com\/wp-content\/uploads\/2016\/11\/Raulito-Grisanty-Eduardo-Santos-desfilando-para-Calpo-Atelier-150x150.jpg\" class=\"attachment-thumbnail size-thumbnail\" alt=\"\" aria-describedby=\"gallery-1-1914\" \/><\/a>\n\t\t\t<\/div>\n\t\t\t\t<figcaption class='wp-caption-text gallery-caption' id='gallery-1-1914'>\n\t\t\t\t?????????????????\n\t\t\t\t<\/figcaption><\/figure><figure class='gallery-item'>\n\t\t\t<div class='gallery-icon landscape'>\n\t\t\t\t<a href='https:\/\/www.foodieandtraveler.com\/index.php\/chacabana-forever-primer-desfile-de-una-prenda-marca-pais\/jose-jhan-y-faraon\/'><img loading=\"lazy\" decoding=\"async\" width=\"150\" height=\"150\" src=\"https:\/\/www.foodieandtraveler.com\/wp-content\/uploads\/2016\/11\/Jos\u00e9-Jhan-y-Faraon-150x150.jpg\" class=\"attachment-thumbnail size-thumbnail\" alt=\"\" \/><\/a>\n\t\t\t<\/div><\/figure><figure class='gallery-item'>\n\t\t\t<div class='gallery-icon landscape'>\n\t\t\t\t<a href='https:\/\/www.foodieandtraveler.com\/index.php\/chacabana-forever-primer-desfile-de-una-prenda-marca-pais\/socrates-mckinney-desfilando-para-anibal-collection\/'><img loading=\"lazy\" decoding=\"async\" width=\"150\" height=\"150\" src=\"https:\/\/www.foodieandtraveler.com\/wp-content\/uploads\/2016\/11\/Socrates-McKinney-desfilando-para-Anibal-Collection-150x150.jpg\" class=\"attachment-thumbnail size-thumbnail\" alt=\"\" \/><\/a>\n\t\t\t<\/div><\/figure>\n\t\t<\/div>\n\n","protected":false},"excerpt":{"rendered":"<p>El restaurante Boccelli se engalan\u00f3 con el desfile \u201cChacabana Forever\u201d con un despliegue de dise\u00f1os, estilos, colores y diferentes formas de usar las Chacabanas. Cinco dise\u00f1adores de la asociaci\u00f3n de artesanos de Chacabana de Rep\u00fablica Dominicana (ASCHADOM) presidido por el dise\u00f1ador Juan Francisco Reyes (Fara\u00f3n) y la colaboraci\u00f3n de Imagen P\u00fablica Consulting, fueron los ide\u00f3logos [&hellip;]<\/p>\n","protected":false},"author":9,"featured_media":1911,"comment_status":"open","ping_status":"closed","sticky":false,"template":"","format":"standard","meta":{"footnotes":""},"categories":[14],"tags":[537,538,539,541,536,540],"class_list":["post-1909","post","type-post","status-publish","format-standard","has-post-thumbnail","hentry","category-notas-de-prensa","tag-chacabana","tag-chacabanas","tag-desfile","tag-forever","tag-marca-pais","tag-modelos"],"_links":{"self":[{"href":"https:\/\/www.foodieandtraveler.com\/index.php\/wp-json\/wp\/v2\/posts\/1909","targetHints":{"allow":["GET"]}}],"collection":[{"href":"https:\/\/www.foodieandtraveler.com\/index.php\/wp-json\/wp\/v2\/posts"}],"about":[{"href":"https:\/\/www.foodieandtraveler.com\/index.php\/wp-json\/wp\/v2\/types\/post"}],"author":[{"embeddable":true,"href":"https:\/\/www.foodieandtraveler.com\/index.php\/wp-json\/wp\/v2\/users\/9"}],"replies":[{"embeddable":true,"href":"https:\/\/www.foodieandtraveler.com\/index.php\/wp-json\/wp\/v2\/comments?post=1909"}],"version-history":[{"count":0,"href":"https:\/\/www.foodieandtraveler.com\/index.php\/wp-json\/wp\/v2\/posts\/1909\/revisions"}],"wp:featuredmedia":[{"embeddable":true,"href":"https:\/\/www.foodieandtraveler.com\/index.php\/wp-json\/wp\/v2\/media\/1911"}],"wp:attachment":[{"href":"https:\/\/www.foodieandtraveler.com\/index.php\/wp-json\/wp\/v2\/media?parent=1909"}],"wp:term":[{"taxonomy":"category","embeddable":true,"href":"https:\/\/www.foodieandtraveler.com\/index.php\/wp-json\/wp\/v2\/categories?post=1909"},{"taxonomy":"post_tag","embeddable":true,"href":"https:\/\/www.foodieandtraveler.com\/index.php\/wp-json\/wp\/v2\/tags?post=1909"}],"curies":[{"name":"wp","href":"https:\/\/api.w.org\/{rel}","templated":true}]}}