{"id":13805,"date":"2026-09-04T14:11:08","date_gmt":"2026-09-04T18:11:08","guid":{"rendered":"https:\/\/www.foodieandtraveler.com\/?p=13805"},"modified":"2026-09-04T14:15:16","modified_gmt":"2026-09-04T18:15:16","slug":"una-magica-aventura-safari-pone-fin-al-verano-en-el-hotel-playa-nueva-romana","status":"publish","type":"post","link":"https:\/\/www.foodieandtraveler.com\/index.php\/una-magica-aventura-safari-pone-fin-al-verano-en-el-hotel-playa-nueva-romana\/","title":{"rendered":"Una m\u00e1gica Aventura Safari pone fin al verano en el Hotel Playa Nueva Romana"},"content":{"rendered":"<p style=\"font-weight: 400;\"><strong>Playa Nueva Romana<\/strong> celebr\u00f3 la quinta edici\u00f3n de <strong>Verano M\u00e1gico<\/strong>, transformando el parque <strong>Los Samane<\/strong>s en una gran <strong>Aventura Safari<\/strong> que reuni\u00f3 a cientos de ni\u00f1os y propietarios para despedir la temporada de verano.<\/p>\n<p>&nbsp;<\/p>\n<p style=\"font-weight: 400;\">En esta edici\u00f3n, el tradicional encuentro estren\u00f3 una propuesta inmersiva inspirada en la aventura y la naturaleza, donde escenograf\u00eda, ambientaci\u00f3n, personajes, vestuario y espect\u00e1culos se integraron para crear una experiencia especialmente concebida para los m\u00e1s peque\u00f1os.<\/p>\n<p>&nbsp;<\/p>\n<p style=\"font-weight: 400;\">La experiencia combin\u00f3 diversi\u00f3n y descubrimiento con inflables, magia, pintacaritas, concursos, din\u00e1micas recreativas y estaciones gastron\u00f3micas. A la experiencia se sum\u00f3. <strong>Eco-Bah\u00eda<\/strong> se sum\u00f3 a la aventura incorporando un mensaje de conservaci\u00f3n y conexi\u00f3n con el medioambiente.<\/p>\n<p>&nbsp;<\/p>\n<p style=\"font-weight: 400;\">M\u00e1s all\u00e1 del entretenimiento, <strong>Verano M\u00e1gico refleja la esencia de Playa Nueva Romana:<\/strong> crear momentos que unen a las familias, fortalecen la comunidad y enriquecen la experiencia de vivir el residencial.<\/p>\n<p>&nbsp;<\/p>\n<p style=\"font-weight: 400;\">Con cinco ediciones celebradas, <strong>Verano M\u00e1gico se consolida como una de las citas familiares m\u00e1s esperadas de la temporada<\/strong>, reafirmando la apuesta de Playa Nueva Romana por promover una agenda que integra bienestar, naturaleza, diversi\u00f3n y vida en comunidad.<\/p>\n<p style=\"font-weight: 400;\">La celebraci\u00f3n cont\u00f3 con el respaldo de Enterex, Duracell, Rica, Eucerin y Hawaiian, marcas que se sumaron a esta gran aventura y contribuyeron a crear una jornada memorable para toda la familia.<\/p>\n<p>&nbsp;<\/p>\n","protected":false},"excerpt":{"rendered":"<p>Playa Nueva Romana celebr\u00f3 la quinta edici\u00f3n de Verano M\u00e1gico, transformando el parque Los Samanes en una gran Aventura Safari que reuni\u00f3 a cientos de ni\u00f1os y propietarios para despedir la temporada de verano. &nbsp; En esta edici\u00f3n, el tradicional encuentro estren\u00f3 una propuesta inmersiva inspirada en la aventura y la naturaleza, donde escenograf\u00eda, ambientaci\u00f3n, [&hellip;]<\/p>\n","protected":false},"author":9,"featured_media":13806,"comment_status":"closed","ping_status":"closed","sticky":false,"template":"","format":"standard","meta":{"footnotes":""},"categories":[1337,121,48],"tags":[205,907,1693,3359],"class_list":["post-13805","post","type-post","status-publish","format-standard","has-post-thumbnail","hentry","category-actividades-sociales","category-hoteles","category-turismo","tag-hotel","tag-la-romana","tag-playa-nueva-romana","tag-verano-magico"],"_links":{"self":[{"href":"https:\/\/www.foodieandtraveler.com\/index.php\/wp-json\/wp\/v2\/posts\/13805","targetHints":{"allow":["GET"]}}],"collection":[{"href":"https:\/\/www.foodieandtraveler.com\/index.php\/wp-json\/wp\/v2\/posts"}],"about":[{"href":"https:\/\/www.foodieandtraveler.com\/index.php\/wp-json\/wp\/v2\/types\/post"}],"author":[{"embeddable":true,"href":"https:\/\/www.foodieandtraveler.com\/index.php\/wp-json\/wp\/v2\/users\/9"}],"replies":[{"embeddable":true,"href":"https:\/\/www.foodieandtraveler.com\/index.php\/wp-json\/wp\/v2\/comments?post=13805"}],"version-history":[{"count":2,"href":"https:\/\/www.foodieandtraveler.com\/index.php\/wp-json\/wp\/v2\/posts\/13805\/revisions"}],"predecessor-version":[{"id":13808,"href":"https:\/\/www.foodieandtraveler.com\/index.php\/wp-json\/wp\/v2\/posts\/13805\/revisions\/13808"}],"wp:featuredmedia":[{"embeddable":true,"href":"https:\/\/www.foodieandtraveler.com\/index.php\/wp-json\/wp\/v2\/media\/13806"}],"wp:attachment":[{"href":"https:\/\/www.foodieandtraveler.com\/index.php\/wp-json\/wp\/v2\/media?parent=13805"}],"wp:term":[{"taxonomy":"category","embeddable":true,"href":"https:\/\/www.foodieandtraveler.com\/index.php\/wp-json\/wp\/v2\/categories?post=13805"},{"taxonomy":"post_tag","embeddable":true,"href":"https:\/\/www.foodieandtraveler.com\/index.php\/wp-json\/wp\/v2\/tags?post=13805"}],"curies":[{"name":"wp","href":"https:\/\/api.w.org\/{rel}","templated":true}]}}