{"id":13785,"date":"2026-09-02T14:20:41","date_gmt":"2026-09-02T18:20:41","guid":{"rendered":"https:\/\/www.foodieandtraveler.com\/?p=13785"},"modified":"2026-09-02T14:39:02","modified_gmt":"2026-09-02T18:39:02","slug":"air-europa-anuncia-avances-significativos-en-air-europa-on-con-beneficios-para-pasajeros","status":"publish","type":"post","link":"https:\/\/www.foodieandtraveler.com\/index.php\/air-europa-anuncia-avances-significativos-en-air-europa-on-con-beneficios-para-pasajeros\/","title":{"rendered":"Air Europa anuncia avances significativos en Air Europa ON con beneficios para pasajeros"},"content":{"rendered":"<div>\n<p class=\"Cuerpo\"><span class=\"Ninguno\"><span lang=\"ES-TRAD\"><a href=\"https:\/\/www.aireuropa.com\/do\/es\/home?utm_campaign=AEU_RD_ES_MARCA_1&amp;utm_term=Marca_Pura&amp;utm_source=google&amp;utm_medium=cpc&amp;utm_content=paid&amp;esl-k=sem-google%7Cng%7Cc805703688659%7Cme%7Ckair-europa%7Cp%7Ct%7Cdc%7Ca23191510850%7Cg361078130&amp;gad_source=1&amp;gad_campaignid=361078130&amp;gbraid=0AAAAADt-bRac5XnLgquTY-PWHXbVAqdAY&amp;gclid=EAIaIQobChMIronMsMDQlgMVZW1HAR0pjTMQEAAYASAAEgJCrvD_BwE\"><strong>Air Europa<\/strong><\/a> contin\u00faa el desarrollo de su plan de excelencia y calidad en el servicio <strong><em>Air Europa ON.<\/em><\/strong> La iniciativa, que est\u00e1 impulsando la satisfacci\u00f3n global de los clientes en cada punto de contacto con la compa\u00f1\u00eda, ha introducido en las \u00faltimas semanas importantes mejoras a bordo en vuelos de largo radio, tanto para los pasajeros de clase Business como para los de Economy, con la finalidad de generar experiencias m\u00e1s personalizadas con el sello distintivo de la aerol\u00ed<\/span><\/span><span class=\"Ninguno\">nea.<\/span><\/p>\n<\/div>\n<div>\n<p class=\"Cuerpo\"><span class=\"Ninguno\">\u00a0<\/span><\/p>\n<p>&nbsp;<\/p>\n<\/div>\n<div>\n<p class=\"Cuerpo\"><span class=\"Ninguno\"><span lang=\"ES-TRAD\">Los usuarios de clase Business ya est\u00e1n disfrutando de un renovado kit de amenities que tiene en cuenta la importancia de la sostenibilidad y que incluye, como principal novedad, unas zapatillas para hacer m\u00e1s confortables las horas de vuelo. Esta medida, que est\u00e1 teniendo una gran acogida entre los clientes y que transforma la percepci\u00f3n de la cabina asemej\u00e1ndola a una habitaci\u00f3n de hotel, se suma a mejoras recientes implementadas a lo largo de los \u00faltimos meses. Entre ellas se encuentran una nueva conexi\u00f3<\/span><\/span><span class=\"Ninguno\"><span lang=\"EN-US\">n wifi por sat<\/span><\/span><span class=\"Ninguno\"><span lang=\"ES-TRAD\">\u00e9lite de alta velocidad, una renovaci\u00f3n completa de la carta de bebidas a bordo y la introducci\u00f3n de auriculares de avanzado dise\u00f1o con cancelaci\u00f3<\/span><\/span><span class=\"Ninguno\"><span lang=\"PT\">n de ruido. <\/span><\/span><\/p>\n<\/div>\n<div>\n<p>&nbsp;<\/p>\n<p class=\"Cuerpo\"><span class=\"Ninguno\">\u00a0<\/span><\/p>\n<\/div>\n<div>\n<p class=\"Cuerpo\"><strong><em><span class=\"Ninguno\"><span lang=\"ES-TRAD\">Por su parte, los pasajeros de Economy, cuentan desde este verano, con la posibilidad de adquirir el nuevo set confort Economy por 5 euros, que incluye todo lo necesario para hacer m\u00e1<\/span><\/span><span class=\"Ninguno\"><span lang=\"FR\">s c<\/span><\/span><span class=\"Ninguno\"><span lang=\"ES-TRAD\">\u00f3modo su desplazamiento: antifaz, cepillo de dientes, calcetines para descalzarse en el avi\u00f3n y tapones. Esto se une a una actualizaci\u00f3n y refuerzo en el servicio de comidas y aperitivos a bordo, as\u00ed como a la disponibilidad, sin coste, de auriculares para todo el pasaje. Asimismo, la aerol\u00ednea ha incorporado un kit &#8220;pet friendly&#8221; gratuito para los pasajeros de largo radio que viajen con sus mascotas, que incluye un dispensador de bolsas y un bebedero para hacer m\u00e1<\/span><\/span><span class=\"Ninguno\"><span lang=\"FR\">s c<\/span><\/span><span class=\"Ninguno\"><span lang=\"ES-TRAD\">\u00f3moda su experiencia de viaje.<\/span><\/span><\/em><\/strong><\/p>\n<\/div>\n<div>\n<p>&nbsp;<\/p>\n<p class=\"Cuerpo\"><span class=\"Ninguno\">\u00a0<\/span><\/p>\n<\/div>\n<div>\n<p class=\"Cuerpo\"><span class=\"Ninguno\"><span lang=\"ES-TRAD\">El ambicioso plan <a href=\"https:\/\/www.aireuropa.com\/do\/es\/home?utm_campaign=AEU_RD_ES_MARCA_1&amp;utm_term=Marca_Pura&amp;utm_source=google&amp;utm_medium=cpc&amp;utm_content=paid&amp;esl-k=sem-google%7Cng%7Cc805703688659%7Cme%7Ckair-europa%7Cp%7Ct%7Cdc%7Ca23191510850%7Cg361078130&amp;gad_source=1&amp;gad_campaignid=361078130&amp;gbraid=0AAAAADt-bRac5XnLgquTY-PWHXbVAqdAY&amp;gclid=EAIaIQobChMIronMsMDQlgMVZW1HAR0pjTMQEAAYASAAEgJCrvD_BwE\"><strong><em>Air Europa<\/em><\/strong><\/a> ON, que se puso en marcha durante el primer semestre del a\u00f1o y permitir\u00e1 la introducci\u00f3n progresiva y continua de diferentes mejoras, se articula en torno a tres ejes de acci\u00f3n. El primero, On-Board, implica la renovaci\u00f3n e impulso de los servicios en cabina, tanto en los vuelos de corto y medio como en los de largo radio, con un refuerzo de la log\u00edstica de las tripulaciones para elevar la atenci\u00f3n al pasajero, nuevos recursos en los aviones e incluso la capacidad para controlar la temperatura interior desde tierra. El segundo, On-Ground, incluye medidas que ya se est\u00e1n aplicando en aeropuertos donde opera la compa\u00f1\u00eda, como cambios en los mostradores y la introducci\u00f3n de nuevos g\u00e1libos para el equipaje que tienen como prop\u00f3sito hacer m\u00e1s fluida y eficaz la operativa en tierra, contribuyendo a una atenci\u00f3<\/span><\/span><span class=\"Ninguno\">n m<\/span><span class=\"Ninguno\"><span lang=\"ES-TRAD\">\u00e1s eficiente y a un servicio puntual. Por \u00faltimo, el eje On-Airplane supone la activaci\u00f3n de diferentes iniciativas con las que Air Europa est\u00e1 incrementando la excelencia en el mantenimiento interior y exterior de la que es una de las flotas m\u00e1s modernas y sostenibles del sector, integrada por unidades Boeing 787 Dreamliner y Boeing 737, a las que pr\u00f3ximamente se unir\u00e1n los primeros Airbus A350-900 de largo radio.<\/span><\/span><\/p>\n<\/div>\n<div>\n<p>&nbsp;<\/p>\n<p class=\"Cuerpo\"><span class=\"Ninguno\">\u00a0<\/span><\/p>\n<\/div>\n<div>\n<p class=\"Cuerpo\"><span class=\"Ninguno\"><span lang=\"ES-TRAD\"><em><strong>Air Europa ON<\/strong><\/em> supone la consolidaci\u00f3n de una propuesta diferencial que pone al cliente en el centro d\u00e1ndole mayores opciones para configurar el viaje a su gusto. Las inversiones acometidas y los cambios que seguir\u00e1<\/span><\/span><span class=\"Ninguno\"><span lang=\"IT\">n present<\/span><\/span><span class=\"Ninguno\"><span lang=\"ES-TRAD\">\u00e1ndose a lo largo de los pr\u00f3ximos meses ya est\u00e1n contribuyendo a incrementar desde la comodidad hasta la variedad de servicios a bordo, la experiencia gastron\u00f3mica, la atenci\u00f3n personalizada y la puntualidad, todo ello parte de la identidad de la marca. Adem\u00e1s, la iniciativa llega en un momento clave para la aerol\u00ednea, que celebra este a\u00f1<\/span><\/span><span class=\"Ninguno\">o su 40<\/span><span class=\"Ninguno\"><span lang=\"ES-TRAD\">\u00ba aniversario y lo hace con un importante plan de expansi\u00f3n en marcha. En los \u00faltimos meses, Air Europa ha inaugurado nuevas conexiones a Oviedo, Sevilla, Ginebra y Johannesburgo, y antes de que finalice el a\u00f1o sumar\u00e1 a su red de destinos D\u00fcsseldorf, El Salvador y Barranquilla, en la costa norte de Colombia.<\/span><\/span><\/p>\n<\/div>\n<div>\n<p>&nbsp;<\/p>\n<p class=\"Cuerpo\"><span class=\"Ninguno\">\u00a0<\/span><\/p>\n<\/div>\n<div>\n<p class=\"Cuerpo\"><span class=\"Ninguno\">\u00a0<\/span><\/p>\n<\/div>\n<div>\n<p class=\"Cuerpo\"><span class=\"Ninguno\">\u00a0<\/span><\/p>\n<\/div>\n<div>\n<p class=\"Cuerpo\"><strong><em><span class=\"Ninguno\"><span lang=\"PT\">Acerca de Air Europa<\/span><\/span><span class=\"Ninguno\"><span lang=\"ES-TRAD\">\u00a0<\/span><\/span><\/em><\/strong><\/p>\n<p>&nbsp;<\/p>\n<\/div>\n<div>\n<p class=\"Cuerpo\"><span class=\"Ninguno\"><span lang=\"ES-TRAD\">En el aire desde 1986, Air Europa es una aerol\u00ednea espa\u00f1ola miembro de la alianza SkyTeam. La flota de la compa\u00f1\u00eda, compuesta por m\u00e1s de 60 aeronaves, se encuentra entre las m\u00e1s modernas y sostenibles del sector, garantizando la m\u00e1xima eficiencia operativa y el mayor confort para el pasajero. Actualmente est\u00e1 integrada por modelos Boeing 787 Dreamliner y Boeing 737, a los que pr\u00f3ximamente se unir\u00e1n nuevos Airbus A350-900. Air Europa vuela a m\u00e1s de 60 destinos en todo el mundo y cuenta con una posici\u00f3n estrat\u00e9gica en el hub del aeropuerto Adolfo Su\u00e1rez Madrid-Barajas, conectando Europa y Am\u00e9<\/span><\/span><span class=\"Ninguno\"><span lang=\"IT\">rica. La compa<\/span><\/span><span class=\"Ninguno\"><span lang=\"ES-TRAD\">\u00f1\u00eda destaca por su firme compromiso con la sostenibilidad y la descarbonizaci\u00f3<\/span><\/span><span class=\"Ninguno\"><span lang=\"EN-US\">n, as<\/span><\/span><span class=\"Ninguno\"><span lang=\"ES-TRAD\">\u00ed como por su apuesta por la innovaci\u00f3<\/span><\/span><span class=\"Ninguno\"><span lang=\"EN-US\">n a trav<\/span><\/span><span class=\"Ninguno\"><span lang=\"ES-TRAD\">\u00e9s de la incorporaci\u00f3n de las tecnolog\u00edas m\u00e1s avanzadas para la digitalizaci\u00f3n y optimizaci\u00f3n de sus procesos. Adem\u00e1s, Air Europa brinda un elevado nivel de excelencia a sus pasajeros y figura habitualmente entre las aerol\u00edneas m\u00e1s puntuales del continente europeo<\/span><\/span><span class=\"Ninguno\">.<\/span><span class=\"Ninguno\"><span lang=\"ES-TRAD\">\u00a0<\/span><\/span><\/p>\n<p>&nbsp;<\/p>\n<\/div>\n","protected":false},"excerpt":{"rendered":"<p>Air Europa contin\u00faa el desarrollo de su plan de excelencia y calidad en el servicio Air Europa ON. La iniciativa, que est\u00e1 impulsando la satisfacci\u00f3n global de los clientes en cada punto de contacto con la compa\u00f1\u00eda, ha introducido en las \u00faltimas semanas importantes mejoras a bordo en vuelos de largo radio, tanto para los [&hellip;]<\/p>\n","protected":false},"author":9,"featured_media":13786,"comment_status":"closed","ping_status":"closed","sticky":false,"template":"","format":"standard","meta":{"footnotes":""},"categories":[2843,3155,6,4090,48],"tags":[1075,5745,3948,679,129],"class_list":["post-13785","post","type-post","status-publish","format-standard","has-post-thumbnail","hentry","category-aerolineas","category-aeropuertos","category-solo-para-sibaritas","category-travel","category-turismo","tag-air-europa","tag-air-europa-on","tag-pasajeros","tag-travel","tag-viajeros"],"_links":{"self":[{"href":"https:\/\/www.foodieandtraveler.com\/index.php\/wp-json\/wp\/v2\/posts\/13785","targetHints":{"allow":["GET"]}}],"collection":[{"href":"https:\/\/www.foodieandtraveler.com\/index.php\/wp-json\/wp\/v2\/posts"}],"about":[{"href":"https:\/\/www.foodieandtraveler.com\/index.php\/wp-json\/wp\/v2\/types\/post"}],"author":[{"embeddable":true,"href":"https:\/\/www.foodieandtraveler.com\/index.php\/wp-json\/wp\/v2\/users\/9"}],"replies":[{"embeddable":true,"href":"https:\/\/www.foodieandtraveler.com\/index.php\/wp-json\/wp\/v2\/comments?post=13785"}],"version-history":[{"count":1,"href":"https:\/\/www.foodieandtraveler.com\/index.php\/wp-json\/wp\/v2\/posts\/13785\/revisions"}],"predecessor-version":[{"id":13787,"href":"https:\/\/www.foodieandtraveler.com\/index.php\/wp-json\/wp\/v2\/posts\/13785\/revisions\/13787"}],"wp:featuredmedia":[{"embeddable":true,"href":"https:\/\/www.foodieandtraveler.com\/index.php\/wp-json\/wp\/v2\/media\/13786"}],"wp:attachment":[{"href":"https:\/\/www.foodieandtraveler.com\/index.php\/wp-json\/wp\/v2\/media?parent=13785"}],"wp:term":[{"taxonomy":"category","embeddable":true,"href":"https:\/\/www.foodieandtraveler.com\/index.php\/wp-json\/wp\/v2\/categories?post=13785"},{"taxonomy":"post_tag","embeddable":true,"href":"https:\/\/www.foodieandtraveler.com\/index.php\/wp-json\/wp\/v2\/tags?post=13785"}],"curies":[{"name":"wp","href":"https:\/\/api.w.org\/{rel}","templated":true}]}}