{"id":13782,"date":"2026-09-01T17:48:11","date_gmt":"2026-09-01T21:48:11","guid":{"rendered":"https:\/\/www.foodieandtraveler.com\/?p=13782"},"modified":"2026-09-01T17:49:03","modified_gmt":"2026-09-01T21:49:03","slug":"el-auge-de-lideres-en-linkedin-exige-a-las-empresas-mayor-atencion-a-su-imagen-digital","status":"publish","type":"post","link":"https:\/\/www.foodieandtraveler.com\/index.php\/el-auge-de-lideres-en-linkedin-exige-a-las-empresas-mayor-atencion-a-su-imagen-digital\/","title":{"rendered":"El auge de l\u00edderes en LinkedIn exige a las empresas mayor atenci\u00f3n a su imagen digital"},"content":{"rendered":"<div>La presencia de los l\u00edderes en LinkedIn adquiere mayor relevancia a medida que <b>las personas ganan espacio como voces de confianza<\/b> para las organizaciones. En un <a id=\"m_7208862853828447208OWAfdb8f6eb-514d-086d-4d90-16207df86191\" href=\"https:\/\/www.linkedin.com\/business\/marketing\/blog\/trends-tips\/b2b-marketing-insights-creators-thought-leadership\" target=\"_blank\" rel=\"noopener\" data-saferedirecturl=\"https:\/\/www.google.com\/url?q=https:\/\/www.linkedin.com\/business\/marketing\/blog\/trends-tips\/b2b-marketing-insights-creators-thought-leadership&amp;source=gmail&amp;ust=1787846217532000&amp;usg=AOvVaw2L1OK2l8l-IgEnU0D2oPHU\"><u>art\u00edculo de esta red social,<\/u><\/a> se destaca a los <b>ejecutivos como voces capaces<\/b> de trasladar el conocimiento de las empresas a sus audiencias. La publicaci\u00f3n tambi\u00e9n se\u00f1ala que el <b>95% de los llamados <i>\u201chidden buyers\u201d<\/i>,<\/b> profesionales que influyen en las decisiones de compra sin ser los compradores directos, son m\u00e1s receptivos al acercamiento de una empresa cuando existen l\u00edderes visibles y con credibilidad demostrada en su perfil de LinkedIn.<\/div>\n<div><\/div>\n<div><\/div>\n<div><\/div>\n<div>Esta capacidad de influencia tambi\u00e9n se refleja en la interacci\u00f3n. Seg\u00fan datos de esta <a id=\"m_7208862853828447208OWA835d9a49-314b-2a01-a48b-45309aa94131\" href=\"https:\/\/www.linkedin.com\/business\/marketing\/blog\/content-marketing\/b2b-video-executive-voices-credibility\" target=\"_blank\" rel=\"noopener\" data-saferedirecturl=\"https:\/\/www.google.com\/url?q=https:\/\/www.linkedin.com\/business\/marketing\/blog\/content-marketing\/b2b-video-executive-voices-credibility&amp;source=gmail&amp;ust=1787846217532000&amp;usg=AOvVaw3_Z2rorWyfqo-BRQV5TmWR\"><u>red social,<\/u><\/a> <b>el contenido de ejecutivos de alta direcci\u00f3n genera 4 veces m\u00e1s interacci\u00f3n<\/b> que otras publicaciones en la plataforma. Adem\u00e1s, ante el crecimiento del contenido generado con inteligencia artificial<b>, la reputaci\u00f3n y la credibilidad humana adquieren mayor valor,<\/b> y que una participaci\u00f3n aut\u00e9ntica de los ejecutivos <b>puede humanizar las marcas y generar afinidad con sus audiencias.<\/b><\/div>\n<div><\/div>\n<div><\/div>\n<div><\/div>\n<div>Ante este escenario, la presencia de un l\u00edder en LinkedIn <b>no deber\u00eda limitarse a mantener actualizado su perfil.<\/b> El primer paso consiste en<b> definir una marca personal clara,<\/b> a partir de los <b>temas en los que posee experiencia, <\/b>el valor que puede aportar y los p\u00fablicos con los que desea relacionarse. Esta definici\u00f3n permite <b>construir un posicionamiento coherente<\/b> y establecer una l\u00ednea clara sobre los temas con los que busca asociar su experiencia profesional.<\/div>\n<div><\/div>\n<div><\/div>\n<div><\/div>\n<div><i>\u201cLos l\u00edderes tienen una oportunidad de<\/i><b><i> trasladar su trayectoria y conocimiento a conversaciones<\/i><\/b><i> que tambi\u00e9n generan valor para sus organizaciones. Por eso, la marca personal <\/i><b><i>no debe responder \u00fanicamente a ganar visibilidad,<\/i><\/b><i> sino a tener claridad sobre qu\u00e9 queremos posicionar, c\u00f3mo queremos ser percibidos y con cu\u00e1les p\u00fablicos queremos relacionarnos\u201d<\/i>, explic\u00f3<b> Diego Villagra, gerente de cuentas y de la unidad digital de CCK.<\/b><\/div>\n<div><\/div>\n<div><\/div>\n<div><\/div>\n<div>A partir de ese posicionamiento, el perfil debe comunicar de manera coherente <b>qui\u00e9n es el profesional y cu\u00e1l es su propuesta de valor.<\/b> M\u00e1s all\u00e1 de funcionar como un curr\u00edculum digital, LinkedIn permite <b>demostrar conocimiento,<\/b> participar en conversaciones relevantes y establecer conexiones estrat\u00e9gicas. Por ello, elementos como el titular, la descripci\u00f3n profesional y la experiencia<b> deben reflejar con claridad el perfil<\/b> que el l\u00edder busca proyectar.<\/div>\n<div><\/div>\n<div><\/div>\n<div><\/div>\n<div>Para evaluar esta presencia, LinkedIn cuenta con <a name=\"m_7208862853828447208__Int_zjQi0igf\"><\/a>el <a id=\"m_7208862853828447208OWA9ff4d976-e0a0-c8fc-ba5b-35f523140ea5\" href=\"https:\/\/www.linkedin.com\/sales\/ssi\" target=\"_blank\" rel=\"noopener\" data-saferedirecturl=\"https:\/\/www.google.com\/url?q=https:\/\/www.linkedin.com\/sales\/ssi&amp;source=gmail&amp;ust=1787846217532000&amp;usg=AOvVaw0VnObS6GxNt1sWcP7eCjNo\"><i><u>Social Selling Index (SSI)<\/u><\/i><\/a>, un indicador sobre 100 puntos que analiza 4 componentes: establecer una marca profesional, encontrar a las personas adecuadas, interactuar a partir de informaci\u00f3n relevante y construir relaciones. El resultado permite <b>identificar fortalezas y oportunidades de mejora<\/b> en el uso de la plataforma y ofrece un punto de referencia para orientar la estrategia personal.<\/div>\n<div><\/div>\n<div><\/div>\n<div><\/div>\n<div><b>El contenido tambi\u00e9n debe responder a un prop\u00f3sito.<\/b> Compartir aprendizajes, perspectivas sobre la industria, experiencias o an\u00e1lisis permite<b>demostrar conocimiento sin la necesidad de publicar todos los d\u00edas.<\/b> Cada publicaci\u00f3n debe aportar valor a la audiencia y reforzar el posicionamiento que se busca construir, con temas vinculados a la experiencia y al \u00e1mbito profesional del l\u00edder.<\/div>\n<div><\/div>\n<div><\/div>\n<div><\/div>\n<div>La presencia estrat\u00e9gica tampoco depende \u00fanicamente de publicar contenido. <b>Comentar con criterio,<\/b> participar en conversaciones relevantes y construir una red alineada con los objetivos profesionales permite <b>ampliar la visibilidad y desarrollar relaciones de valor.<\/b> <b>La selecci\u00f3n de contactos tambi\u00e9n debe responder a un prop\u00f3sito<\/b> y priorizar aquellos p\u00fablicos con los que sea relevante establecer o fortalecer v\u00ednculos.<\/div>\n<div><\/div>\n<div><\/div>\n<div><\/div>\n<div>La IA <b>puede apoyar este proceso <\/b>al facilitar la identificaci\u00f3n de temas, la organizaci\u00f3n de ideas y el desarrollo de primeros borradores. Sin embargo, debe funcionar como una <b>herramienta de apoyo y no como sustituto de la voz propia.<\/b> La experiencia, el criterio y la perspectiva del profesional son los elementos que <b>agregan autenticidad al contenido<\/b> y fortalecen su credibilidad ante la audiencia.<\/div>\n<div><\/div>\n<div><\/div>\n<div><\/div>\n<div>Una gesti\u00f3n consistente de estos elementos permite que la presencia digital de un l\u00edder <b>trascienda su perfil individual<\/b> y contribuya tambi\u00e9n a la visibilidad, confianza y reputaci\u00f3n de la organizaci\u00f3n que representa. El objetivo no consiste \u00fanicamente en aumentar la actividad en LinkedIn, sino en <b>construir una presencia profesional con prop\u00f3sito,<\/b> coherencia y valor para sus p\u00fablicos.<\/div>\n<div><\/div>\n<div><\/div>\n<div><\/div>\n<div>Estos principios forman parte del <b>Taller de Marca Personal en LinkedIn para L\u00edderes Empresariales,<\/b> desarrollado por <a id=\"m_7208862853828447208OWAa15c242c-d767-4e33-4ed3-5985a906c972\" href=\"https:\/\/cckcentroamerica.com\/?utm_source=Search&amp;utm_medium=CPC&amp;utm_campaign=AlwaysOn&amp;utm_content=Marca&amp;gad_source=1&amp;gad_campaignid=22948630960&amp;gbraid=0AAAABBPjm4dqBKT7lc9oToHDCQDtaxteE&amp;gclid=CjwKCAjw7KvTBhA6EiwAWnutYQ_7lHGsG8gA0q_vJH1W2xjj-4z3qLxBLx7qwyL3qBldG8TYPrL7RBoC1dAQAvD_BwE\" target=\"_blank\" rel=\"noopener\" data-saferedirecturl=\"https:\/\/www.google.com\/url?q=https:\/\/cckcentroamerica.com\/?utm_source%3DSearch%26utm_medium%3DCPC%26utm_campaign%3DAlwaysOn%26utm_content%3DMarca%26gad_source%3D1%26gad_campaignid%3D22948630960%26gbraid%3D0AAAABBPjm4dqBKT7lc9oToHDCQDtaxteE%26gclid%3DCjwKCAjw7KvTBhA6EiwAWnutYQ_7lHGsG8gA0q_vJH1W2xjj-4z3qLxBLx7qwyL3qBldG8TYPrL7RBoC1dAQAvD_BwE&amp;source=gmail&amp;ust=1787846217532000&amp;usg=AOvVaw30msuZGxkPy8VMCwJsOa8-\"><u>CCK<\/u><\/a> para brindar <b>herramientas pr\u00e1cticas a equipos directivos<\/b> que buscan fortalecer su posicionamiento y aprovechar estrat\u00e9gicamente la plataforma. Para conocer m\u00e1s sobre el taller, las empresas pueden contactar a Diego Villagra al correo electr\u00f3nico: <a id=\"m_7208862853828447208OWAba2823c1-c21c-0c7a-3e67-7c5b55393712\" href=\"mailto:dvillagra@cckcentroamerica.com\" target=\"_blank\" rel=\"noopener\"><u>dvillagra@cckcentroamerica.com<\/u><\/a><\/div>\n<div><\/div>\n<div><\/div>\n","protected":false},"excerpt":{"rendered":"<p>La presencia de los l\u00edderes en LinkedIn adquiere mayor relevancia a medida que las personas ganan espacio como voces de confianza para las organizaciones. En un art\u00edculo de esta red social, se destaca a los ejecutivos como voces capaces de trasladar el conocimiento de las empresas a sus audiencias. La publicaci\u00f3n tambi\u00e9n se\u00f1ala que el [&hellip;]<\/p>\n","protected":false},"author":9,"featured_media":13783,"comment_status":"closed","ping_status":"closed","sticky":false,"template":"","format":"standard","meta":{"footnotes":""},"categories":[4084,2,14],"tags":[5744,5742,4182,5743,3057,5741],"class_list":["post-13782","post","type-post","status-publish","format-standard","has-post-thumbnail","hentry","category-business","category-featured","category-notas-de-prensa","tag-cck","tag-diego-villagra","tag-ia","tag-imagen-digital","tag-inteligencia-artificial","tag-linkedin"],"_links":{"self":[{"href":"https:\/\/www.foodieandtraveler.com\/index.php\/wp-json\/wp\/v2\/posts\/13782","targetHints":{"allow":["GET"]}}],"collection":[{"href":"https:\/\/www.foodieandtraveler.com\/index.php\/wp-json\/wp\/v2\/posts"}],"about":[{"href":"https:\/\/www.foodieandtraveler.com\/index.php\/wp-json\/wp\/v2\/types\/post"}],"author":[{"embeddable":true,"href":"https:\/\/www.foodieandtraveler.com\/index.php\/wp-json\/wp\/v2\/users\/9"}],"replies":[{"embeddable":true,"href":"https:\/\/www.foodieandtraveler.com\/index.php\/wp-json\/wp\/v2\/comments?post=13782"}],"version-history":[{"count":1,"href":"https:\/\/www.foodieandtraveler.com\/index.php\/wp-json\/wp\/v2\/posts\/13782\/revisions"}],"predecessor-version":[{"id":13784,"href":"https:\/\/www.foodieandtraveler.com\/index.php\/wp-json\/wp\/v2\/posts\/13782\/revisions\/13784"}],"wp:featuredmedia":[{"embeddable":true,"href":"https:\/\/www.foodieandtraveler.com\/index.php\/wp-json\/wp\/v2\/media\/13783"}],"wp:attachment":[{"href":"https:\/\/www.foodieandtraveler.com\/index.php\/wp-json\/wp\/v2\/media?parent=13782"}],"wp:term":[{"taxonomy":"category","embeddable":true,"href":"https:\/\/www.foodieandtraveler.com\/index.php\/wp-json\/wp\/v2\/categories?post=13782"},{"taxonomy":"post_tag","embeddable":true,"href":"https:\/\/www.foodieandtraveler.com\/index.php\/wp-json\/wp\/v2\/tags?post=13782"}],"curies":[{"name":"wp","href":"https:\/\/api.w.org\/{rel}","templated":true}]}}