{"id":13778,"date":"2026-09-01T16:59:08","date_gmt":"2026-09-01T20:59:08","guid":{"rendered":"https:\/\/www.foodieandtraveler.com\/?p=13778"},"modified":"2026-09-01T17:14:23","modified_gmt":"2026-09-01T21:14:23","slug":"blu-terrenas-impulsa-la-educacion-con-la-entrega-anual-de-utiles-escolares-por-quinto-ano","status":"publish","type":"post","link":"https:\/\/www.foodieandtraveler.com\/index.php\/blu-terrenas-impulsa-la-educacion-con-la-entrega-anual-de-utiles-escolares-por-quinto-ano\/","title":{"rendered":"Blu Terrenas impulsa la educaci\u00f3n con la entrega anual de \u00fatiles escolares por quinto a\u00f1o"},"content":{"rendered":"<p style=\"font-weight: 400;\">Blu Terrenas, pionero en el desarrollo sostenible de Las Terrenas, reafirma su compromiso con la comunidad al realizar, por quinto a\u00f1o consecutivo, la entrega de \u00fatiles escolares a ni\u00f1os y j\u00f3venes de la localidad. Esta iniciativa, que se ha convertido en una tradici\u00f3n de apoyo a la educaci\u00f3n, refleja la convicci\u00f3n de Blu Terrenas de que el aprendizaje es la base del progreso y el futuro de la comunidad.<\/p>\n<p>&nbsp;<\/p>\n<p>&nbsp;<\/p>\n<p style=\"font-weight: 400;\">Oscar de Castro, Director de Marketing de Blu Terrenas, destac\u00f3: <em>&#8220;En Blu Terrenas entendemos que la educaci\u00f3n es la base del progreso. Por eso, apoyamos iniciativas que fomenten el aprendizaje y el crecimiento de los j\u00f3venes de Las Terrenas, pues son ellos quienes construir\u00e1n el futuro de nuestra comunidad. Apostamos por una educaci\u00f3n de calidad como motor esencial para el desarrollo sostenible y la prosperidad de todos&#8221;.<\/em><\/p>\n<p>&nbsp;<\/p>\n<p>&nbsp;<\/p>\n<p style=\"font-weight: 400;\"><strong>Enzo Odoguardi, CEO de Mirage Group<\/strong>, agreg\u00f3: <em>&#8220;La educaci\u00f3n es la herramienta m\u00e1s poderosa para transformar vidas y comunidades. Nos llena de orgullo ver c\u00f3mo, a\u00f1o tras a\u00f1o, este esfuerzo contribuye a que cientos de ni\u00f1os y j\u00f3venes tengan mejores oportunidades para aprender y crecer. En Blu Terrenas creemos que invertir en educaci\u00f3n es invertir en el futuro de Las Terrenas y de la Rep\u00fablica Dominicana&#8221;.<\/em><\/p>\n<p>&nbsp;<\/p>\n<p>&nbsp;<\/p>\n<p style=\"font-weight: 400;\">Adem\u00e1s de su apoyo a la educaci\u00f3n, Blu Terrenas ha liderado otros proyectos en beneficio de la comunidad, como donaciones, iluminaci\u00f3n en la carretera que conecta Punta Popi con El Portillo y asistencia a familias en situaci\u00f3n de vulnerabilidad.<\/p>\n<p>&nbsp;<\/p>\n<p>&nbsp;<\/p>\n<p style=\"font-weight: 400;\">Con iniciativas como la entrega de \u00fatiles escolares, Blu Terrenas reafirma su compromiso con el progreso y el bienestar de Las Terrenas, promoviendo un desarrollo inclusivo y sostenible para todos.<\/p>\n<p>&nbsp;<\/p>\n<p>&nbsp;<\/p>\n<p style=\"font-weight: 400;\"><strong>+ Sobre Blu Terrenas<\/strong><\/p>\n<p style=\"font-weight: 400;\">Blu Terrenas, situado en el coraz\u00f3n de El Portillo, Las Terrenas, Saman\u00e1, es un proyecto que combina desarrollo sostenible con conservaci\u00f3n ambiental, impulsando el crecimiento social y econ\u00f3mico de la comunidad.<\/p>\n<p>&nbsp;<\/p>\n<p>&nbsp;<\/p>\n<p style=\"font-weight: 400;\">Blu Terrenas tendr\u00e1 un profundo impacto en la comunidad local con la generaci\u00f3n de m\u00e1s de 5,000 empleos directos e indirectos y la creaci\u00f3n de infraestructuras clave: una estaci\u00f3n de bomberos, un centro m\u00e9dico, una academia hotelera, salas de cine 3D, un mercado artesanal y el primer museo dedicado a la historia evolutiva de la Rep\u00fablica Dominicana. Adem\u00e1s, se implementar\u00e1 una academia gratuita para j\u00f3venes, fomentando la educaci\u00f3n y el desarrollo social.<\/p>\n<p>&nbsp;<\/p>\n","protected":false},"excerpt":{"rendered":"<p>Blu Terrenas, pionero en el desarrollo sostenible de Las Terrenas, reafirma su compromiso con la comunidad al realizar, por quinto a\u00f1o consecutivo, la entrega de \u00fatiles escolares a ni\u00f1os y j\u00f3venes de la localidad. Esta iniciativa, que se ha convertido en una tradici\u00f3n de apoyo a la educaci\u00f3n, refleja la convicci\u00f3n de Blu Terrenas de [&hellip;]<\/p>\n","protected":false},"author":9,"featured_media":13779,"comment_status":"closed","ping_status":"closed","sticky":false,"template":"","format":"standard","meta":{"footnotes":""},"categories":[1337,14],"tags":[4848,5739,4849,5740],"class_list":["post-13778","post","type-post","status-publish","format-standard","has-post-thumbnail","hentry","category-actividades-sociales","category-notas-de-prensa","tag-blu-terrenas","tag-enzo-odoguardi","tag-mirage-group","tag-utiles-escolares"],"_links":{"self":[{"href":"https:\/\/www.foodieandtraveler.com\/index.php\/wp-json\/wp\/v2\/posts\/13778","targetHints":{"allow":["GET"]}}],"collection":[{"href":"https:\/\/www.foodieandtraveler.com\/index.php\/wp-json\/wp\/v2\/posts"}],"about":[{"href":"https:\/\/www.foodieandtraveler.com\/index.php\/wp-json\/wp\/v2\/types\/post"}],"author":[{"embeddable":true,"href":"https:\/\/www.foodieandtraveler.com\/index.php\/wp-json\/wp\/v2\/users\/9"}],"replies":[{"embeddable":true,"href":"https:\/\/www.foodieandtraveler.com\/index.php\/wp-json\/wp\/v2\/comments?post=13778"}],"version-history":[{"count":2,"href":"https:\/\/www.foodieandtraveler.com\/index.php\/wp-json\/wp\/v2\/posts\/13778\/revisions"}],"predecessor-version":[{"id":13781,"href":"https:\/\/www.foodieandtraveler.com\/index.php\/wp-json\/wp\/v2\/posts\/13778\/revisions\/13781"}],"wp:featuredmedia":[{"embeddable":true,"href":"https:\/\/www.foodieandtraveler.com\/index.php\/wp-json\/wp\/v2\/media\/13779"}],"wp:attachment":[{"href":"https:\/\/www.foodieandtraveler.com\/index.php\/wp-json\/wp\/v2\/media?parent=13778"}],"wp:term":[{"taxonomy":"category","embeddable":true,"href":"https:\/\/www.foodieandtraveler.com\/index.php\/wp-json\/wp\/v2\/categories?post=13778"},{"taxonomy":"post_tag","embeddable":true,"href":"https:\/\/www.foodieandtraveler.com\/index.php\/wp-json\/wp\/v2\/tags?post=13778"}],"curies":[{"name":"wp","href":"https:\/\/api.w.org\/{rel}","templated":true}]}}