{"id":13775,"date":"2026-09-01T16:40:05","date_gmt":"2026-09-01T20:40:05","guid":{"rendered":"https:\/\/www.foodieandtraveler.com\/?p=13775"},"modified":"2026-09-01T16:46:15","modified_gmt":"2026-09-01T20:46:15","slug":"amplian-la-oferta-inmobiliaria-de-punta-bergantin-con-villas-hacienda-serena-y-apartamentos-velavento","status":"publish","type":"post","link":"https:\/\/www.foodieandtraveler.com\/index.php\/amplian-la-oferta-inmobiliaria-de-punta-bergantin-con-villas-hacienda-serena-y-apartamentos-velavento\/","title":{"rendered":"Ampl\u00edan la oferta inmobiliaria de Punta Bergant\u00edn con Villas Hacienda Serena y Apartamentos Velavento"},"content":{"rendered":"<p class=\"x_MsoNormal\"><span data-olk-copy-source=\"MessageBody\">Punta Bergant\u00edn contin\u00faa avanzando en la consolidaci\u00f3n de su oferta inmobiliaria con el lanzamiento de Villas Hacienda Serena y Apartamentos Velavento, dos nuevas propuestas residenciales que se integran al desarrollo tur\u00edstico e inmobiliario que impulsa la transformaci\u00f3n de Puerto Plata y una mayor articulaci\u00f3n econ\u00f3mica de la regi\u00f3n Norte.<\/span><\/p>\n<p>&nbsp;<\/p>\n<p>&nbsp;<\/p>\n<p class=\"x_MsoNormal\">Villas Hacienda Serena y Apartamentos Velavento se incorporan a Punta Bergant\u00edn bajo un modelo que permite a sus propietarios formar parte de un destino planificado de manera integral, en el que convergen componentes hoteleros, residenciales, comerciales, recreativos y de entretenimiento, junto con espacios de playa y otras facilidades concebidas para fortalecer la experiencia del destino.<\/p>\n<p>&nbsp;<\/p>\n<p>&nbsp;<\/p>\n<p class=\"x_MsoNormal\">Esta integraci\u00f3n representa un elemento diferenciador para la inversi\u00f3n inmobiliaria, al vincular un proyecto de gran escala que busca generar actividad econ\u00f3mica, atraer nuevas inversiones y elevar la competitividad de Puerto Plata y de toda la regi\u00f3n Norte.<\/p>\n<p>&nbsp;<\/p>\n<p>&nbsp;<\/p>\n<p class=\"x_MsoNormal\">El ministro de Turismo, David Collado, destac\u00f3 que la incorporaci\u00f3n de estos innovadores desarrollos inmobiliarios a Punta Bergant\u00edn refleja el avance de la estrategia para reposicionar a Puerto Plata y ampliar la capacidad de la regi\u00f3n Norte para atraer inversi\u00f3n vinculada al crecimiento tur\u00edstico.<\/p>\n<p>&nbsp;<\/p>\n<p>&nbsp;<\/p>\n<p class=\"x_MsoNormal\"><strong><em>\u201cPunta Bergant\u00edn representa la visi\u00f3n que tenemos para esta etapa del turismo en Puerto Plata para atraer inversi\u00f3n, diversificar la oferta y generar desarrollo m\u00e1s all\u00e1 de la actividad hotelera tradicional. La incorporaci\u00f3n de Villas Hacienda Serena y Apartamentos Velavento demuestra que el sector privado est\u00e1 respondiendo con confianza a este proyecto y que estamos creando las condiciones para que el crecimiento tur\u00edstico se traduzca en m\u00e1s inversiones, empleos y oportunidades para toda la regi\u00f3n Norte\u201d<\/em><\/strong>, expres\u00f3 Collado.<\/p>\n<p>&nbsp;<\/p>\n<p>&nbsp;<\/p>\n<p class=\"x_MsoNormal\">El presidente ejecutivo de Banreservas, Leonardo Aguilera, afirm\u00f3 que Punta Bergant\u00edn ha comenzado a pasar de la planificaci\u00f3n a resultados concretos, respaldados por la confianza y la participaci\u00f3n del sector privado.<\/p>\n<p>&nbsp;<\/p>\n<p>&nbsp;<\/p>\n<p class=\"x_MsoNormal\"><strong><em>\u201cHoy ya no hablamos solamente de planes o proyectos futuros. Villas Hacienda Serena y los apartamentos Velavento son una muestra de confianza, capacidad de ejecuci\u00f3n y de la decisi\u00f3n del sector privado de apostar por este nuevo destino\u201d<\/em><\/strong>, expres\u00f3.<\/p>\n<p>&nbsp;<\/p>\n<p>&nbsp;<\/p>\n<p class=\"x_MsoNormal\">Andr\u00e9s Marranzini Grull\u00f3n, director ejecutivo del Fideicomiso Punta Bergant\u00edn, destac\u00f3 que la incorporaci\u00f3n de estos proyectos residenciales constituye una se\u00f1al de la confianza que est\u00e1 generando el destino y del papel que tendr\u00e1 el componente inmobiliario dentro de su desarrollo.<\/p>\n<p>&nbsp;<\/p>\n<p>&nbsp;<\/p>\n<p class=\"x_MsoNormal\"><strong><em>\u201cPunta Bergant\u00edn ha sido concebido como un proyecto integral, capaz de generar valor no solo para Puerto Plata, sino para toda la regi\u00f3n Norte. Con propuestas inmobiliarias como Villas Hacienda Serena y Apartamentos Velavento demuestra la confianza del sector privado en esta visi\u00f3n y ampl\u00eda las oportunidades para quienes desean invertir y formar parte de un destino con una planificaci\u00f3n de largo plazo, infraestructura de calidad y una oferta tur\u00edstica y residencial complementaria\u201d<\/em><\/strong>, expres\u00f3 Marranzini Grull\u00f3n.<\/p>\n<p>&nbsp;<\/p>\n<p>&nbsp;<\/p>\n<p class=\"x_MsoNormal\">El ejecutivo resalt\u00f3 adem\u00e1s el valor estrat\u00e9gico que representa Santiago de los Caballeros para Punta Bergant\u00edn, por su dinamismo empresarial, su capacidad de inversi\u00f3n y su posici\u00f3n como principal centro econ\u00f3mico del Cibao. La integraci\u00f3n entre Santiago y Puerto Plata permitir\u00e1 fortalecer un corredor econ\u00f3mico y tur\u00edstico con capacidad para generar nuevas oportunidades de negocios, inversi\u00f3n y desarrollo inmobiliario.<\/p>\n<p>&nbsp;<\/p>\n<p>&nbsp;<\/p>\n<p class=\"x_MsoNormal\">Para Pantale\u00f3n Salcedo, presidente de la firma que lleva su nombre, quien, junto a Fernando Rosario, presidente de IDEARE, desarrolladores indicaron que formar parte de Punta Bergant\u00edn agrega valor a la propuesta residencial al integrar el proyecto dentro de un destino con una visi\u00f3n m\u00e1s amplia de crecimiento y posicionamiento.<\/p>\n<p>&nbsp;<\/p>\n<p>&nbsp;<\/p>\n<p class=\"x_MsoNormal\">\u201cVelavento y Villa Serena nacen como una propuesta inmobiliaria pensada para quienes buscan combinar inversi\u00f3n, estilo de vida y ubicaci\u00f3n dentro de uno de los desarrollos tur\u00edsticos de mayor proyecci\u00f3n de la regi\u00f3n Norte. Ser parte de Punta Bergant\u00edn nos permite ofrecer mucho m\u00e1s que una unidad residencial esto significa integrarse a un destino planificado, con una oferta complementaria de servicios, entretenimiento y experiencias, y con perspectivas de crecimiento que fortalecen el atractivo de la inversi\u00f3n\u201d, afirmaron.<\/p>\n<p>&nbsp;<\/p>\n<p>&nbsp;<\/p>\n<p class=\"x_MsoNormal\">La propuesta cobra especial relevancia para inversionistas y adquirentes de Santiago, quienes tendr\u00e1n acceso a una oferta residencial de playa cada vez m\u00e1s pr\u00f3xima a su ciudad. La futura conectividad vial entre ambos destinos plantea, adem\u00e1s, nuevas posibilidades para el mercado de segundas viviendas, inversi\u00f3n inmobiliaria y estad\u00edas de corta duraci\u00f3n, fortaleciendo la relaci\u00f3n hist\u00f3rica y econ\u00f3mica entre Santiago y Puerto Plata.<\/p>\n<p>&nbsp;<\/p>\n<p>&nbsp;<\/p>\n<p class=\"x_MsoNormal\">Con la incorporaci\u00f3n de estos nuevos proyectos, Punta Bergant\u00edn contin\u00faa fortaleciendo su componente inmobiliario como uno de los pilares de su estrategia de desarrollo y de la visi\u00f3n orientada al relanzamiento de Puerto Plata como destino tur\u00edstico de clase mundial, mediante un modelo que integra inversi\u00f3n privada, desarrollo inmobiliario y hotelero, sostenibilidad e infraestructura, generando nuevas oportunidades econ\u00f3micas y acompa\u00f1ando la transformaci\u00f3n tur\u00edstica de la costa Norte de la Rep\u00fablica Dominicana.<\/p>\n<p>&nbsp;<\/p>\n<p>&nbsp;<\/p>\n<p class=\"x_MsoNormal\">La presentaci\u00f3n de ambos proyectos en Santiago de los Caballeros responde a la importancia de esta ciudad como uno de los principales mercados inmobiliarios y empresariales del pa\u00eds, as\u00ed como a su cercan\u00eda estrat\u00e9gica con Puerto Plata. Esta vinculaci\u00f3n adquirir\u00e1 una dimensi\u00f3n a\u00fan mayor con la proyectada Carretera del \u00c1mbar, infraestructura llamada a reducir a aproximadamente 30 minutos el tiempo de conexi\u00f3n entre ambas ciudades.<\/p>\n<p>&nbsp;<\/p>\n<p>&nbsp;<\/p>\n","protected":false},"excerpt":{"rendered":"<p>Punta Bergant\u00edn contin\u00faa avanzando en la consolidaci\u00f3n de su oferta inmobiliaria con el lanzamiento de Villas Hacienda Serena y Apartamentos Velavento, dos nuevas propuestas residenciales que se integran al desarrollo tur\u00edstico e inmobiliario que impulsa la transformaci\u00f3n de Puerto Plata y una mayor articulaci\u00f3n econ\u00f3mica de la regi\u00f3n Norte. &nbsp; &nbsp; Villas Hacienda Serena y [&hellip;]<\/p>\n","protected":false},"author":9,"featured_media":13776,"comment_status":"closed","ping_status":"closed","sticky":false,"template":"","format":"standard","meta":{"footnotes":""},"categories":[5550,121,48],"tags":[5738,2957,5736,254,4158,5737],"class_list":["post-13775","post","type-post","status-publish","format-standard","has-post-thumbnail","hentry","category-destinos","category-hoteles","category-turismo","tag-apartamentos-velavento","tag-david-collado","tag-oferta-inmobiliaria","tag-puerto-plata","tag-punta-bergantin","tag-villas-hacienda-serena"],"_links":{"self":[{"href":"https:\/\/www.foodieandtraveler.com\/index.php\/wp-json\/wp\/v2\/posts\/13775","targetHints":{"allow":["GET"]}}],"collection":[{"href":"https:\/\/www.foodieandtraveler.com\/index.php\/wp-json\/wp\/v2\/posts"}],"about":[{"href":"https:\/\/www.foodieandtraveler.com\/index.php\/wp-json\/wp\/v2\/types\/post"}],"author":[{"embeddable":true,"href":"https:\/\/www.foodieandtraveler.com\/index.php\/wp-json\/wp\/v2\/users\/9"}],"replies":[{"embeddable":true,"href":"https:\/\/www.foodieandtraveler.com\/index.php\/wp-json\/wp\/v2\/comments?post=13775"}],"version-history":[{"count":1,"href":"https:\/\/www.foodieandtraveler.com\/index.php\/wp-json\/wp\/v2\/posts\/13775\/revisions"}],"predecessor-version":[{"id":13777,"href":"https:\/\/www.foodieandtraveler.com\/index.php\/wp-json\/wp\/v2\/posts\/13775\/revisions\/13777"}],"wp:featuredmedia":[{"embeddable":true,"href":"https:\/\/www.foodieandtraveler.com\/index.php\/wp-json\/wp\/v2\/media\/13776"}],"wp:attachment":[{"href":"https:\/\/www.foodieandtraveler.com\/index.php\/wp-json\/wp\/v2\/media?parent=13775"}],"wp:term":[{"taxonomy":"category","embeddable":true,"href":"https:\/\/www.foodieandtraveler.com\/index.php\/wp-json\/wp\/v2\/categories?post=13775"},{"taxonomy":"post_tag","embeddable":true,"href":"https:\/\/www.foodieandtraveler.com\/index.php\/wp-json\/wp\/v2\/tags?post=13775"}],"curies":[{"name":"wp","href":"https:\/\/api.w.org\/{rel}","templated":true}]}}