{"id":13330,"date":"2026-04-30T11:45:30","date_gmt":"2026-04-30T15:45:30","guid":{"rendered":"https:\/\/www.foodieandtraveler.com\/?p=13330"},"modified":"2026-04-30T11:53:38","modified_gmt":"2026-04-30T15:53:38","slug":"asociacion-de-bancos-de-la-republica-dominicana-reconoce-labor-del-ministro-david-collado","status":"publish","type":"post","link":"https:\/\/www.foodieandtraveler.com\/index.php\/asociacion-de-bancos-de-la-republica-dominicana-reconoce-labor-del-ministro-david-collado\/","title":{"rendered":"Asociaci\u00f3n de Bancos de la Rep\u00fablica Dominicana reconoce labor del ministro David Collado"},"content":{"rendered":"<div data-olk-copy-source=\"MessageBody\">La Asociaci\u00f3n de Bancos M\u00faltiples de Rep\u00fablica Dominicana \u00a0reconoci\u00f3 la destacada labor del ministro de Turismo, David Collado, por su transparencia y su incansable trabajo en favor de la promoci\u00f3n de la inversi\u00f3n en el sector tur\u00edstico del pa\u00eds.<\/div>\n<div dir=\"ltr\"><\/div>\n<div>La entidad destac\u00f3 que la gesti\u00f3n del ministro ha contribuido de manera sustancial a la dinamizaci\u00f3n de la econom\u00eda nacional, impulsando el crecimiento del turismo, fortaleciendo la confianza de los inversionistas y promoviendo iniciativas que generan bienestar y desarrollo para el pa\u00eds.<\/div>\n<div dir=\"ltr\"><\/div>\n<div>Asimismo, resalt\u00f3 que el liderazgo de Collado ha permitido consolidar a \u00a0Rep\u00fablica Dominicana como uno de los destinos tur\u00edsticos m\u00e1s atractivos de la regi\u00f3n, gracias a una visi\u00f3n estrat\u00e9gica enfocada en la sostenibilidad, la promoci\u00f3n internacional y la atracci\u00f3n de nuevas inversiones para el sector.<\/div>\n<div dir=\"ltr\"><\/div>\n<div>La distinci\u00f3n fue entregada durante el \u201c<strong>Foro Capital, Confianza y Crecimiento<\/strong>\u201d, realizado por la Asociaci\u00f3n de Bancos M\u00faltiples de la Rep\u00fablica Dominicana junto a la Asociaci\u00f3n de Hoteles y Turismo de la Rep\u00fablica Dominicana, en el que se presentaron los avances del turismo y su impacto en el desarrollo econ\u00f3mico del pa\u00eds.<\/div>\n<div dir=\"ltr\"><\/div>\n<div>Durante el reconocimiento, representantes de la asociaci\u00f3n valoraron el compromiso del ministro con la transparencia y la colaboraci\u00f3n entre los sectores p\u00fablico y privado, elementos que han sido clave para el fortalecimiento de la industria tur\u00edstica y el crecimiento econ\u00f3mico nacional.<\/div>\n<div dir=\"ltr\"><\/div>\n","protected":false},"excerpt":{"rendered":"<p>La Asociaci\u00f3n de Bancos M\u00faltiples de Rep\u00fablica Dominicana \u00a0reconoci\u00f3 la destacada labor del ministro de Turismo, David Collado, por su transparencia y su incansable trabajo en favor de la promoci\u00f3n de la inversi\u00f3n en el sector tur\u00edstico del pa\u00eds. La entidad destac\u00f3 que la gesti\u00f3n del ministro ha contribuido de manera sustancial a la dinamizaci\u00f3n [&hellip;]<\/p>\n","protected":false},"author":9,"featured_media":13331,"comment_status":"closed","ping_status":"closed","sticky":false,"template":"","format":"standard","meta":{"footnotes":""},"categories":[3433,3931,48],"tags":[5472,5451,2957,5450,169,1040,68],"class_list":["post-13330","post","type-post","status-publish","format-standard","has-post-thumbnail","hentry","category-dominicanidad","category-sector-empresarial","category-turismo","tag-asociacion-de-bancos","tag-confianza-y-crecimiento","tag-david-collado","tag-foro-capital","tag-ministerio-de-turismo","tag-mitur","tag-republica-dominicana"],"_links":{"self":[{"href":"https:\/\/www.foodieandtraveler.com\/index.php\/wp-json\/wp\/v2\/posts\/13330","targetHints":{"allow":["GET"]}}],"collection":[{"href":"https:\/\/www.foodieandtraveler.com\/index.php\/wp-json\/wp\/v2\/posts"}],"about":[{"href":"https:\/\/www.foodieandtraveler.com\/index.php\/wp-json\/wp\/v2\/types\/post"}],"author":[{"embeddable":true,"href":"https:\/\/www.foodieandtraveler.com\/index.php\/wp-json\/wp\/v2\/users\/9"}],"replies":[{"embeddable":true,"href":"https:\/\/www.foodieandtraveler.com\/index.php\/wp-json\/wp\/v2\/comments?post=13330"}],"version-history":[{"count":1,"href":"https:\/\/www.foodieandtraveler.com\/index.php\/wp-json\/wp\/v2\/posts\/13330\/revisions"}],"predecessor-version":[{"id":13332,"href":"https:\/\/www.foodieandtraveler.com\/index.php\/wp-json\/wp\/v2\/posts\/13330\/revisions\/13332"}],"wp:featuredmedia":[{"embeddable":true,"href":"https:\/\/www.foodieandtraveler.com\/index.php\/wp-json\/wp\/v2\/media\/13331"}],"wp:attachment":[{"href":"https:\/\/www.foodieandtraveler.com\/index.php\/wp-json\/wp\/v2\/media?parent=13330"}],"wp:term":[{"taxonomy":"category","embeddable":true,"href":"https:\/\/www.foodieandtraveler.com\/index.php\/wp-json\/wp\/v2\/categories?post=13330"},{"taxonomy":"post_tag","embeddable":true,"href":"https:\/\/www.foodieandtraveler.com\/index.php\/wp-json\/wp\/v2\/tags?post=13330"}],"curies":[{"name":"wp","href":"https:\/\/api.w.org\/{rel}","templated":true}]}}