{"id":13324,"date":"2026-04-28T15:17:06","date_gmt":"2026-04-28T19:17:06","guid":{"rendered":"https:\/\/www.foodieandtraveler.com\/?p=13324"},"modified":"2026-04-28T15:17:15","modified_gmt":"2026-04-28T19:17:15","slug":"air-europa-se-convierte-en-la-unica-compania-espanola-en-el-top-mundial-de-las-aerolineas-mas-eficientes","status":"publish","type":"post","link":"https:\/\/www.foodieandtraveler.com\/index.php\/air-europa-se-convierte-en-la-unica-compania-espanola-en-el-top-mundial-de-las-aerolineas-mas-eficientes\/","title":{"rendered":"Air Europa se convierte en la \u00fanica compa\u00f1\u00eda espa\u00f1ola en el top mundial de las aerol\u00edneas m\u00e1s eficientes"},"content":{"rendered":"<p>Air Europa ha vuelto a ser reconocida, a nivel global, como una de las compa\u00f1\u00edas del sector m\u00e1s avanzadas en sostenibilidad. En su informe EmeraldSky 2025, la consultora Cirium, principal proveedor internacional de datos estad\u00edsticos del sector de la aviaci\u00f3n, le ha otorgado el exclusivo reconocimiento Gold en su ranking mundial de aerol\u00edneas m\u00e1s eficientes. Con un registro en 2025 de 53,9 gramos de CO\u2082 por asientos-kil\u00f3metro disponibles (ASK), Air Europa pasa a ocupar la cuarta plaza del listado, mejorando en un 0,6% el dato del a\u00f1o anterior. De esta forma, se convierte no solo en la \u00fanica empresa espa\u00f1ola entre las diez primeras posiciones, sino tambi\u00e9n en la \u00fanica aerol\u00ednea regular entre el grupo de las m\u00e1s destacadas.<\/p>\n<p>&nbsp;<\/p>\n<p>Esta valoraci\u00f3n confirma el acierto de la pol\u00edtica de sostenibilidad mantenida a lo largo de los \u00faltimos a\u00f1os y que tiene, como aspecto fundamental, una de las flotas m\u00e1s modernas y avanzadas del sector. El an\u00e1lisis de Cirium, realizado con una metodolog\u00eda propia por una consultora independiente, se basa en datos operativos reales de vuelo, aplicando una m\u00e9trica est\u00e1ndar (CO\u2082 por ASK) y los mismos criterios de evaluaci\u00f3n a las cien mayores aerol\u00edneas del mundo.<\/p>\n<p>&nbsp;<\/p>\n<p>Los datos de Cirium muestran que las decisiones operativas y de flota son un factor determinante en los niveles de eficiencia. En el caso de Air Europa, las cifras obtenidas son el resultado de contar con aviones de \u00faltima generaci\u00f3n con una media de edad que no supera los 10 a\u00f1os, con alta capacidad de plazas a bordo y \u00f3ptimos resultados en consumo de carburante, como sucede en el caso del Boeing 737 MAX y del 787 Dreamliner. Este \u00faltimo es capaz de reducir el gasto y las emisiones hasta en un 25% en comparaci\u00f3n con otros modelos de su categor\u00eda.<\/p>\n<p>&nbsp;<\/p>\n<p>Avances en sostenibilidad y eficiencia<\/p>\n<p>&nbsp;<\/p>\n<p>Este reconocimiento llega despu\u00e9s de los dos premios obtenidos este a\u00f1o en el reto de sostenibilidad The Aviation Challenge, que convoca anualmente la alianza SkyTeam. Asimismo, pone en valor los esfuerzos para cumplir el compromiso formulado por la compa\u00f1\u00eda en 2015 para reducir sus emisiones en un 30% en 2030. Al cierre del \u00faltimo ejercicio, dicha disminuci\u00f3n ya hab\u00eda alcanzado el 23,58%.<\/p>\n<p>&nbsp;<\/p>\n<p>Air Europa, que es la \u00fanica compa\u00f1\u00eda espa\u00f1ola que ha renovado de forma consecutiva desde 2012 la certificaci\u00f3n EMAS de excelencia en la gesti\u00f3n medioambiental, no ha dejado de avanzar en la aplicaci\u00f3n de medidas de impacto en sostenibilidad. As\u00ed, ha contribuido a la descarbonizaci\u00f3n de las operaciones en tierra con la sustituci\u00f3n de los veh\u00edculos de combusti\u00f3n utilizados en las tareas de mantenimiento en los aeropuertos de Madrid-Barajas y Barcelona-El Prat por alternativas \u00edntegramente el\u00e9ctricas, elevando en la misma direcci\u00f3n hasta el 87% el volumen de las unidades utilizadas en las operaciones de handling en A coru\u00f1a.<\/p>\n<p>&nbsp;<\/p>\n<p>En los \u00faltimos a\u00f1os, la aerol\u00ednea ha implementado importantes medidas destinadas a elevar la eficiencia y reducir el consumo de carburante. Entre ellas, destacan el uso de la aplicaci\u00f3n OptiClimb. \u00c9sta proporciona indicaciones espec\u00edficas e individuales para cada vuelo sobre la velocidad de ascenso \u00f3ptima para minimizar el consumo de combustible sin comprometer la duraci\u00f3n del vuelo, lo que permiti\u00f3 evitar en 2025 la emisi\u00f3n de m\u00e1s de 10.000 toneladas de CO\u2082. Asimismo, desde 2023 se aplican los protocolos SETO (Single Engine Taxi Out) y SETI (Single Engine Taxi In), que suponen llevar a cabo el rodaje de salida y llegada de las aeronaves empleando un solo motor.<\/p>\n<p>&nbsp;<\/p>\n<p>Por \u00faltimo, en el pasado ejercicio Air Europa se asoci\u00f3 con la empresa tecnol\u00f3gica Chooose para poner en marcha un programa de compensaci\u00f3n de carbono. \u00c9ste proporciona a los pasajeros informaci\u00f3n sobre el impacto de las emisiones generadas al volar y ofrece a los clientes la oportunidad de apoyar proyectos certificados mediante la compra de cr\u00e9ditos de carbono<\/p>\n<p>&nbsp;<\/p>\n<p>&nbsp;<\/p>\n<p><strong>Acerca de Air Europa\u00a0<\/strong><\/p>\n<p>En el aire desde 1986, Air Europa es una aerol\u00ednea espa\u00f1ola miembro de la alianza SkyTeam. La flota de la compa\u00f1\u00eda, compuesta por 59 aeronaves, se encuentra entre las m\u00e1s modernas y sostenibles del sector, garantizando la m\u00e1xima eficiencia operativa y el mayor confort para el pasajero. Actualmente est\u00e1 integrada por modelos Boeing 787 Dreamliner y Boeing 737, a los que pr\u00f3ximamente se unir\u00e1n nuevos Airbus A350-900. Air Europa vuela a m\u00e1s de 55 destinos en todo el mundo y cuenta con una posici\u00f3n estrat\u00e9gica en el hub del aeropuerto Adolfo Su\u00e1rez Madrid-Barajas, conectando Europa y Am\u00e9rica. La compa\u00f1\u00eda destaca por su firme compromiso con la sostenibilidad y la descarbonizaci\u00f3n, as\u00ed como por su apuesta por la innovaci\u00f3n a trav\u00e9s de la incorporaci\u00f3n de las tecnolog\u00edas m\u00e1s avanzadas para la digitalizaci\u00f3n y optimizaci\u00f3n de sus procesos. Adem\u00e1s, Air Europa brinda un elevado nivel de excelencia a sus pasajeros y figura habitualmente entre las aerol\u00edneas m\u00e1s puntuales del continente europeo.<\/p>\n<p>&nbsp;<\/p>\n","protected":false},"excerpt":{"rendered":"<p>Air Europa ha vuelto a ser reconocida, a nivel global, como una de las compa\u00f1\u00edas del sector m\u00e1s avanzadas en sostenibilidad. En su informe EmeraldSky 2025, la consultora Cirium, principal proveedor internacional de datos estad\u00edsticos del sector de la aviaci\u00f3n, le ha otorgado el exclusivo reconocimiento Gold en su ranking mundial de aerol\u00edneas m\u00e1s eficientes. [&hellip;]<\/p>\n","protected":false},"author":9,"featured_media":13325,"comment_status":"closed","ping_status":"closed","sticky":false,"template":"","format":"standard","meta":{"footnotes":""},"categories":[2843,4085,14,3931,4090,48],"tags":[1003,1075,5464,3524,5463],"class_list":["post-13324","post","type-post","status-publish","format-standard","has-post-thumbnail","hentry","category-aerolineas","category-marketing","category-notas-de-prensa","category-sector-empresarial","category-travel","category-turismo","tag-aerolineas","tag-air-europa","tag-compania-espanola","tag-skyteam","tag-top-mundial"],"_links":{"self":[{"href":"https:\/\/www.foodieandtraveler.com\/index.php\/wp-json\/wp\/v2\/posts\/13324","targetHints":{"allow":["GET"]}}],"collection":[{"href":"https:\/\/www.foodieandtraveler.com\/index.php\/wp-json\/wp\/v2\/posts"}],"about":[{"href":"https:\/\/www.foodieandtraveler.com\/index.php\/wp-json\/wp\/v2\/types\/post"}],"author":[{"embeddable":true,"href":"https:\/\/www.foodieandtraveler.com\/index.php\/wp-json\/wp\/v2\/users\/9"}],"replies":[{"embeddable":true,"href":"https:\/\/www.foodieandtraveler.com\/index.php\/wp-json\/wp\/v2\/comments?post=13324"}],"version-history":[{"count":1,"href":"https:\/\/www.foodieandtraveler.com\/index.php\/wp-json\/wp\/v2\/posts\/13324\/revisions"}],"predecessor-version":[{"id":13326,"href":"https:\/\/www.foodieandtraveler.com\/index.php\/wp-json\/wp\/v2\/posts\/13324\/revisions\/13326"}],"wp:featuredmedia":[{"embeddable":true,"href":"https:\/\/www.foodieandtraveler.com\/index.php\/wp-json\/wp\/v2\/media\/13325"}],"wp:attachment":[{"href":"https:\/\/www.foodieandtraveler.com\/index.php\/wp-json\/wp\/v2\/media?parent=13324"}],"wp:term":[{"taxonomy":"category","embeddable":true,"href":"https:\/\/www.foodieandtraveler.com\/index.php\/wp-json\/wp\/v2\/categories?post=13324"},{"taxonomy":"post_tag","embeddable":true,"href":"https:\/\/www.foodieandtraveler.com\/index.php\/wp-json\/wp\/v2\/tags?post=13324"}],"curies":[{"name":"wp","href":"https:\/\/api.w.org\/{rel}","templated":true}]}}