{"id":13294,"date":"2026-04-28T13:57:45","date_gmt":"2026-04-28T17:57:45","guid":{"rendered":"https:\/\/www.foodieandtraveler.com\/?p=13294"},"modified":"2026-04-28T13:59:43","modified_gmt":"2026-04-28T17:59:43","slug":"empresa-cesar-iglesias-crece-en-ventas-y-reduce-deudas-en-primer-trimestre-de-2026","status":"publish","type":"post","link":"https:\/\/www.foodieandtraveler.com\/index.php\/empresa-cesar-iglesias-crece-en-ventas-y-reduce-deudas-en-primer-trimestre-de-2026\/","title":{"rendered":"Empresa C\u00e9sar Iglesias crece en ventas y reduce deudas en primer trimestre de 2026"},"content":{"rendered":"<div data-olk-copy-source=\"MessageBody\">C\u00e9sar Iglesias cerr\u00f3 el primer trimestre de 2026 consolidando su trayectoria de fortalecimiento con un desempe\u00f1o marcado por un nuevo r\u00e9cord hist\u00f3rico en ventas netas diarias, m\u00e1rgenes brutos sostenidos en niveles elevados, mejor rentabilidad operativa y una nueva reducci\u00f3n de su deuda financiera.<\/div>\n<div dir=\"ltr\"><\/div>\n<div>La informaci\u00f3n la ofrece Gabriel E. Rodr\u00edguez Pereyra, director senior de Administraci\u00f3n y Finanzas de C\u00e9sar Iglesias, quien resalta que la compa\u00f1\u00eda cerr\u00f3 el primer trimestre de 2026 con el logro de un nuevo r\u00e9cord en ventas, la preservaci\u00f3n de m\u00e1rgenes elevados, una reducci\u00f3n de los gastos financieros.<\/div>\n<div dir=\"ltr\"><\/div>\n<div><strong>&#8220;En el primer trimestre, la empresa super\u00f3 por primera vez los DOP100 millones en ventas diarias, y continu\u00f3 su proceso de reducci\u00f3n de deuda&#8221;<\/strong>, detalla.<\/div>\n<div dir=\"ltr\"><\/div>\n<div>El ejecutivo explica que, el indicador comercial m\u00e1s relevante de la empresa, las ventas netas por d\u00eda laborable, alcanz\u00f3 un nuevo m\u00e1ximo hist\u00f3rico al promediar DOP 101.1 millones durante el trimestre, superando por primera vez la barrera de los 100 millones y representando un crecimiento de 9.7% frente a los DOP 92.1 millones registrados en el trimestre anterior. A su vez, los ingresos de actividades ordinarias ascendieron a DOP 5,967 millones, lo que supone un incremento del 2.8% respecto al \u00faltimo trimestre de 2025.<\/div>\n<div dir=\"ltr\"><\/div>\n<div>El ejecutivo atribuye estos resultados a la disciplina operativa y la b\u00fasqueda y consecuci\u00f3n de nuevas eficiencias. Asimismo, resalta que la disciplina en el gasto se tradujo en una notable mejora de la rentabilidad, con lo cual se logr\u00f3 un resultado operacional que cerr\u00f3 en DOP 445 millones, para un crecimiento del 20%, mientras que el EBITDA ascendi\u00f3 a DOP 629 millones, para un crecimiento de 12%.<\/div>\n<div dir=\"ltr\"><\/div>\n<div>&#8220;Un avance relevante fue la mejora del resultado financiero. Los gastos financieros netos se redujeron en 66%, pasando de DOP 254 millones en el trimestre anterior a DOP 87 millones en este per\u00edodo. Esta mejora, impulsada tanto por un componente cambiario favorable como por menores niveles de endeudamiento, permiti\u00f3 que la ganancia antes de impuestos ascendiera a DOP 359 millones, un aumento del 206% frente al trimestre previo&#8221;, se\u00f1al\u00f3 Rodr\u00edguez Pereyra.<\/div>\n<div dir=\"ltr\"><\/div>\n<div>Fortaleza del balance y reducci\u00f3n de deuda<\/div>\n<div dir=\"ltr\"><\/div>\n<div>La compa\u00f1\u00eda continu\u00f3 avanzando en el fortalecimiento de su estructura financiera durante el trimestre. Al cierre de T1-2026, la deuda financiera total se redujo en DOP157 millones frente al cierre de 2025, acumulando una disminuci\u00f3n superior a DOP1,000 millones desde el segundo trimestre de 2025. Esta evoluci\u00f3n extiende a tres trimestres consecutivos el proceso de reducci\u00f3n del endeudamiento.<\/div>\n<div dir=\"ltr\"><\/div>\n<div>&#8220;Nuestra prioridad ha sido convertir el desempe\u00f1o operativo en una estructura de capital cada vez m\u00e1s ligera y resiliente. La generaci\u00f3n de DOP 382 millones en flujo de caja libre durante el trimestre nos ha permitido continuar atendiendo compromisos, sostener inversiones en curso y reducir deuda de forma consistente&#8221;.<\/div>\n<div dir=\"ltr\"><\/div>\n<div>La compa\u00f1\u00eda mantiene, adem\u00e1s, su Calificaci\u00f3n de Riesgo AA con perspectiva estable por parte de Feller Rate, y Calificaci\u00f3n Nacional de Largo Plazo AA.do con perspectiva estable, as\u00ed como ML A-1.do de corto plazo, por parte de Moody&#8217;s Local Rep\u00fablica Dominicana, reafirmando la confianza del mercado en su gesti\u00f3n financiera.<\/div>\n<div dir=\"ltr\"><\/div>\n<div>Perspectivas para el 2026<\/div>\n<div>Rodr\u00edguez Pereyra sostiene que, a pesar de los riesgos externos vinculados a la volatilidad de las materias primas y un entorno global incierto, mantendr\u00e1 su enfoque en sostener niveles elevados de servicio, preservar m\u00e1rgenes, profundizar la eficiencia operativa y continuar priorizando la generaci\u00f3n de efectivo y la reducci\u00f3n de deuda.<\/div>\n<div dir=\"ltr\"><\/div>\n<div>La empresa se encamina a mantener sus niveles de servicio, preservar m\u00e1rgenes y profundizar su estrategia de reducci\u00f3n de deuda, apoyada en una base financiera m\u00e1s sana y en niveles de liquidez adecuados.<\/div>\n<div dir=\"ltr\"><\/div>\n<div>&#8220;Con ventas en niveles r\u00e9cord, m\u00e1rgenes preservados en niveles elevados, una agenda clara de eficiencia, una gesti\u00f3n m\u00e1s activa del riesgo cambiario y un enfoque expl\u00edcito en generaci\u00f3n de caja y reducci\u00f3n de deuda, la Compa\u00f1\u00eda enfrenta el resto de 2026 desde una posici\u00f3n operativa y financiera m\u00e1s s\u00f3lida que la observada a mediados de 2025&#8221;.<\/div>\n<div dir=\"ltr\"><\/div>\n<div>Sobre C\u00e9sar Iglesias<\/div>\n<div>Fundada en 1910, C\u00e9sar Iglesias es una empresa dominicana con m\u00e1s de un siglo de historia, l\u00edder en el sector de consumo masivo en la Rep\u00fablica Dominicana. Dedicada a la fabricaci\u00f3n y distribuci\u00f3n de productos esenciales, la compa\u00f1\u00eda cotiza en el mercado de valores dominicano, manteniendo un compromiso inquebrantable con la transparencia, la innovaci\u00f3n y la creaci\u00f3n de valor para sus accionistas y el pa\u00eds.<\/div>\n<div id=\"x_ms-outlook-mobile-body-separator-line\" dir=\"ltr\" data-applydefaultfontstyles=\"true\"><\/div>\n","protected":false},"excerpt":{"rendered":"<p>C\u00e9sar Iglesias cerr\u00f3 el primer trimestre de 2026 consolidando su trayectoria de fortalecimiento con un desempe\u00f1o marcado por un nuevo r\u00e9cord hist\u00f3rico en ventas netas diarias, m\u00e1rgenes brutos sostenidos en niveles elevados, mejor rentabilidad operativa y una nueva reducci\u00f3n de su deuda financiera. La informaci\u00f3n la ofrece Gabriel E. Rodr\u00edguez Pereyra, director senior de Administraci\u00f3n [&hellip;]<\/p>\n","protected":false},"author":9,"featured_media":13295,"comment_status":"closed","ping_status":"closed","sticky":false,"template":"","format":"standard","meta":{"footnotes":""},"categories":[14,3931],"tags":[2822,5448,5449,3933],"class_list":["post-13294","post","type-post","status-publish","format-standard","has-post-thumbnail","hentry","category-notas-de-prensa","category-sector-empresarial","tag-cesar-iglesias","tag-resultado-financiero","tag-rodriguez-pereyra","tag-sector-empresarial"],"_links":{"self":[{"href":"https:\/\/www.foodieandtraveler.com\/index.php\/wp-json\/wp\/v2\/posts\/13294","targetHints":{"allow":["GET"]}}],"collection":[{"href":"https:\/\/www.foodieandtraveler.com\/index.php\/wp-json\/wp\/v2\/posts"}],"about":[{"href":"https:\/\/www.foodieandtraveler.com\/index.php\/wp-json\/wp\/v2\/types\/post"}],"author":[{"embeddable":true,"href":"https:\/\/www.foodieandtraveler.com\/index.php\/wp-json\/wp\/v2\/users\/9"}],"replies":[{"embeddable":true,"href":"https:\/\/www.foodieandtraveler.com\/index.php\/wp-json\/wp\/v2\/comments?post=13294"}],"version-history":[{"count":1,"href":"https:\/\/www.foodieandtraveler.com\/index.php\/wp-json\/wp\/v2\/posts\/13294\/revisions"}],"predecessor-version":[{"id":13296,"href":"https:\/\/www.foodieandtraveler.com\/index.php\/wp-json\/wp\/v2\/posts\/13294\/revisions\/13296"}],"wp:featuredmedia":[{"embeddable":true,"href":"https:\/\/www.foodieandtraveler.com\/index.php\/wp-json\/wp\/v2\/media\/13295"}],"wp:attachment":[{"href":"https:\/\/www.foodieandtraveler.com\/index.php\/wp-json\/wp\/v2\/media?parent=13294"}],"wp:term":[{"taxonomy":"category","embeddable":true,"href":"https:\/\/www.foodieandtraveler.com\/index.php\/wp-json\/wp\/v2\/categories?post=13294"},{"taxonomy":"post_tag","embeddable":true,"href":"https:\/\/www.foodieandtraveler.com\/index.php\/wp-json\/wp\/v2\/tags?post=13294"}],"curies":[{"name":"wp","href":"https:\/\/api.w.org\/{rel}","templated":true}]}}