{"id":13201,"date":"2026-03-13T13:34:10","date_gmt":"2026-03-13T17:34:10","guid":{"rendered":"https:\/\/www.foodieandtraveler.com\/?p=13201"},"modified":"2026-03-13T13:34:10","modified_gmt":"2026-03-13T17:34:10","slug":"informe-del-oc-certifica-operacion-correcta-de-renovables-y-apunta-a-fallas-de-las-termicas-y-de-transmision","status":"publish","type":"post","link":"https:\/\/www.foodieandtraveler.com\/index.php\/informe-del-oc-certifica-operacion-correcta-de-renovables-y-apunta-a-fallas-de-las-termicas-y-de-transmision\/","title":{"rendered":"Informe del OC certifica operaci\u00f3n correcta de renovables y apunta a fallas de las t\u00e9rmicas y de transmisi\u00f3n"},"content":{"rendered":"<p>La <strong>Asociaci\u00f3n Dominicana de Empresas Renovables<\/strong> (ADER) valor\u00f3 hoy los resultados del informe definitivo del Organismo Coordinador (OC) sobre el evento ocurrido el pasado 23 de febrero, el cual certifica que las centrales de generaci\u00f3n renovable operaron bajo estricta normativa y no fueron el origen de la inestabilidad del sistema.<\/p>\n<div dir=\"ltr\"><\/div>\n<div dir=\"ltr\"><\/div>\n<p>De acuerdo con el informe t\u00e9cnico oficial (OC-GO-07-IDE-20260312-V0), la p\u00e9rdida de tensi\u00f3n se origin\u00f3 por fallas espec\u00edficas en las l\u00edneas de transmisi\u00f3n y la desconexi\u00f3n imprevista de centrales t\u00e9rmicas convencionales. El an\u00e1lisis de oscilograf\u00eda confirma que las plantas renovables se mantuvieron inyectando energ\u00eda hasta que el colapso de la red, provocado por factores ajenos a estas, forz\u00f3 su salida autom\u00e1tica por protocolos de seguridad y protecci\u00f3n de equipos.<\/p>\n<div dir=\"ltr\"><\/div>\n<div dir=\"ltr\"><\/div>\n<p>&#8220;Los datos t\u00e9cnicos son claros: culpar a las energ\u00edas limpias de debilidades estructurales en la red de transmisi\u00f3n es un error de diagn\u00f3stico que genera ruido innecesario en el mercado energ\u00e9tico&#8221;, afirmaron directivos de ADER. &#8220;El informe confirma que nuestros sistemas de protecci\u00f3n funcionaron seg\u00fan lo previsto para salvaguardar la integridad de la red&#8221;.<\/p>\n<div dir=\"ltr\"><\/div>\n<div dir=\"ltr\"><\/div>\n<p><strong>Un llamado a la modernizaci\u00f3n<\/strong><\/p>\n<div dir=\"ltr\"><\/div>\n<p>ADER destac\u00f3 que el documento del OC se\u00f1ala fallas en la coordinaci\u00f3n de protecciones sist\u00e9micas (como el esquema EDAC), las cuales no actuaron a tiempo para estabilizar la frecuencia. Ante esta realidad, la asociaci\u00f3n hace un llamado a priorizar la inversi\u00f3n en infraestructura de transmisi\u00f3n y sistemas de control inteligente.<\/p>\n<div dir=\"ltr\"><\/div>\n<div dir=\"ltr\"><\/div>\n<p>&#8220;Para lograr una matriz energ\u00e9tica resiliente, Rep\u00fablica Dominicana debe enfocarse en modernizar su red de transporte el\u00e9ctrico. La transici\u00f3n energ\u00e9tica no solo requiere m\u00e1s sol y viento, sino una red de transmisi\u00f3n robusta que est\u00e9 a la altura de la inversi\u00f3n privada que estamos impulsando&#8221;, concluy\u00f3 el gremio.<\/p>\n<div dir=\"ltr\"><\/div>\n<div dir=\"ltr\"><\/div>\n<p>ADER reafirma su compromiso con la transparencia y la estabilidad del SENI, trabajando siempre sobre la base de datos cient\u00edficos y t\u00e9cnicos que garanticen un servicio el\u00e9ctrico seguro para todos los dominicanos.<\/p>\n<div dir=\"ltr\"><\/div>\n<p>&nbsp;<\/p>\n","protected":false},"excerpt":{"rendered":"<p>La Asociaci\u00f3n Dominicana de Empresas Renovables (ADER) valor\u00f3 hoy los resultados del informe definitivo del Organismo Coordinador (OC) sobre el evento ocurrido el pasado 23 de febrero, el cual certifica que las centrales de generaci\u00f3n renovable operaron bajo estricta normativa y no fueron el origen de la inestabilidad del sistema. De acuerdo con el informe [&hellip;]<\/p>\n","protected":false},"author":9,"featured_media":13202,"comment_status":"closed","ping_status":"closed","sticky":false,"template":"","format":"standard","meta":{"footnotes":""},"categories":[14,3931],"tags":[5178,5393,5394],"class_list":["post-13201","post","type-post","status-publish","format-standard","has-post-thumbnail","hentry","category-notas-de-prensa","category-sector-empresarial","tag-ader","tag-asociacion-dominicana-de-empresas-renovables","tag-organismo-coordinador"],"_links":{"self":[{"href":"https:\/\/www.foodieandtraveler.com\/index.php\/wp-json\/wp\/v2\/posts\/13201","targetHints":{"allow":["GET"]}}],"collection":[{"href":"https:\/\/www.foodieandtraveler.com\/index.php\/wp-json\/wp\/v2\/posts"}],"about":[{"href":"https:\/\/www.foodieandtraveler.com\/index.php\/wp-json\/wp\/v2\/types\/post"}],"author":[{"embeddable":true,"href":"https:\/\/www.foodieandtraveler.com\/index.php\/wp-json\/wp\/v2\/users\/9"}],"replies":[{"embeddable":true,"href":"https:\/\/www.foodieandtraveler.com\/index.php\/wp-json\/wp\/v2\/comments?post=13201"}],"version-history":[{"count":1,"href":"https:\/\/www.foodieandtraveler.com\/index.php\/wp-json\/wp\/v2\/posts\/13201\/revisions"}],"predecessor-version":[{"id":13203,"href":"https:\/\/www.foodieandtraveler.com\/index.php\/wp-json\/wp\/v2\/posts\/13201\/revisions\/13203"}],"wp:featuredmedia":[{"embeddable":true,"href":"https:\/\/www.foodieandtraveler.com\/index.php\/wp-json\/wp\/v2\/media\/13202"}],"wp:attachment":[{"href":"https:\/\/www.foodieandtraveler.com\/index.php\/wp-json\/wp\/v2\/media?parent=13201"}],"wp:term":[{"taxonomy":"category","embeddable":true,"href":"https:\/\/www.foodieandtraveler.com\/index.php\/wp-json\/wp\/v2\/categories?post=13201"},{"taxonomy":"post_tag","embeddable":true,"href":"https:\/\/www.foodieandtraveler.com\/index.php\/wp-json\/wp\/v2\/tags?post=13201"}],"curies":[{"name":"wp","href":"https:\/\/api.w.org\/{rel}","templated":true}]}}