{"id":13198,"date":"2026-03-13T13:15:58","date_gmt":"2026-03-13T17:15:58","guid":{"rendered":"https:\/\/www.foodieandtraveler.com\/?p=13198"},"modified":"2026-03-13T13:24:21","modified_gmt":"2026-03-13T17:24:21","slug":"la-colonial-presenta-colonial-vital-su-nueva-propuesta-integral-de-proteccion-personal","status":"publish","type":"post","link":"https:\/\/www.foodieandtraveler.com\/index.php\/la-colonial-presenta-colonial-vital-su-nueva-propuesta-integral-de-proteccion-personal\/","title":{"rendered":"La Colonial presenta &#8216;Colonial Vital&#8217;, su nueva propuesta integral de protecci\u00f3n personal"},"content":{"rendered":"<p>La Colonial present\u00f3 &#8216;Colonial Vital&#8217;, una iniciativa estrat\u00e9gica que unifica su portafolio de seguros de personas bajo una arquitectura moderna y digital, como parte de su proceso de evoluci\u00f3n e innovaci\u00f3n en el mercado asegurador dominicano.<\/p>\n<div dir=\"ltr\"><\/div>\n<div dir=\"ltr\"><\/div>\n<p>Luis Manuel Aguil\u00f3, vicepresidente ejecutivo de la entidad, explic\u00f3 que Colonial Vital no es un producto aislado, sino la consolidaci\u00f3n estrat\u00e9gica de la propuesta de protecci\u00f3n personal de la aseguradora bajo una identidad clara, comercial y digital.<\/p>\n<div dir=\"ltr\"><\/div>\n<div dir=\"ltr\"><\/div>\n<p>\u201cColonial Vital integra en una sola propuesta soluciones de vida, \u00faltimos gastos, protecci\u00f3n ante enfermedades catastr\u00f3ficas, enfermedades graves y accidentes personales, consolidando un portafolio que anteriormente se presentaba de forma segmentada\u201d, inform\u00f3 el ejecutivo.<\/p>\n<div dir=\"ltr\"><\/div>\n<div dir=\"ltr\"><\/div>\n<p>Aguil\u00f3 destac\u00f3 que los usuarios pueden acceder a &#8216;Colonial Vital&#8217; a trav\u00e9s de la App La Colonial o mediante la plataforma web de la compa\u00f1\u00eda. &#8220;\u00c9ste es nuestro quinto producto de la categor\u00eda disruptiva InsurTech, cien por ciento &#8216;online&#8217;, novedad con la que mantenemos la promesa de ofrecer soluciones de protecci\u00f3n de forma f\u00e1cil y r\u00e1pida, en s\u00f3lo cinco minutos&#8221;, resalt\u00f3.<\/p>\n<div dir=\"ltr\"><\/div>\n<div dir=\"ltr\"><\/div>\n<div dir=\"ltr\"><\/div>\n<div dir=\"ltr\"><\/div>\n<h3><strong>Protecci\u00f3n y accesibilidad<\/strong><\/h3>\n<div dir=\"ltr\"><\/div>\n<div dir=\"ltr\"><\/div>\n<div dir=\"ltr\"><\/div>\n<p>La implementaci\u00f3n de &#8216;Colonial Vital&#8217; representa una evoluci\u00f3n en el ramo de Seguros de Personas, permitiendo a La Colonial continuar impulsando la modernizaci\u00f3n del sector asegurador y facilitar el acceso a soluciones de protecci\u00f3n adaptadas a las necesidades actuales de los clientes.<\/p>\n<div dir=\"ltr\"><\/div>\n<div dir=\"ltr\"><\/div>\n<p>\u201cCon esta iniciativa estamos dando un paso importante en la evoluci\u00f3n de nuestro portafolio de seguros de personas. Sabemos que estos son temas dif\u00edciles, y precisamente por eso trabajamos en simplificar nuestras coberturas bajo Colonial Vital, con seguros pensados para acompa\u00f1ar a las personas en aquello que no quieren tener que pensar, pero para lo que es fundamental estar preparados\u201d, expres\u00f3 Aguil\u00f3.<\/p>\n<div dir=\"ltr\"><\/div>\n<div dir=\"ltr\"><\/div>\n<p>El ejecutivo agreg\u00f3 que esta nueva estructura busca ofrecer una propuesta m\u00e1s clara, accesible y alineada con la realidad del consumidor actual, facilitando el acceso a soluciones de protecci\u00f3n integral a trav\u00e9s de los canales digitales de la compa\u00f1\u00eda.<\/p>\n<div dir=\"ltr\"><\/div>\n<div dir=\"ltr\"><\/div>\n<p>Con la presentaci\u00f3n de &#8216;Colonial Vital&#8217;, esta aseguradora reafirma su compromiso con la modernizaci\u00f3n del sector asegurador dominicano, fortaleciendo el acceso a soluciones de protecci\u00f3n personal y promoviendo una cultura de prevenci\u00f3n y planificaci\u00f3n en la poblaci\u00f3n.<\/p>\n<div dir=\"ltr\"><\/div>\n<p>&nbsp;<\/p>\n","protected":false},"excerpt":{"rendered":"<p>La Colonial present\u00f3 &#8216;Colonial Vital&#8217;, una iniciativa estrat\u00e9gica que unifica su portafolio de seguros de personas bajo una arquitectura moderna y digital, como parte de su proceso de evoluci\u00f3n e innovaci\u00f3n en el mercado asegurador dominicano. Luis Manuel Aguil\u00f3, vicepresidente ejecutivo de la entidad, explic\u00f3 que Colonial Vital no es un producto aislado, sino la [&hellip;]<\/p>\n","protected":false},"author":9,"featured_media":13199,"comment_status":"closed","ping_status":"closed","sticky":false,"template":"","format":"standard","meta":{"footnotes":""},"categories":[14,3931],"tags":[4973,5390,2000,5391,5392],"class_list":["post-13198","post","type-post","status-publish","format-standard","has-post-thumbnail","hentry","category-notas-de-prensa","category-sector-empresarial","tag-accesibilidad","tag-colonial-vital","tag-la-colonial","tag-proteccion","tag-seguros"],"_links":{"self":[{"href":"https:\/\/www.foodieandtraveler.com\/index.php\/wp-json\/wp\/v2\/posts\/13198","targetHints":{"allow":["GET"]}}],"collection":[{"href":"https:\/\/www.foodieandtraveler.com\/index.php\/wp-json\/wp\/v2\/posts"}],"about":[{"href":"https:\/\/www.foodieandtraveler.com\/index.php\/wp-json\/wp\/v2\/types\/post"}],"author":[{"embeddable":true,"href":"https:\/\/www.foodieandtraveler.com\/index.php\/wp-json\/wp\/v2\/users\/9"}],"replies":[{"embeddable":true,"href":"https:\/\/www.foodieandtraveler.com\/index.php\/wp-json\/wp\/v2\/comments?post=13198"}],"version-history":[{"count":1,"href":"https:\/\/www.foodieandtraveler.com\/index.php\/wp-json\/wp\/v2\/posts\/13198\/revisions"}],"predecessor-version":[{"id":13200,"href":"https:\/\/www.foodieandtraveler.com\/index.php\/wp-json\/wp\/v2\/posts\/13198\/revisions\/13200"}],"wp:featuredmedia":[{"embeddable":true,"href":"https:\/\/www.foodieandtraveler.com\/index.php\/wp-json\/wp\/v2\/media\/13199"}],"wp:attachment":[{"href":"https:\/\/www.foodieandtraveler.com\/index.php\/wp-json\/wp\/v2\/media?parent=13198"}],"wp:term":[{"taxonomy":"category","embeddable":true,"href":"https:\/\/www.foodieandtraveler.com\/index.php\/wp-json\/wp\/v2\/categories?post=13198"},{"taxonomy":"post_tag","embeddable":true,"href":"https:\/\/www.foodieandtraveler.com\/index.php\/wp-json\/wp\/v2\/tags?post=13198"}],"curies":[{"name":"wp","href":"https:\/\/api.w.org\/{rel}","templated":true}]}}