{"id":13195,"date":"2026-03-13T13:02:43","date_gmt":"2026-03-13T17:02:43","guid":{"rendered":"https:\/\/www.foodieandtraveler.com\/?p=13195"},"modified":"2026-03-13T13:03:32","modified_gmt":"2026-03-13T17:03:32","slug":"cesar-iglesias-celebra-su-legado-y-reconoce-40-anos-de-servicio-ana-feliz-cordero","status":"publish","type":"post","link":"https:\/\/www.foodieandtraveler.com\/index.php\/cesar-iglesias-celebra-su-legado-y-reconoce-40-anos-de-servicio-ana-feliz-cordero\/","title":{"rendered":"C\u00e9sar Iglesias celebra su legado y reconoce 40 a\u00f1os de servicio Ana Feliz Cordero"},"content":{"rendered":"<p>C\u00e9sar Iglesias celebr\u00f3 la segunda edici\u00f3n de<strong> \u2018Legado\u2019<\/strong>, una iniciativa institucional que reconoce la trayectoria, el compromiso y la dedicaci\u00f3n de los colaboradores que han contribuido con su trabajo y constancia a construir la historia y el crecimiento de la organizaci\u00f3n.<\/p>\n<div dir=\"ltr\"><\/div>\n<div dir=\"ltr\"><\/div>\n<p>La ceremonia se realiz\u00f3 en el Museo del Pelotero Petromacorisano, y cont\u00f3 con la presencia del Ing. Miguel Feris Chalas, presidente del Comit\u00e9 Ejecutivo de la empresa, junto a miembros del equipo directivo.<\/p>\n<div dir=\"ltr\"><\/div>\n<div dir=\"ltr\"><\/div>\n<p>Durante esta edici\u00f3n fueron reconocidos 270 colaboradores que han alcanzado 10, 15, 20, 25, 30 y 40 a\u00f1os de servicio. Con esta cantidad, ya son 600 las personas distinguidas a trav\u00e9s de esta iniciativa, cuya primera edici\u00f3n se realiz\u00f3 en el 2025.<\/p>\n<div dir=\"ltr\"><\/div>\n<div dir=\"ltr\"><\/div>\n<p>En ese contexto, durante la ceremonia se entregaron reconocimientos especiales a colaboradores cuya trayectoria representa un ejemplo de dedicaci\u00f3n y compromiso con la organizaci\u00f3n. Los distinguidos son: Ana Feliz Cordero, por sus 40 a\u00f1os de servicio; C\u00e9sar Iv\u00e1n Feris y Carlos Vinicio Ozuna, por tener 30 a\u00f1os en la empresa; Marianela Bueno, por sus 20, y Rosa Dolores Cueto, por su valiosa trayectoria y aportes a la organizaci\u00f3n.<\/p>\n<div dir=\"ltr\"><\/div>\n<div dir=\"ltr\"><\/div>\n<div dir=\"ltr\"><\/div>\n<p><strong>Respeto a la trayectoria<\/strong><\/p>\n<div dir=\"ltr\"><\/div>\n<p>A prop\u00f3sito de la celebraci\u00f3n, el Ing. Miguel Feris Chalas comparti\u00f3 un mensaje dirigido a los colaboradores presentes, destacando el valor de quienes han dedicado una parte importante de su vida al desarrollo de la empresa.<\/p>\n<div dir=\"ltr\"><\/div>\n<div dir=\"ltr\"><\/div>\n<p>\u201cQuiero decirles a ustedes, a quienes han dedicado 10, 15, 30 y 40 a\u00f1os a esta empresa que cada uno de ustedes es parte esencial de estos 116 a\u00f1os de historia. Gracias por su entrega, gracias por su disciplina y gracias por confiar su talento a esta casa. Porque cuando una empresa honra su historia, valora a su gente y compite con determinaci\u00f3n, no solo celebra a\u00f1os: construye generaciones. Y las generaciones que construye son las que lideran\u201d, manifest\u00f3 el presidente del Comit\u00e9 Ejecutivo.<\/p>\n<div dir=\"ltr\"><\/div>\n<div dir=\"ltr\"><\/div>\n<p>La iniciativa \u2018Legado\u2019 surge precisamente para destacar esa historia compartida: la de quienes inician su camino en la empresa y la de quienes han dedicado d\u00e9cadas de trabajo para verla crecer y consolidarse.<\/p>\n<div dir=\"ltr\"><\/div>\n<div dir=\"ltr\"><\/div>\n<p>Con este tipo de iniciativas, C\u00e9sar Iglesias reafirma su compromiso de seguir fortaleciendo una cultura organizacional basada en el respeto por la trayectoria, el reconocimiento al esfuerzo y el valor de las personas que forman parte de su historia.<\/p>\n<div dir=\"ltr\"><\/div>\n<div dir=\"ltr\"><\/div>\n<div dir=\"ltr\"><\/div>\n<p><strong>Sobre C\u00e9sar Iglesias<\/strong><\/p>\n<div dir=\"ltr\"><\/div>\n<p>Fundada en 1910, C\u00e9sar Iglesias es una empresa dominicana con m\u00e1s de un siglo de historia, consolid\u00e1ndose como uno de los principales empleadores de San Pedro de Macor\u00eds y del pa\u00eds. Con una s\u00f3lida trayectoria en el desarrollo, comercializaci\u00f3n y distribuci\u00f3n de productos en categor\u00edas esenciales como alimentaci\u00f3n, cuidado personal y cuidado del hogar, la empresa mantiene un firme compromiso con el desarrollo econ\u00f3mico y social de la Rep\u00fablica Dominicana.<\/p>\n","protected":false},"excerpt":{"rendered":"<p>C\u00e9sar Iglesias celebr\u00f3 la segunda edici\u00f3n de \u2018Legado\u2019, una iniciativa institucional que reconoce la trayectoria, el compromiso y la dedicaci\u00f3n de los colaboradores que han contribuido con su trabajo y constancia a construir la historia y el crecimiento de la organizaci\u00f3n. La ceremonia se realiz\u00f3 en el Museo del Pelotero Petromacorisano, y cont\u00f3 con la [&hellip;]<\/p>\n","protected":false},"author":9,"featured_media":13196,"comment_status":"closed","ping_status":"closed","sticky":false,"template":"","format":"standard","meta":{"footnotes":""},"categories":[14,3931],"tags":[2822,3966,3933],"class_list":["post-13195","post","type-post","status-publish","format-standard","has-post-thumbnail","hentry","category-notas-de-prensa","category-sector-empresarial","tag-cesar-iglesias","tag-miguel-feris-chalas","tag-sector-empresarial"],"_links":{"self":[{"href":"https:\/\/www.foodieandtraveler.com\/index.php\/wp-json\/wp\/v2\/posts\/13195","targetHints":{"allow":["GET"]}}],"collection":[{"href":"https:\/\/www.foodieandtraveler.com\/index.php\/wp-json\/wp\/v2\/posts"}],"about":[{"href":"https:\/\/www.foodieandtraveler.com\/index.php\/wp-json\/wp\/v2\/types\/post"}],"author":[{"embeddable":true,"href":"https:\/\/www.foodieandtraveler.com\/index.php\/wp-json\/wp\/v2\/users\/9"}],"replies":[{"embeddable":true,"href":"https:\/\/www.foodieandtraveler.com\/index.php\/wp-json\/wp\/v2\/comments?post=13195"}],"version-history":[{"count":1,"href":"https:\/\/www.foodieandtraveler.com\/index.php\/wp-json\/wp\/v2\/posts\/13195\/revisions"}],"predecessor-version":[{"id":13197,"href":"https:\/\/www.foodieandtraveler.com\/index.php\/wp-json\/wp\/v2\/posts\/13195\/revisions\/13197"}],"wp:featuredmedia":[{"embeddable":true,"href":"https:\/\/www.foodieandtraveler.com\/index.php\/wp-json\/wp\/v2\/media\/13196"}],"wp:attachment":[{"href":"https:\/\/www.foodieandtraveler.com\/index.php\/wp-json\/wp\/v2\/media?parent=13195"}],"wp:term":[{"taxonomy":"category","embeddable":true,"href":"https:\/\/www.foodieandtraveler.com\/index.php\/wp-json\/wp\/v2\/categories?post=13195"},{"taxonomy":"post_tag","embeddable":true,"href":"https:\/\/www.foodieandtraveler.com\/index.php\/wp-json\/wp\/v2\/tags?post=13195"}],"curies":[{"name":"wp","href":"https:\/\/api.w.org\/{rel}","templated":true}]}}