{"id":13189,"date":"2026-03-13T12:26:19","date_gmt":"2026-03-13T16:26:19","guid":{"rendered":"https:\/\/www.foodieandtraveler.com\/?p=13189"},"modified":"2026-03-13T12:33:06","modified_gmt":"2026-03-13T16:33:06","slug":"constanza-impulsa-iniciativa-de-buena-gobernanza-para-fortalecer-su-desarrollo-sostenible","status":"publish","type":"post","link":"https:\/\/www.foodieandtraveler.com\/index.php\/constanza-impulsa-iniciativa-de-buena-gobernanza-para-fortalecer-su-desarrollo-sostenible\/","title":{"rendered":"Constanza impulsa iniciativa de Buena Gobernanza para fortalecer su desarrollo sostenible"},"content":{"rendered":"<p style=\"font-weight: 400;\">El jueves 12 de marzo, representantes de instituciones p\u00fablicas, del sector empresarial, organizaciones sociales y l\u00edderes comunitarios participaron en la presentaci\u00f3n del <strong>Proyecto de Buena Gobernanza para el municipio de Constanza<\/strong>, una iniciativa orientada a fortalecer la articulaci\u00f3n entre los diferentes actores del territorio y promover un modelo de desarrollo sostenible basado en la colaboraci\u00f3n y la planificaci\u00f3n estrat\u00e9gica.<\/p>\n<p style=\"font-weight: 400;\">La actividad inici\u00f3 con las palabras de bienvenida de <strong>Nelson Dur\u00e1n<\/strong>, presidente del Cl\u00faster Ecotur\u00edstico de Constanza, entidad que impulsa esta iniciativa como parte de sus esfuerzos por promover el desarrollo sostenible del municipio y fortalecer la coordinaci\u00f3n entre los distintos sectores que inciden en su crecimiento econ\u00f3mico, social y ambiental.<\/p>\n<p style=\"font-weight: 400;\">Durante su intervenci\u00f3n, Dur\u00e1n destac\u00f3 la importancia de avanzar hacia un modelo de trabajo articulado entre los distintos sectores del municipio.<br \/>\n<strong>\u201cEl desarrollo de Constanza depende de nuestra capacidad de trabajar juntos como territorio. Este proyecto de Buena Gobernanza representa una oportunidad para fortalecer la coordinaci\u00f3n entre instituciones, sector productivo y sociedad civil, y construir una visi\u00f3n compartida de desarrollo sostenible para nuestro municipio\u201d, expres\u00f3.<\/strong><\/p>\n<p style=\"font-weight: 400;\">Durante la jornada, <strong>Lisette Gil y Mar\u00eda Cristina Corpor\u00e1n<\/strong> presentaron los principales componentes del proyecto, iniciando con la experiencia desarrollada en <strong>Saman\u00e1 entre 2022 y 2025<\/strong>, la cual sirvi\u00f3 como referencia para la implementaci\u00f3n de un modelo de gobernanza territorial enfocado en mejorar la coordinaci\u00f3n entre actores p\u00fablicos, privados y comunitarios.<\/p>\n<p style=\"font-weight: 400;\">Asimismo, se compartieron los lineamientos para la adaptaci\u00f3n de este modelo al contexto de Constanza, destacando la importancia de impulsar procesos participativos que permitan construir una visi\u00f3n compartida de desarrollo para el municipio.<\/p>\n<p style=\"font-weight: 400;\">Entre los aspectos m\u00e1s relevantes de la iniciativa se destac\u00f3 un componente orientado a <strong>posicionar a Constanza como destino certificado dentro de la Red Latinoam\u00e9rica de Destinos del Futuro<\/strong>, una red internacional que promueve territorios comprometidos con el turismo sostenible, la gobernanza territorial y la gesti\u00f3n responsable de los recursos naturales.<\/p>\n<p style=\"font-weight: 400;\">El encuentro tambi\u00e9n incluy\u00f3 un espacio de di\u00e1logo con los participantes, quienes compartieron reflexiones sobre los retos y oportunidades que enfrenta el municipio en materia de gobernanza, desarrollo econ\u00f3mico y sostenibilidad.<\/p>\n<p style=\"font-weight: 400;\">La presentaci\u00f3n del Proyecto de Buena Gobernanza marca el inicio de un proceso orientado a fortalecer la cooperaci\u00f3n entre instituciones p\u00fablicas, sector productivo y sociedad civil, con el objetivo de impulsar iniciativas que contribuyan al desarrollo sostenible de Constanza y al posicionamiento del municipio como un territorio comprometido con la gesti\u00f3n responsable de su patrimonio natural y productivo. Este proyecto cuenta con el apoyo del <strong>gobierno alem\u00e1n<\/strong>, <strong>KATE (Umwelt &amp; Entwicklung)<\/strong>, <strong>CEBSE<\/strong>, el <strong>Foro Ambiental de Saman\u00e1<\/strong> y el <strong>Cl\u00faster Ecotur\u00edstico de Constanza<\/strong>.<\/p>\n<p style=\"font-weight: 400;\">\n","protected":false},"excerpt":{"rendered":"<p>El jueves 12 de marzo, representantes de instituciones p\u00fablicas, del sector empresarial, organizaciones sociales y l\u00edderes comunitarios participaron en la presentaci\u00f3n del Proyecto de Buena Gobernanza para el municipio de Constanza, una iniciativa orientada a fortalecer la articulaci\u00f3n entre los diferentes actores del territorio y promover un modelo de desarrollo sostenible basado en la colaboraci\u00f3n [&hellip;]<\/p>\n","protected":false},"author":9,"featured_media":13190,"comment_status":"closed","ping_status":"closed","sticky":false,"template":"","format":"standard","meta":{"footnotes":""},"categories":[3433,2146,13,48],"tags":[5386,224,299,5387,5388],"class_list":["post-13189","post","type-post","status-publish","format-standard","has-post-thumbnail","hentry","category-dominicanidad","category-ecoturismo","category-lugares-que-enamoran","category-turismo","tag-cluster-de-constanza","tag-constanza","tag-ecoturismo","tag-foro-ambiental-de-samana","tag-nelson-duran"],"_links":{"self":[{"href":"https:\/\/www.foodieandtraveler.com\/index.php\/wp-json\/wp\/v2\/posts\/13189","targetHints":{"allow":["GET"]}}],"collection":[{"href":"https:\/\/www.foodieandtraveler.com\/index.php\/wp-json\/wp\/v2\/posts"}],"about":[{"href":"https:\/\/www.foodieandtraveler.com\/index.php\/wp-json\/wp\/v2\/types\/post"}],"author":[{"embeddable":true,"href":"https:\/\/www.foodieandtraveler.com\/index.php\/wp-json\/wp\/v2\/users\/9"}],"replies":[{"embeddable":true,"href":"https:\/\/www.foodieandtraveler.com\/index.php\/wp-json\/wp\/v2\/comments?post=13189"}],"version-history":[{"count":1,"href":"https:\/\/www.foodieandtraveler.com\/index.php\/wp-json\/wp\/v2\/posts\/13189\/revisions"}],"predecessor-version":[{"id":13191,"href":"https:\/\/www.foodieandtraveler.com\/index.php\/wp-json\/wp\/v2\/posts\/13189\/revisions\/13191"}],"wp:featuredmedia":[{"embeddable":true,"href":"https:\/\/www.foodieandtraveler.com\/index.php\/wp-json\/wp\/v2\/media\/13190"}],"wp:attachment":[{"href":"https:\/\/www.foodieandtraveler.com\/index.php\/wp-json\/wp\/v2\/media?parent=13189"}],"wp:term":[{"taxonomy":"category","embeddable":true,"href":"https:\/\/www.foodieandtraveler.com\/index.php\/wp-json\/wp\/v2\/categories?post=13189"},{"taxonomy":"post_tag","embeddable":true,"href":"https:\/\/www.foodieandtraveler.com\/index.php\/wp-json\/wp\/v2\/tags?post=13189"}],"curies":[{"name":"wp","href":"https:\/\/api.w.org\/{rel}","templated":true}]}}