{"id":13180,"date":"2026-03-11T19:52:51","date_gmt":"2026-03-11T23:52:51","guid":{"rendered":"https:\/\/www.foodieandtraveler.com\/?p=13180"},"modified":"2026-03-11T19:55:53","modified_gmt":"2026-03-11T23:55:53","slug":"salto-de-jimenoa-la-aeronave-14-de-arajet-que-refuerza-el-compromiso-con-el-turismo-sostenible-y-la-economia-de-rd","status":"publish","type":"post","link":"https:\/\/www.foodieandtraveler.com\/index.php\/salto-de-jimenoa-la-aeronave-14-de-arajet-que-refuerza-el-compromiso-con-el-turismo-sostenible-y-la-economia-de-rd\/","title":{"rendered":"Salto de Jimenoa, la aeronave 14 de Arajet que refuerza el compromiso con el turismo sostenible y la econom\u00eda de RD"},"content":{"rendered":"<p class=\"x_MsoNormal\"><span data-olk-copy-source=\"MessageBody\">La aerol\u00ednea bandera dominicana Arajet celebr\u00f3 hoy la llegada a la Rep\u00fablica Dominicana de su aeronave n\u00famero 14, un moderno Boeing 737 MAX 8 bautizado como \u201cSalto de Jimenoa\u201d en honor a uno de los principales atractivos naturales de Jarabacoa, provincia La Vega.<\/span><\/p>\n<p>&nbsp;<\/p>\n<p class=\"x_MsoNormal\">Indicaron que la aeronave aterriz\u00f3 en el Aeropuerto Internacional de Las Am\u00e9ricas y forma parte de la estrategia institucional de Arajet de identificar cada aeronave con un \u00e1rea protegida o reserva ecol\u00f3gica del pa\u00eds, una pr\u00e1ctica que busca elevar la visibilidad del patrimonio natural dominicano y promover la conservaci\u00f3n de estos ecosistemas en los mercados internacionales. Entre los nombres que han integrado la flota se encuentran \u00e1reas emblem\u00e1ticas como Pico Duarte, Los Tres Ojos, Bah\u00eda de las \u00c1guilas e Isla Saona, entre otras.<\/p>\n<p>&nbsp;<\/p>\n<p class=\"x_MsoNormal\">La aerol\u00ednea destac\u00f3 que El \u201cSalto de Jimenoa\u201d representa un \u00edcono del ecoturismo dominicano: un impresionante salto de agua en los r\u00edos Jimenoa I y II, ubicados en el coraz\u00f3n de Jarabacoa, conocido por su exuberante vegetaci\u00f3n, senderos de monta\u00f1a y oportunidades para el turismo de naturaleza y aventura. El sitio es uno de los principales destinos para visitantes nacionales e internacionales que exploran las ofertas eco-tur\u00edsticas de la Rep\u00fablica Dominicana.<\/p>\n<p>&nbsp;<\/p>\n<p class=\"x_MsoNormal\"><strong>V\u00edctor Pacheco M\u00e9ndez, CEO &amp; fundador de Arajet<\/strong>, destac\u00f3 que esta nueva aeronave no solo expande la capacidad operativa de la compa\u00f1\u00eda, sino que tambi\u00e9n refuerza el compromiso de la aerol\u00ednea con un modelo de negocio sustentable que impulsa la econom\u00eda local y la conectividad a\u00e9rea.<\/p>\n<p>&nbsp;<\/p>\n<p class=\"x_MsoNormal\">\u201cCon el bautizo de la aeronave \u201cSalto de Jimenoa\u201d reiteramos nuestra visi\u00f3n de conectar la Rep\u00fablica Dominicana con el mundo, al tiempo que elevamos el valor de nuestras bellezas naturales en los mercados internacionales. Cada avi\u00f3n que lleva un nombre de \u00e1rea protegida es un embajador de nuestra biodiversidad y promueve el turismo responsable que tanto necesitamos para un desarrollo sostenible\u201d, expres\u00f3 Pacheco.<\/p>\n<p>&nbsp;<\/p>\n<p class=\"x_MsoNormal\">El Senador de la Provincia La Vega, Rogelio Genao tambi\u00e9n se pronunci\u00f3 durante el acto, \u201cLa alianza entre el sector p\u00fablico y empresas como Arajet impulsa no solo la conectividad, sino la sostenibilidad de destinos claves para el turismo de naturaleza y aventura, contribuyendo al posicionamiento de la Rep\u00fablica Dominicana como un destino diverso y competitivo en el Caribe.\u201d<\/p>\n<p>&nbsp;<\/p>\n<p class=\"x_MsoNormal\">Arajet ha venido consolid\u00e1ndose como uno de los motores de la econom\u00eda dominicana, no solo por la expansi\u00f3n de su red de rutas que en 2025 la llev\u00f3 a convertirse en una de las principales aerol\u00edneas en la llegada de turistas al pa\u00eds sino tambi\u00e9n por sus pr\u00e1cticas de gesti\u00f3n ambiental y responsabilidad social. Las iniciativas incluyen jornadas de reforestaci\u00f3n en \u00e1reas protegidas, apoyo a programas de conservaci\u00f3n y educaci\u00f3n ambiental, y la promoci\u00f3n activa de destinos ecotur\u00edsticos mediante sus nombramientos simb\u00f3licos de aeronaves.<\/p>\n<p>&nbsp;<\/p>\n<p class=\"x_MsoNormal\">Con una flota moderna y eficiente que reduce emisiones contaminantes y costos operativos, Arajet contribuye al fortalecimiento del ecosistema tur\u00edstico dominicano generando empleos, dinamizando la conectividad y favoreciendo inversiones en infraestructura a la vez que impulsa una econom\u00eda m\u00e1s sostenible y respetuosa con el medio ambiente.<\/p>\n","protected":false},"excerpt":{"rendered":"<p>La aerol\u00ednea bandera dominicana Arajet celebr\u00f3 hoy la llegada a la Rep\u00fablica Dominicana de su aeronave n\u00famero 14, un moderno Boeing 737 MAX 8 bautizado como \u201cSalto de Jimenoa\u201d en honor a uno de los principales atractivos naturales de Jarabacoa, provincia La Vega. &nbsp; Indicaron que la aeronave aterriz\u00f3 en el Aeropuerto Internacional de Las [&hellip;]<\/p>\n","protected":false},"author":9,"featured_media":13181,"comment_status":"closed","ping_status":"closed","sticky":false,"template":"","format":"standard","meta":{"footnotes":""},"categories":[2843,3155,3433,48],"tags":[2895,3722,2772,5379,116,3889],"class_list":["post-13180","post","type-post","status-publish","format-standard","has-post-thumbnail","hentry","category-aerolineas","category-aeropuertos","category-dominicanidad","category-turismo","tag-apoyo-local","tag-arajet","tag-dominicanidad","tag-salto-de-jimenoa","tag-turismo","tag-victor-pacheco-mendez"],"_links":{"self":[{"href":"https:\/\/www.foodieandtraveler.com\/index.php\/wp-json\/wp\/v2\/posts\/13180","targetHints":{"allow":["GET"]}}],"collection":[{"href":"https:\/\/www.foodieandtraveler.com\/index.php\/wp-json\/wp\/v2\/posts"}],"about":[{"href":"https:\/\/www.foodieandtraveler.com\/index.php\/wp-json\/wp\/v2\/types\/post"}],"author":[{"embeddable":true,"href":"https:\/\/www.foodieandtraveler.com\/index.php\/wp-json\/wp\/v2\/users\/9"}],"replies":[{"embeddable":true,"href":"https:\/\/www.foodieandtraveler.com\/index.php\/wp-json\/wp\/v2\/comments?post=13180"}],"version-history":[{"count":1,"href":"https:\/\/www.foodieandtraveler.com\/index.php\/wp-json\/wp\/v2\/posts\/13180\/revisions"}],"predecessor-version":[{"id":13182,"href":"https:\/\/www.foodieandtraveler.com\/index.php\/wp-json\/wp\/v2\/posts\/13180\/revisions\/13182"}],"wp:featuredmedia":[{"embeddable":true,"href":"https:\/\/www.foodieandtraveler.com\/index.php\/wp-json\/wp\/v2\/media\/13181"}],"wp:attachment":[{"href":"https:\/\/www.foodieandtraveler.com\/index.php\/wp-json\/wp\/v2\/media?parent=13180"}],"wp:term":[{"taxonomy":"category","embeddable":true,"href":"https:\/\/www.foodieandtraveler.com\/index.php\/wp-json\/wp\/v2\/categories?post=13180"},{"taxonomy":"post_tag","embeddable":true,"href":"https:\/\/www.foodieandtraveler.com\/index.php\/wp-json\/wp\/v2\/tags?post=13180"}],"curies":[{"name":"wp","href":"https:\/\/api.w.org\/{rel}","templated":true}]}}