{"id":13172,"date":"2026-03-04T14:34:09","date_gmt":"2026-03-04T18:34:09","guid":{"rendered":"https:\/\/www.foodieandtraveler.com\/?p=13172"},"modified":"2026-03-04T20:59:58","modified_gmt":"2026-03-05T00:59:58","slug":"biomuseo-la-arquitectura-que-narra-el-origen-de-la-vida-entre-dos-oceanos","status":"publish","type":"post","link":"https:\/\/www.foodieandtraveler.com\/index.php\/biomuseo-la-arquitectura-que-narra-el-origen-de-la-vida-entre-dos-oceanos\/","title":{"rendered":"Biomuseo: La arquitectura que narra el origen de la vida entre dos oc\u00e9anos"},"content":{"rendered":"<p style=\"font-weight: 400;\">Supe por primera vez del <a href=\"https:\/\/biomuseo.org\"><strong><span style=\"color: #ff0000;\">Biomuseo de Panam\u00e1<\/span><\/strong><\/a> mientras volaba hacia esa ciudad luminosa que siempre despierta mi curiosidad intelectual. Como suelo hacer, abr\u00ed la revista del asiento delantero y comenc\u00e9 a leer con atenci\u00f3n. Entre art\u00edculos y reportajes apareci\u00f3 una referencia al museo; recuerdo que subray\u00e9 mentalmente su nombre y me promet\u00ed visitarlo. Intu\u00ed que no ser\u00eda una parada m\u00e1s en mi agenda, sino una experiencia que dialogar\u00eda con mi manera de entender la arquitectura y la ciencia.<\/p>\n<p style=\"font-weight: 400;\" data-start=\"493\" data-end=\"1316\">D\u00edas despu\u00e9s, cuando finalmente me acerqu\u00e9 al <a href=\"https:\/\/biomuseo.org\"><span style=\"color: #ff0000;\"><strong>Biomuseo<\/strong><\/span><\/a> en la Calzada de Amador, acompa\u00f1ado de mis colegas de la <a href=\"https:\/\/www.periodismoturistico.org\"><strong><span style=\"color: #0000ff;\">OMPT<\/span><\/strong><\/a>, confirm\u00e9 aquella intuici\u00f3n inicial. Desde el primer vistazo comprend\u00ed que no estaba frente a un museo convencional, sino ante una tesis arquitect\u00f3nica construida. Inaugurado en 2014 y concebido por Frank Gehry, en su primera obra en Am\u00e9rica Latina, el edificio irrumpe en el paisaje con una intensidad crom\u00e1tica y formal que me oblig\u00f3 a detenerme. Observ\u00e9 sus cubiertas met\u00e1licas fragmentadas, sus planos inclinados, su composici\u00f3n aparentemente ind\u00f3mita, y entend\u00ed que no eran un gesto caprichoso: <strong>encarnaban el dinamismo tect\u00f3nico que dio origen al istmo de Panam\u00e1 hace aproximadamente tres millones de a\u00f1os, un acontecimiento que transform\u00f3 las corrientes oce\u00e1nicas y redefini\u00f3 la biodiversidad global.<\/strong><\/p>\n<p style=\"font-weight: 400;\" data-start=\"1318\" data-end=\"2062\">Lo que m\u00e1s me impresion\u00f3 no fue solo la audacia formal, sino la coherencia conceptual que percib\u00ed en cada espacio. Yo no ve\u00eda un edificio que albergaba contenido; yo experimentaba un edificio que argumentaba. A diferencia de tantos museos donde los objetos reposan en vitrinas bajo narrativas lineales, <strong>aqu\u00ed me sent\u00ed inmerso en un relato tridimensional.<\/strong> Cada una de sus ocho galer\u00edas permanentes me ofreci\u00f3 una dimensi\u00f3n distinta del discurso cient\u00edfico. En \u201cPanamarama\u201d, una sala audiovisual envolvente, no me limit\u00e9 a observar im\u00e1genes: sent\u00ed que la historia natural me rodeaba f\u00edsicamente. No contemplaba el contenido; lo habitaba. Ese momento marc\u00f3, para m\u00ed, la frontera definitiva entre un museo cotidiano y una experiencia transformadora.<\/p>\n<p style=\"font-weight: 400;\" data-start=\"2064\" data-end=\"2708\">Mientras avanzaba por sus espacios, tuve la sensaci\u00f3n de recorrer una met\u00e1fora construida. Los vol\u00famenes se interrump\u00edan y superpon\u00edan ante mis ojos; se abr\u00edan hacia la luz tropical como si a\u00fan estuvieran en proceso de gestaci\u00f3n. Percib\u00ed una estructura que parec\u00eda moverse, casi respirar. Esa sensaci\u00f3n din\u00e1mica dialogaba con el tema central que yo iba comprendiendo paso a paso:<strong> la Tierra como organismo en transformaci\u00f3n constante.<\/strong> He visitado innumerables museos de ciencias naturales alrededor del mundo, pero rara vez he experimentado una correspondencia tan directa entre forma arquitect\u00f3nica y contenido expositivo como la que viv\u00ed all\u00ed.<\/p>\n<p data-start=\"2710\" data-end=\"3273\"><span style=\"font-weight: 400;\">Desde mi perspectiva acad\u00e9mica, sostengo que el <\/span><a href=\"https:\/\/biomuseo.org\"><span style=\"color: #ff0000;\"><span style=\"caret-color: #ff0000;\"><b>Biomuseo \u00a0<\/b><\/span><\/span><\/a>redefine la tipolog\u00eda museogr\u00e1fica contempor\u00e1nea en Am\u00e9rica Latina. No se limita a preservar conocimiento; lo interpreta espacialmente ante m\u00ed. La narrativa cient\u00edfica, el intercambio bi\u00f3tico entre Norte y Sur, la separaci\u00f3n de los oc\u00e9anos Atl\u00e1ntico y Pac\u00edfico, la explosi\u00f3n de biodiversidad resultante se tradujo, en mi experiencia, en espacios que me exig\u00edan participaci\u00f3n intelectual. No pude recorrerlo con prisa; el propio dise\u00f1o me invit\u00f3 a la pausa, al cuestionamiento y a la contemplaci\u00f3n cr\u00edtica.<\/p>\n<p style=\"font-weight: 400;\" data-start=\"3275\" data-end=\"3883\">Tambi\u00e9n me detuve en los aspectos pr\u00e1cticos, porque considero que forman parte de la experiencia cultural integral. <strong>El museo abre al p\u00fablico de martes a viernes generalmente de 9:00 a.m. a 3:00 p.m. &#8211; S\u00e1bados y domingos de <\/strong><span class=\"brz-cp-color2\"><strong>10:00 a.m. a 3:00 p.m<\/strong>. <\/span>y mantiene tarifas diferenciadas que reflejan su vocaci\u00f3n educativa. El costo de entrada para visitantes internacionales adultos ronda los \u00a020 d\u00f3lares estadounidenses, con descuentos para estudiantes, ni\u00f1os y residentes paname\u00f1os. Incluyo estos datos porque, para m\u00ed, el acceso tambi\u00e9n es arquitectura cultural: un museo que explica el planeta debe procurar ser accesible a quienes desean comprenderlo.<\/p>\n<p>&nbsp;<\/p>\n<p style=\"font-weight: 400;\"><strong>Cosas que me encantaron de este lugar:<\/strong><\/p>\n<ul>\n<li><em>La amabilidad de su personal<\/em><\/li>\n<li data-start=\"3885\" data-end=\"4451\" data-is-last-node=\"\" data-is-only-node=\"\"><em>La eficiencia de cada uno de sus gu\u00edas y su preparaci\u00f3n acad\u00e9mica<\/em><\/li>\n<li data-start=\"3885\" data-end=\"4451\" data-is-last-node=\"\" data-is-only-node=\"\"><em>La distribuci\u00f3n de los espacios y su forma de integraci\u00f3n visual<\/em><\/li>\n<li data-start=\"3885\" data-end=\"4451\" data-is-last-node=\"\" data-is-only-node=\"\"><em>Conceptos de iluminaci\u00f3n que generaban curiosidad y relajaci\u00f3n<\/em><\/li>\n<li data-start=\"3885\" data-end=\"4451\" data-is-last-node=\"\" data-is-only-node=\"\"><em>La se\u00f1alizaci\u00f3n y el f\u00e1cil acceso a sus diferentes espacios<\/em><\/li>\n<li data-start=\"3885\" data-end=\"4451\" data-is-last-node=\"\" data-is-only-node=\"\"><em>La vista impresionante que se observa desde la cafeter\u00eda ubicada en el gift shop mientras tomas un caf\u00e9 o un bocadillo<\/em><\/li>\n<\/ul>\n<p style=\"font-weight: 400;\" data-start=\"3885\" data-end=\"4451\" data-is-last-node=\"\" data-is-only-node=\"\">Al salir del Biomuseo, no sent\u00ed que hab\u00eda a\u00f1adido un edificio ic\u00f3nico m\u00e1s a mi lista de visitas profesionales. <strong>Sent\u00ed, m\u00e1s bien, que hab\u00eda ampliado mi comprensi\u00f3n del papel de Panam\u00e1 en la historia natural del mundo.<\/strong> Y esa es, desde mi experiencia personal, su mayor virtud: demostrarme que la arquitectura puede convertirse en una herramienta pedag\u00f3gica de escala planetaria. No solo observ\u00e9 una obra de Frank Gehry; viv\u00ed un espacio que me ense\u00f1\u00f3 que un territorio peque\u00f1o en extensi\u00f3n puede tener una influencia descomunal en la historia de la vida sobre la Tierra.<\/p>\n<p style=\"font-weight: 400;\">\n","protected":false},"excerpt":{"rendered":"<p>Supe por primera vez del Biomuseo de Panam\u00e1 mientras volaba hacia esa ciudad luminosa que siempre despierta mi curiosidad intelectual. Como suelo hacer, abr\u00ed la revista del asiento delantero y comenc\u00e9 a leer con atenci\u00f3n. Entre art\u00edculos y reportajes apareci\u00f3 una referencia al museo; recuerdo que subray\u00e9 mentalmente su nombre y me promet\u00ed visitarlo. Intu\u00ed [&hellip;]<\/p>\n","protected":false},"author":9,"featured_media":13173,"comment_status":"closed","ping_status":"closed","sticky":false,"template":"","format":"standard","meta":{"footnotes":""},"categories":[3241,13,3129,6,48],"tags":[2111,5359,5376,3986,5378,5377],"class_list":["post-13172","post","type-post","status-publish","format-standard","has-post-thumbnail","hentry","category-arte-cultura","category-lugares-que-enamoran","category-medio-ambiente","category-solo-para-sibaritas","category-turismo","tag-arquitectura","tag-biomuseo","tag-biomuseo-panama","tag-ciudad-de-panama","tag-modernidad","tag-museo"],"_links":{"self":[{"href":"https:\/\/www.foodieandtraveler.com\/index.php\/wp-json\/wp\/v2\/posts\/13172","targetHints":{"allow":["GET"]}}],"collection":[{"href":"https:\/\/www.foodieandtraveler.com\/index.php\/wp-json\/wp\/v2\/posts"}],"about":[{"href":"https:\/\/www.foodieandtraveler.com\/index.php\/wp-json\/wp\/v2\/types\/post"}],"author":[{"embeddable":true,"href":"https:\/\/www.foodieandtraveler.com\/index.php\/wp-json\/wp\/v2\/users\/9"}],"replies":[{"embeddable":true,"href":"https:\/\/www.foodieandtraveler.com\/index.php\/wp-json\/wp\/v2\/comments?post=13172"}],"version-history":[{"count":5,"href":"https:\/\/www.foodieandtraveler.com\/index.php\/wp-json\/wp\/v2\/posts\/13172\/revisions"}],"predecessor-version":[{"id":13178,"href":"https:\/\/www.foodieandtraveler.com\/index.php\/wp-json\/wp\/v2\/posts\/13172\/revisions\/13178"}],"wp:featuredmedia":[{"embeddable":true,"href":"https:\/\/www.foodieandtraveler.com\/index.php\/wp-json\/wp\/v2\/media\/13173"}],"wp:attachment":[{"href":"https:\/\/www.foodieandtraveler.com\/index.php\/wp-json\/wp\/v2\/media?parent=13172"}],"wp:term":[{"taxonomy":"category","embeddable":true,"href":"https:\/\/www.foodieandtraveler.com\/index.php\/wp-json\/wp\/v2\/categories?post=13172"},{"taxonomy":"post_tag","embeddable":true,"href":"https:\/\/www.foodieandtraveler.com\/index.php\/wp-json\/wp\/v2\/tags?post=13172"}],"curies":[{"name":"wp","href":"https:\/\/api.w.org\/{rel}","templated":true}]}}