{"id":13166,"date":"2026-03-04T12:51:30","date_gmt":"2026-03-04T16:51:30","guid":{"rendered":"https:\/\/www.foodieandtraveler.com\/?p=13166"},"modified":"2026-03-04T12:53:42","modified_gmt":"2026-03-04T16:53:42","slug":"mercado-aleman-fortalece-ingresos-por-turismo-y-diversificacion-de-divisas-en-republica-dominicana","status":"publish","type":"post","link":"https:\/\/www.foodieandtraveler.com\/index.php\/mercado-aleman-fortalece-ingresos-por-turismo-y-diversificacion-de-divisas-en-republica-dominicana\/","title":{"rendered":"Mercado alem\u00e1n fortalece ingresos por turismo y diversificaci\u00f3n de divisas en Rep\u00fablica Dominicana"},"content":{"rendered":"<p class=\"x_MsoNormal\"><span data-olk-copy-source=\"MessageBody\">En el marco de<strong><em> ITB Berl\u00edn 2026<\/em><\/strong>, la <strong><em>Asociaci\u00f3n de Hoteles y Turismo de la Rep\u00fablica Dominicana<\/em><\/strong> (Asonahores) resalt\u00f3 la importancia econ\u00f3mica del mercado alem\u00e1n dentro del desempe\u00f1o r\u00e9cord alcanzado por el sector tur\u00edstico dominicano en 2025, a\u00f1o en el que el pa\u00eds recibi\u00f3 11.6 millones de visitantes internacionales.<\/span><\/p>\n<p class=\"x_MsoNormal\">Destacaron que los turistas procedentes de Alemania visitaron la Rep\u00fablica Dominicana en 2025 aumentaron considerablemente, consolidando a esa naci\u00f3n europea como uno de los principales emisores del continente hacia el Caribe y como un mercado estrat\u00e9gico para la captaci\u00f3n de divisas.<\/p>\n<p class=\"x_MsoNormal\">La vicepresidenta ejecutiva de Asonahores, <strong><em>Aguie Lendor<\/em><\/strong>, explic\u00f3 que el impacto del turista alem\u00e1n trasciende el volumen de llegadas. \u201cSe trata de un visitante con estad\u00edas m\u00e1s prolongadas y un gasto diversificado que dinamiza m\u00faltiples eslabones de la cadena de valor tur\u00edstica, desde la hoteler\u00eda hasta la oferta complementaria, excursiones, gastronom\u00eda y comercio local\u201d, se\u00f1al\u00f3.<\/p>\n<p class=\"x_MsoNormal\">\u201cEl mercado alem\u00e1n contribuye de manera significativa a la estabilidad del flujo de ingresos en moneda extranjera, especialmente por su comportamiento de reserva anticipada y su menor estacionalidad comparada con otros emisores. Este perfil fortalece la planificaci\u00f3n operativa del sector hotelero y mejora los niveles de ocupaci\u00f3n en temporadas intermedias\u201d, indic\u00f3 Lendor.<\/p>\n<p class=\"x_MsoNormal\">Asonahores destac\u00f3 que la expansi\u00f3n de la conectividad a\u00e9rea entre Alemania y la Rep\u00fablica Dominicana ha sido determinante para sostener el crecimiento del flujo de visitantes, con operaciones hacia destinos como Punta Cana, Santo Domingo, Puerto Plata y Saman\u00e1, lo que facilita la diversificaci\u00f3n geogr\u00e1fica del gasto tur\u00edstico.<\/p>\n<p class=\"x_MsoNormal\">La entidad subray\u00f3 que el turista alem\u00e1n muestra creciente inter\u00e9s en segmentos de mayor valor agregado como el turismo deportivo, particularmente golf y deportes acu\u00e1ticos, as\u00ed como en experiencias culturales y de naturaleza, elementos que ampl\u00edan la derrama econ\u00f3mica m\u00e1s all\u00e1 del modelo tradicional de sol y playa.<\/p>\n<p class=\"x_MsoNormal\">\u201cRep\u00fablica Dominicana cuenta con la infraestructura hotelera, la calidad de servicio y la oferta complementaria necesarias para competir en mercados exigentes como el alem\u00e1n. Nuestra industria ha demostrado resiliencia, capacidad de adaptaci\u00f3n y est\u00e1ndares internacionales que permiten seguir ampliando participaci\u00f3n en Europa\u201d, afirm\u00f3 Lendor.<\/p>\n<p class=\"x_MsoNormal\">Con su presencia en ITB Berl\u00edn 2026, el sector tur\u00edstico dominicano busca fortalecer acuerdos comerciales con turoperadores y aerol\u00edneas europeas, apuntando a una mayor captaci\u00f3n de visitantes de larga distancia que contribuyan a la diversificaci\u00f3n de mercados y a la sostenibilidad del principal generador de divisas del pa\u00eds.<\/p>\n","protected":false},"excerpt":{"rendered":"<p>En el marco de ITB Berl\u00edn 2026, la Asociaci\u00f3n de Hoteles y Turismo de la Rep\u00fablica Dominicana (Asonahores) resalt\u00f3 la importancia econ\u00f3mica del mercado alem\u00e1n dentro del desempe\u00f1o r\u00e9cord alcanzado por el sector tur\u00edstico dominicano en 2025, a\u00f1o en el que el pa\u00eds recibi\u00f3 11.6 millones de visitantes internacionales. Destacaron que los turistas procedentes de [&hellip;]<\/p>\n","protected":false},"author":9,"featured_media":13167,"comment_status":"closed","ping_status":"closed","sticky":false,"template":"","format":"standard","meta":{"footnotes":""},"categories":[3241,3433,48],"tags":[2070,114,1636,4257,5373,68],"class_list":["post-13166","post","type-post","status-publish","format-standard","has-post-thumbnail","hentry","category-arte-cultura","category-dominicanidad","category-turismo","tag-berlin","tag-dominican-republic","tag-feria-de-turismo","tag-itb","tag-itb-berlin-2026","tag-republica-dominicana"],"_links":{"self":[{"href":"https:\/\/www.foodieandtraveler.com\/index.php\/wp-json\/wp\/v2\/posts\/13166","targetHints":{"allow":["GET"]}}],"collection":[{"href":"https:\/\/www.foodieandtraveler.com\/index.php\/wp-json\/wp\/v2\/posts"}],"about":[{"href":"https:\/\/www.foodieandtraveler.com\/index.php\/wp-json\/wp\/v2\/types\/post"}],"author":[{"embeddable":true,"href":"https:\/\/www.foodieandtraveler.com\/index.php\/wp-json\/wp\/v2\/users\/9"}],"replies":[{"embeddable":true,"href":"https:\/\/www.foodieandtraveler.com\/index.php\/wp-json\/wp\/v2\/comments?post=13166"}],"version-history":[{"count":1,"href":"https:\/\/www.foodieandtraveler.com\/index.php\/wp-json\/wp\/v2\/posts\/13166\/revisions"}],"predecessor-version":[{"id":13168,"href":"https:\/\/www.foodieandtraveler.com\/index.php\/wp-json\/wp\/v2\/posts\/13166\/revisions\/13168"}],"wp:featuredmedia":[{"embeddable":true,"href":"https:\/\/www.foodieandtraveler.com\/index.php\/wp-json\/wp\/v2\/media\/13167"}],"wp:attachment":[{"href":"https:\/\/www.foodieandtraveler.com\/index.php\/wp-json\/wp\/v2\/media?parent=13166"}],"wp:term":[{"taxonomy":"category","embeddable":true,"href":"https:\/\/www.foodieandtraveler.com\/index.php\/wp-json\/wp\/v2\/categories?post=13166"},{"taxonomy":"post_tag","embeddable":true,"href":"https:\/\/www.foodieandtraveler.com\/index.php\/wp-json\/wp\/v2\/tags?post=13166"}],"curies":[{"name":"wp","href":"https:\/\/api.w.org\/{rel}","templated":true}]}}