{"id":13159,"date":"2026-03-04T12:25:34","date_gmt":"2026-03-04T16:25:34","guid":{"rendered":"https:\/\/www.foodieandtraveler.com\/?p=13159"},"modified":"2026-03-04T12:26:27","modified_gmt":"2026-03-04T16:26:27","slug":"samana-marco-el-compas-al-ritmo-de-la-bahia","status":"publish","type":"post","link":"https:\/\/www.foodieandtraveler.com\/index.php\/samana-marco-el-compas-al-ritmo-de-la-bahia\/","title":{"rendered":"Saman\u00e1 marc\u00f3 el comp\u00e1s \u201cAl Ritmo de la Bah\u00eda\u201d"},"content":{"rendered":"<p style=\"font-weight: 400;\">Bajo uno de los atardeceres m\u00e1s imponentes del Caribe, en la Marina de Puerto Bah\u00eda y frente al santuario natural que cada a\u00f1o recibe a las ballenas jorobadas del Atl\u00e1ntico Norte, la pen\u00ednsula no necesitaba presentaci\u00f3n. El cielo hizo su trabajo.<\/p>\n<p>&nbsp;<\/p>\n<p style=\"font-weight: 400;\">En ese escenario privilegiado, el Cl\u00faster Tur\u00edstico de Saman\u00e1 y la Asociaci\u00f3n de Hoteles y Empresas Tur\u00edsticas de Saman\u00e1 (AHETSA) celebraron con rotundo \u00e9xito la primera edici\u00f3n del concierto <em>Al Ritmo de la Bah\u00eda<\/em>, una propuesta que fusiona destino, cultura y naturaleza en una narrativa coherente y visionaria.<\/p>\n<p>&nbsp;<\/p>\n<p style=\"font-weight: 400;\">M\u00e1s que un concierto, <em>Al Ritmo de la Bah\u00eda<\/em> fue una afirmaci\u00f3n de identidad. Saman\u00e1 no es solo naturaleza exuberante; es marca pa\u00eds. No solo recibe visitantes, crea experiencias memorables.<\/p>\n<p>&nbsp;<\/p>\n<p style=\"font-weight: 400;\">Desde temprano, representantes de las principales organizaciones tur\u00edsticas, propietarios de proyectos, l\u00edderes empresariales y turistas que visitan la provincia durante la temporada alta se dieron cita en una velada que reafirma la apuesta conjunta del Cl\u00faster y AHETSA por proyectar la pen\u00ednsula como un destino integral, competitivo y sostenible.<\/p>\n<p>&nbsp;<\/p>\n<p style=\"font-weight: 400;\">La apertura del evento marc\u00f3 el tono institucional con la proyecci\u00f3n de un video en el que las voces del liderazgo tur\u00edstico coincidieron en un mismo mensaje: Saman\u00e1 es una pieza clave del posicionamiento de la Rep\u00fablica Dominicana como multidestino.<\/p>\n<p>&nbsp;<\/p>\n<p style=\"font-weight: 400;\">Encarna Pi\u00f1ero, Global CEO de <strong><em>Grupo Pi\u00f1ero<\/em><\/strong>, subray\u00f3 que la fuerza tur\u00edstica de Saman\u00e1 encaja plenamente con una visi\u00f3n de turismo responsable y sostenible. Para el grupo hotelero, la pen\u00ednsula no es solo el hogar de Bah\u00eda Pr\u00edncipe y Cayo Levantado Resort, sino un territorio donde se construyen relaciones a largo plazo y se desarrollan iniciativas sociales, culturales y medioambientales a trav\u00e9s de la fundaci\u00f3n Eco Bah\u00eda. \u201cSaman\u00e1 es un para\u00edso que hay que cuidar\u201d, afirm\u00f3.<\/p>\n<p>&nbsp;<\/p>\n<p style=\"font-weight: 400;\">Por su parte, Javier Lara Reinhold, presidente del Cl\u00faster Tur\u00edstico de Saman\u00e1, destac\u00f3 que muchas de las im\u00e1genes que se proyectan internacionalmente sobre la Rep\u00fablica Dominicana: Los Haitises, El Salto del Lim\u00f3n, Playa Rinc\u00f3n, Las Galeras, Las Terrenas y Playa Bonita, pertenecen a este destino. \u201cSaman\u00e1 tiene una colecci\u00f3n de escenarios naturales inigualables\u201d, expres\u00f3, reivindicando el orgullo territorial.<\/p>\n<p>&nbsp;<\/p>\n<p style=\"font-weight: 400;\">Desde ASONAHORES, su presidente Juan Bancalari valor\u00f3 la iniciativa como un homenaje acertado a la llegada de las ballenas jorobadas, un \u00edcono con m\u00e1s de tres d\u00e9cadas de explotaci\u00f3n tur\u00edstica responsable. Record\u00f3 que cada a\u00f1o entre 60 y 70 mil visitantes llegan motivados por este fen\u00f3meno natural, cifra que podr\u00eda multiplicarse con las nuevas v\u00edas de acceso, siempre bajo criterios de sostenibilidad y respeto ambiental.<\/p>\n<p>&nbsp;<\/p>\n<p style=\"font-weight: 400;\">En la misma l\u00ednea, Rafael Blanco Canto, vicepresidente de Viva Resorts by Wyndham, resalt\u00f3 que la visita anual de las ballenas convierte a Saman\u00e1 en un destino singular dentro del Caribe, complementado por atributos \u00fanicos como la Bah\u00eda, Los Haitises, Cayo Levantado y playas de identidad propia como Rinc\u00f3n, El Valle, Cos\u00f3n y Las Terrenas.<\/p>\n<p>&nbsp;<\/p>\n<p style=\"font-weight: 400;\">El presidente de AHETSA, Abelardo Melgen, record\u00f3 que durante a\u00f1os miles de turistas procedentes de Punta Cana llegan a la provincia exclusivamente para el avistamiento de ballenas y terminan descubriendo la riqueza integral del destino. \u201cSaman\u00e1 est\u00e1 bendecida\u201d, afirm\u00f3, invitando a quienes a\u00fan no la conocen a experimentar su diversidad de playas, naturaleza y cultura.<\/p>\n<p>&nbsp;<\/p>\n<p style=\"font-weight: 400;\">Luego, la m\u00fasica tom\u00f3 el protagonismo. Maridalia Hern\u00e1ndez, Adalgisa Pantale\u00f3n, Roger Zayas y Frank Ceara, bajo la direcci\u00f3n magistral del maestro Pengbian Sang, ofrecieron un espect\u00e1culo de alto nivel art\u00edstico, acompa\u00f1ados por una orquesta y coro de primera l\u00ednea. Cada interpretaci\u00f3n fluy\u00f3 con naturalidad mientras el horizonte se te\u00f1\u00eda de tonos dorados, creando una atm\u00f3sfera donde el paisaje y la m\u00fasica parec\u00edan dialogar.<\/p>\n<p>&nbsp;<\/p>\n<p style=\"font-weight: 400;\">El arte visual tambi\u00e9n tuvo su espacio con la participaci\u00f3n del artista pl\u00e1stico <strong>Patricio Corcino<\/strong><strong>,<\/strong> cuya intervenci\u00f3n aport\u00f3 una dimensi\u00f3n est\u00e9tica que enriqueci\u00f3 la narrativa del evento y conect\u00f3 con el entorno natural.<\/p>\n<p style=\"font-weight: 400;\">La experiencia se complet\u00f3 con la propuesta gastron\u00f3mica de Mosquito, Parchita, Zamia y Ocean Club, quienes ofrecieron una muestra de la diversidad y talento culinario de la pen\u00ednsula, convirtiendo la noche en una experiencia que celebr\u00f3 el sabor, la m\u00fasica y el paisaje.<\/p>\n<p>&nbsp;<\/p>\n<p style=\"font-weight: 400;\">Respaldado por el Ministerio de Turismo, Banreservas, Bonita Group, Marina Puerto Bah\u00eda, Bah\u00eda Pr\u00edncipe Hotels &amp; Resorts, Cayo Levantado Resort, Hospitality Management Solutions, AERODOM, Wyndham Alltra Saman\u00e1, Compa\u00f1\u00eda de Luz y Fuerza Las Terrenas, Hacienda Saman\u00e1 Bay, Xeliter, Casa Brugal, La Aurora, \u00a1Hola! Rep\u00fablica Dominicana, Viva by Wyndham All Inclusive Resorts, Montval Ingenier\u00eda, Rinc\u00f3n Bay, Donoma Las Terrenas Beach Resort &amp; Spa, Catrain &amp; Vega Abogados, Bigentik Group, Amare Residences y Runners Adventures, aliados clave en la consolidaci\u00f3n de este nuevo hito tur\u00edstico.<\/p>\n<p>&nbsp;<\/p>\n<p style=\"font-weight: 400;\">Con esta primera edici\u00f3n, el Cl\u00faster Tur\u00edstico de Saman\u00e1 y AHETSA no solo dieron la bienvenida a las ballenas jorobadas; inauguraron una tradici\u00f3n que posiciona a la bah\u00eda como escenario natural de experiencias de alto valor y proyecta a Saman\u00e1 como uno de los destinos m\u00e1s aut\u00e9nticos y exclusivos del Caribe.<\/p>\n<p>&nbsp;<\/p>\n","protected":false},"excerpt":{"rendered":"<p>Bajo uno de los atardeceres m\u00e1s imponentes del Caribe, en la Marina de Puerto Bah\u00eda y frente al santuario natural que cada a\u00f1o recibe a las ballenas jorobadas del Atl\u00e1ntico Norte, la pen\u00ednsula no necesitaba presentaci\u00f3n. El cielo hizo su trabajo. &nbsp; En ese escenario privilegiado, el Cl\u00faster Tur\u00edstico de Saman\u00e1 y la Asociaci\u00f3n de [&hellip;]<\/p>\n","protected":false},"author":9,"featured_media":13160,"comment_status":"closed","ping_status":"closed","sticky":false,"template":"","format":"standard","meta":{"footnotes":""},"categories":[121,3661,48],"tags":[3468,1154,5372,68,1038,116],"class_list":["post-13159","post","type-post","status-publish","format-standard","has-post-thumbnail","hentry","category-hoteles","category-sector-hotelero","category-turismo","tag-grupo-pinero","tag-lugares-que-enamoran","tag-puerto-bahia","tag-republica-dominicana","tag-samana","tag-turismo"],"_links":{"self":[{"href":"https:\/\/www.foodieandtraveler.com\/index.php\/wp-json\/wp\/v2\/posts\/13159","targetHints":{"allow":["GET"]}}],"collection":[{"href":"https:\/\/www.foodieandtraveler.com\/index.php\/wp-json\/wp\/v2\/posts"}],"about":[{"href":"https:\/\/www.foodieandtraveler.com\/index.php\/wp-json\/wp\/v2\/types\/post"}],"author":[{"embeddable":true,"href":"https:\/\/www.foodieandtraveler.com\/index.php\/wp-json\/wp\/v2\/users\/9"}],"replies":[{"embeddable":true,"href":"https:\/\/www.foodieandtraveler.com\/index.php\/wp-json\/wp\/v2\/comments?post=13159"}],"version-history":[{"count":2,"href":"https:\/\/www.foodieandtraveler.com\/index.php\/wp-json\/wp\/v2\/posts\/13159\/revisions"}],"predecessor-version":[{"id":13162,"href":"https:\/\/www.foodieandtraveler.com\/index.php\/wp-json\/wp\/v2\/posts\/13159\/revisions\/13162"}],"wp:featuredmedia":[{"embeddable":true,"href":"https:\/\/www.foodieandtraveler.com\/index.php\/wp-json\/wp\/v2\/media\/13160"}],"wp:attachment":[{"href":"https:\/\/www.foodieandtraveler.com\/index.php\/wp-json\/wp\/v2\/media?parent=13159"}],"wp:term":[{"taxonomy":"category","embeddable":true,"href":"https:\/\/www.foodieandtraveler.com\/index.php\/wp-json\/wp\/v2\/categories?post=13159"},{"taxonomy":"post_tag","embeddable":true,"href":"https:\/\/www.foodieandtraveler.com\/index.php\/wp-json\/wp\/v2\/tags?post=13159"}],"curies":[{"name":"wp","href":"https:\/\/api.w.org\/{rel}","templated":true}]}}