{"id":13143,"date":"2026-03-04T08:32:27","date_gmt":"2026-03-04T12:32:27","guid":{"rendered":"https:\/\/www.foodieandtraveler.com\/?p=13143"},"modified":"2026-03-04T08:36:16","modified_gmt":"2026-03-04T12:36:16","slug":"asociacion-dominicana-de-energias-renovables-explica-el-apagon-paso-por-paso-en-rd","status":"publish","type":"post","link":"https:\/\/www.foodieandtraveler.com\/index.php\/asociacion-dominicana-de-energias-renovables-explica-el-apagon-paso-por-paso-en-rd\/","title":{"rendered":"Asociaci\u00f3n Dominicana de Energ\u00edas Renovables explica el apag\u00f3n paso por paso en RD"},"content":{"rendered":"<div data-olk-copy-source=\"MessageBody\">El reciente apag\u00f3n general ha generado un debate necesario sobre la estabilidad del sistema el\u00e9ctrico dominicano. Para que ese debate sea \u00fatil y conduzca a soluciones efectivas, debe partir de los hechos t\u00e9cnicos y de una correcta lectura de la cronolog\u00eda del evento.<\/div>\n<div><\/div>\n<div>Para la Asociaci\u00f3n Dominicana de Energ\u00edas Renovables (ADER), un elemento clave, que no ha recibido suficiente atenci\u00f3n, es que el evento ocurri\u00f3 alrededor de las 10:50 de la ma\u00f1ana. Este horario es relevante porque no coincide con el pico habitual de generaci\u00f3n fotovoltaica, que en el sistema el\u00e9ctrico dominicano se produce normalmente entre el mediod\u00eda y primeras horas de la tarde. A esa hora, la energ\u00eda solar se encuentra en una fase de incremento gradual, sin niveles m\u00e1ximos ni rampas descendentes abruptas.<\/div>\n<div><\/div>\n<div>Este dato descarta que el evento pueda atribuirse a un exceso de inyecci\u00f3n renovable o a la ausencia de almacenamiento en proyectos fotovoltaicos existentes. Las energ\u00edas renovables operaron conforme a su naturaleza y a las reglas vigentes, sin haber iniciado el evento ni controlado su evoluci\u00f3n.<\/div>\n<div><\/div>\n<div>Seg\u00fan los miembros de la entidad, el an\u00e1lisis t\u00e9cnico apunta a una din\u00e1mica distinta: la operaci\u00f3n de unidades t\u00e9rmicas de gran escala, dise\u00f1adas para generaci\u00f3n base, con m\u00ednimos t\u00e9cnicos elevados y limitada flexibilidad descendente. \u201cCuando este tipo de unidades opera cerca de su m\u00e1ximo t\u00e9cnico y se produce una reducci\u00f3n s\u00fabita de demanda o de transferencia en la red, el sistema puede entrar en una condici\u00f3n de sobre-generaci\u00f3n, activando protecciones y provocando la salida abrupta de grandes bloques de potencia. Este efecto amplifica la inestabilidad y puede desencadenar eventos en cascada\u201d, resaltan en un documento de prensa.<\/div>\n<div><\/div>\n<div>En este contexto, entienden que, es importante reconocer el rol del Organismo Coordinador, que act\u00faa dentro de su mandato t\u00e9cnico y no puede modificar instant\u00e1neamente las limitaciones f\u00edsicas de las centrales t\u00e9rmicas ni forzarlas a operar por debajo de sus m\u00ednimos t\u00e9cnicos seguros.<\/div>\n<div><\/div>\n<div><b>Una oportunidad para mejorar<\/b><\/div>\n<div><\/div>\n<div>La discusi\u00f3n sobre almacenamiento, reservas y servicios complementarios es v\u00e1lida y necesaria, pero debe abordarse como parte de una estrategia prospectiva de fortalecimiento del sistema, no como una explicaci\u00f3n simplificada de un evento cuyo origen fue operativo y cronol\u00f3gico.<\/div>\n<div><\/div>\n<div>Los miembros de ADER entienden que,\u00a0 el apag\u00f3n debe verse como una oportunidad para mejorar la flexibilidad del parque de generaci\u00f3n, reforzar la disciplina operativa de todas las tecnolog\u00edas y fortalecer la infraestructura de transmisi\u00f3n, preservando al mismo tiempo la seguridad jur\u00eddica y la confianza de los inversionistas que han apostado por la modernizaci\u00f3n de la matriz energ\u00e9tica nacional.<\/div>\n","protected":false},"excerpt":{"rendered":"<p>El reciente apag\u00f3n general ha generado un debate necesario sobre la estabilidad del sistema el\u00e9ctrico dominicano. Para que ese debate sea \u00fatil y conduzca a soluciones efectivas, debe partir de los hechos t\u00e9cnicos y de una correcta lectura de la cronolog\u00eda del evento. Para la Asociaci\u00f3n Dominicana de Energ\u00edas Renovables (ADER), un elemento clave, que [&hellip;]<\/p>\n","protected":false},"author":9,"featured_media":13144,"comment_status":"closed","ping_status":"closed","sticky":false,"template":"","format":"standard","meta":{"footnotes":""},"categories":[3129,14,3931],"tags":[5178,5179,68],"class_list":["post-13143","post","type-post","status-publish","format-standard","has-post-thumbnail","hentry","category-medio-ambiente","category-notas-de-prensa","category-sector-empresarial","tag-ader","tag-asociacion-dominicana-de-energias-renovables","tag-republica-dominicana"],"_links":{"self":[{"href":"https:\/\/www.foodieandtraveler.com\/index.php\/wp-json\/wp\/v2\/posts\/13143","targetHints":{"allow":["GET"]}}],"collection":[{"href":"https:\/\/www.foodieandtraveler.com\/index.php\/wp-json\/wp\/v2\/posts"}],"about":[{"href":"https:\/\/www.foodieandtraveler.com\/index.php\/wp-json\/wp\/v2\/types\/post"}],"author":[{"embeddable":true,"href":"https:\/\/www.foodieandtraveler.com\/index.php\/wp-json\/wp\/v2\/users\/9"}],"replies":[{"embeddable":true,"href":"https:\/\/www.foodieandtraveler.com\/index.php\/wp-json\/wp\/v2\/comments?post=13143"}],"version-history":[{"count":1,"href":"https:\/\/www.foodieandtraveler.com\/index.php\/wp-json\/wp\/v2\/posts\/13143\/revisions"}],"predecessor-version":[{"id":13145,"href":"https:\/\/www.foodieandtraveler.com\/index.php\/wp-json\/wp\/v2\/posts\/13143\/revisions\/13145"}],"wp:featuredmedia":[{"embeddable":true,"href":"https:\/\/www.foodieandtraveler.com\/index.php\/wp-json\/wp\/v2\/media\/13144"}],"wp:attachment":[{"href":"https:\/\/www.foodieandtraveler.com\/index.php\/wp-json\/wp\/v2\/media?parent=13143"}],"wp:term":[{"taxonomy":"category","embeddable":true,"href":"https:\/\/www.foodieandtraveler.com\/index.php\/wp-json\/wp\/v2\/categories?post=13143"},{"taxonomy":"post_tag","embeddable":true,"href":"https:\/\/www.foodieandtraveler.com\/index.php\/wp-json\/wp\/v2\/tags?post=13143"}],"curies":[{"name":"wp","href":"https:\/\/api.w.org\/{rel}","templated":true}]}}