{"id":12861,"date":"2025-12-24T14:00:28","date_gmt":"2025-12-24T18:00:28","guid":{"rendered":"https:\/\/www.foodieandtraveler.com\/?p=12861"},"modified":"2025-12-24T14:01:06","modified_gmt":"2025-12-24T18:01:06","slug":"musica-luces-y-tradicion-el-aguinaldo-navideno-contagia-de-magia-y-alegria-a-playa-nueva-romana","status":"publish","type":"post","link":"https:\/\/www.foodieandtraveler.com\/index.php\/musica-luces-y-tradicion-el-aguinaldo-navideno-contagia-de-magia-y-alegria-a-playa-nueva-romana\/","title":{"rendered":"M\u00fasica, luces y tradici\u00f3n, el aguinaldo navide\u00f1o contagia de magia y alegr\u00eda a Playa Nueva Romana"},"content":{"rendered":"<p style=\"font-weight: 400;\">Playa Nueva Romana celebr\u00f3 con gran entusiasmo el Aguinaldo Navide\u00f1o, un evento que elev\u00f3 el esp\u00edritu t\u00edpico de diciembre entre propietarios y residentes, quienes, reunidos en torno de una vibrante caravana, recorrieron el exclusivo residencial, a trav\u00e9s de paradas tem\u00e1ticas en los puntos m\u00e1s emblem\u00e1ticos del complejo inmobiliario.<\/p>\n<p>&nbsp;<\/p>\n<p style=\"font-weight: 400;\">Tras el encendido oficial del \u00e1rbol de navidad en AIRE, en medio de un ambiente festivo, acompa\u00f1ados de m\u00fasicos y personajes, decenas de familias continuaron el recorrido navide\u00f1o hac\u00eda una especial parada en el Parque Los Flamboyanes, donde adultos y ni\u00f1os disfrutaron de hermosos villancicos, un c\u00e1lido brindis y actividades que llenaron el espacio de luces, voces y emociones.<\/p>\n<p>&nbsp;<\/p>\n<p style=\"font-weight: 400;\">Los carritos de golf decorados para la ocasi\u00f3n, se tomaron las calles del residencial, iluminando el recorrido hacia la siguiente parada en el Sport Center, donde la comunidad se reuni\u00f3 en total j\u00fabilo coreando y bailando las canciones m\u00e1s populares de la navidad.<\/p>\n<p>&nbsp;<\/p>\n<p style=\"font-weight: 400;\">El cierre de la caravana navide\u00f1a culmin\u00f3 en la Casa Club Hoyo 19, donde una verdadera fiesta navide\u00f1a esperaba a los asistentes quienes disfrutaron de m\u00fasica en vivo, DJ, juegos y concursos para toda la familia.<\/p>\n<p>&nbsp;<\/p>\n<p style=\"font-weight: 400;\">Entre duendes, Santa Claus, el Grinch, m\u00fasica, chocolate caliente, malvaviscos, galletas de jengibre y una amplia oferta de delicias gastron\u00f3micas, los propietarios, residentes e invitados disfrutaron del Aguinaldo Navide\u00f1o que marc\u00f3 el inicio oficial de la temporada festiva de diciembre, al mejor Estilo de Vivir que caracteriza a Playa Nueva Romana.<\/p>\n","protected":false},"excerpt":{"rendered":"<p>Playa Nueva Romana celebr\u00f3 con gran entusiasmo el Aguinaldo Navide\u00f1o, un evento que elev\u00f3 el esp\u00edritu t\u00edpico de diciembre entre propietarios y residentes, quienes, reunidos en torno de una vibrante caravana, recorrieron el exclusivo residencial, a trav\u00e9s de paradas tem\u00e1ticas en los puntos m\u00e1s emblem\u00e1ticos del complejo inmobiliario. &nbsp; Tras el encendido oficial del \u00e1rbol [&hellip;]<\/p>\n","protected":false},"author":9,"featured_media":12862,"comment_status":"closed","ping_status":"closed","sticky":false,"template":"","format":"standard","meta":{"footnotes":""},"categories":[121,3931,48],"tags":[5256,5255,5254,1993,1693],"class_list":["post-12861","post","type-post","status-publish","format-standard","has-post-thumbnail","hentry","category-hoteles","category-sector-empresarial","category-turismo","tag-aguinaldo-navideno","tag-galletas-de-jengibre","tag-grinch","tag-navidad","tag-playa-nueva-romana"],"_links":{"self":[{"href":"https:\/\/www.foodieandtraveler.com\/index.php\/wp-json\/wp\/v2\/posts\/12861","targetHints":{"allow":["GET"]}}],"collection":[{"href":"https:\/\/www.foodieandtraveler.com\/index.php\/wp-json\/wp\/v2\/posts"}],"about":[{"href":"https:\/\/www.foodieandtraveler.com\/index.php\/wp-json\/wp\/v2\/types\/post"}],"author":[{"embeddable":true,"href":"https:\/\/www.foodieandtraveler.com\/index.php\/wp-json\/wp\/v2\/users\/9"}],"replies":[{"embeddable":true,"href":"https:\/\/www.foodieandtraveler.com\/index.php\/wp-json\/wp\/v2\/comments?post=12861"}],"version-history":[{"count":1,"href":"https:\/\/www.foodieandtraveler.com\/index.php\/wp-json\/wp\/v2\/posts\/12861\/revisions"}],"predecessor-version":[{"id":12863,"href":"https:\/\/www.foodieandtraveler.com\/index.php\/wp-json\/wp\/v2\/posts\/12861\/revisions\/12863"}],"wp:featuredmedia":[{"embeddable":true,"href":"https:\/\/www.foodieandtraveler.com\/index.php\/wp-json\/wp\/v2\/media\/12862"}],"wp:attachment":[{"href":"https:\/\/www.foodieandtraveler.com\/index.php\/wp-json\/wp\/v2\/media?parent=12861"}],"wp:term":[{"taxonomy":"category","embeddable":true,"href":"https:\/\/www.foodieandtraveler.com\/index.php\/wp-json\/wp\/v2\/categories?post=12861"},{"taxonomy":"post_tag","embeddable":true,"href":"https:\/\/www.foodieandtraveler.com\/index.php\/wp-json\/wp\/v2\/tags?post=12861"}],"curies":[{"name":"wp","href":"https:\/\/api.w.org\/{rel}","templated":true}]}}