{"id":12812,"date":"2025-12-08T18:44:31","date_gmt":"2025-12-08T22:44:31","guid":{"rendered":"https:\/\/www.foodieandtraveler.com\/?p=12812"},"modified":"2025-12-08T19:42:13","modified_gmt":"2025-12-08T23:42:13","slug":"ompt-declara-oficialmente-el-dia-mundial-de-la-quinceanera-en-tepeapulco-hidalgo","status":"publish","type":"post","link":"https:\/\/www.foodieandtraveler.com\/index.php\/ompt-declara-oficialmente-el-dia-mundial-de-la-quinceanera-en-tepeapulco-hidalgo\/","title":{"rendered":"OMPT declara oficialmente el D\u00eda Mundial de la Quincea\u00f1era en Tepeapulco, Hidalgo"},"content":{"rendered":"<div data-breakout=\"normal\">\n<p id=\"viewer-lu7n71\" class=\"IFLJx f1-1G KVAVd sDlj2\" dir=\"auto\"><span class=\"GnvzP\">En coincidencia con el inicio de la celebraci\u00f3n por sus quince a\u00f1os de trayectoria, la <strong><span style=\"color: #0000ff;\"><a style=\"color: #0000ff;\" href=\"https:\/\/www.periodismoturistico.org\">Organizaci\u00f3n Mundial de Periodismo Tur\u00edstico<\/a><\/span><\/strong> (OMPT) declar\u00f3 oficialmente el <strong><em>D\u00eda Mundial de la Quincea\u00f1era<\/em><\/strong>, durante un acto hist\u00f3rico realizado este 7 de diciembre en Sahag\u00fan, Tepeapulco, Hidalgo, M\u00e9xico.<\/span><\/p>\n<\/div>\n<div data-hook=\"rcv-block1\"><\/div>\n<div data-hook=\"rcv-block2\"><\/div>\n<div data-hook=\"rcv-block2\"><\/div>\n<div data-hook=\"rcv-block2\"><\/div>\n<div data-breakout=\"normal\">\n<p id=\"viewer-6ww4g10\" class=\"IFLJx f1-1G KVAVd sDlj2\" dir=\"auto\"><span class=\"GnvzP\">La ceremonia, realizada en un ambiente festivo y de profundo sentido cultural, reuni\u00f3 a autoridades gubernamentales, periodistas, representantes de la sociedad civil y, de manera especial, a j\u00f3venes quincea\u00f1eras de la regi\u00f3n, quienes fueron protagonistas del evento y firmaron el acta fundacional del nuevo d\u00eda conmemorativo.<\/span><\/p>\n<\/div>\n<div data-hook=\"rcv-block3\"><\/div>\n<div data-hook=\"rcv-block3\"><\/div>\n<div data-hook=\"rcv-block3\"><\/div>\n<div data-breakout=\"normal\">\n<div id=\"viewer-aio6l12\" class=\"IFLJx f1-1G KVAVd sDlj2\" dir=\"auto\"><\/div>\n<\/div>\n<div data-breakout=\"normal\">\n<p id=\"viewer-tvezc13\" class=\"IFLJx f1-1G KVAVd sDlj2\" dir=\"auto\"><span class=\"GnvzP\">La declaraci\u00f3n establece que, a partir de este a\u00f1o, el D\u00eda Mundial de la Quincea\u00f1era se celebrar\u00e1 cada primer domingo de diciembre, con el prop\u00f3sito de reconocer, preservar y difundir la tradici\u00f3n de los quince a\u00f1os como una manifestaci\u00f3n simb\u00f3lica, identitaria y social profundamente arraigada en los pueblos latinoamericanos.<\/span><\/p>\n<\/div>\n<div data-hook=\"rcv-block5\"><\/div>\n<div data-hook=\"rcv-block5\"><\/div>\n<div data-hook=\"rcv-block5\"><\/div>\n<div data-breakout=\"normal\">\n<div id=\"viewer-b68bs15\" class=\"IFLJx f1-1G KVAVd sDlj2\" dir=\"auto\"><\/div>\n<\/div>\n<div data-breakout=\"normal\">\n<p id=\"viewer-ki5de16\" class=\"IFLJx f1-1G KVAVd sDlj2\" dir=\"auto\"><span class=\"GnvzP\">Durante el acto, se destac\u00f3 que esta fecha busca no s\u00f3lo honrar la experiencia de las quincea\u00f1eras, sino tambi\u00e9n visibilizar la diversidad cultural que cada pa\u00eds, comunidad y familia imprime en este rito de paso. Asimismo, la <em><strong><span style=\"color: #0000ff;\"><a style=\"color: #0000ff;\" href=\"https:\/\/www.periodismoturistico.org\">OMPT<\/a> <\/span><\/strong><\/em>subray\u00f3 la importancia del sector cultural y tur\u00edstico asociado a esta celebraci\u00f3n, que moviliza creatividad, econom\u00eda local y m\u00faltiples expresiones art\u00edsticas.<\/span><\/p>\n<\/div>\n<div data-hook=\"rcv-block7\"><\/div>\n<div data-hook=\"rcv-block7\"><\/div>\n<div data-hook=\"rcv-block7\"><\/div>\n<div data-hook=\"rcv-block8\"><\/div>\n<div data-breakout=\"normal\">\n<p id=\"viewer-7no8e19\" class=\"IFLJx f1-1G KVAVd sDlj2\" dir=\"auto\"><span class=\"GnvzP\">La jornada incluy\u00f3 palabras de bienvenida de autoridades locales, una lectura p\u00fablica del acta, la participaci\u00f3n de medios de comunicaci\u00f3n nacionales e internacionales y un cierre simb\u00f3lico en el que las j\u00f3venes presentes colocaron sus firmas como gesto de adhesi\u00f3n y representaci\u00f3n de miles de quincea\u00f1eras alrededor del mundo.<\/span><\/p>\n<\/div>\n<div data-hook=\"rcv-block9\"><\/div>\n<div class=\"IFLJx f1-1G KVAVd sDlj2\" dir=\"auto\"><\/div>\n<div dir=\"auto\"><\/div>\n<div dir=\"auto\"><\/div>\n<div data-breakout=\"normal\">\n<p id=\"viewer-2f36n22\" class=\"IFLJx f1-1G KVAVd sDlj2\" dir=\"auto\"><span class=\"GnvzP\">Con esta declaraci\u00f3n, Tepeapulco se convierte en la sede hist\u00f3rica del nacimiento del D\u00eda Mundial de la Quincea\u00f1era, un hito que promete crecer a\u00f1o tras a\u00f1o con actividades, encuentros, festivales y acciones que fortalezcan el valor cultural de esta tradici\u00f3n emblem\u00e1tica.<\/span><\/p>\n<\/div>\n","protected":false},"excerpt":{"rendered":"<p>En coincidencia con el inicio de la celebraci\u00f3n por sus quince a\u00f1os de trayectoria, la Organizaci\u00f3n Mundial de Periodismo Tur\u00edstico (OMPT) declar\u00f3 oficialmente el D\u00eda Mundial de la Quincea\u00f1era, durante un acto hist\u00f3rico realizado este 7 de diciembre en Sahag\u00fan, Tepeapulco, Hidalgo, M\u00e9xico. La ceremonia, realizada en un ambiente festivo y de profundo sentido cultural, [&hellip;]<\/p>\n","protected":false},"author":9,"featured_media":12813,"comment_status":"closed","ping_status":"closed","sticky":false,"template":"","format":"standard","meta":{"footnotes":""},"categories":[3241,2,3429],"tags":[5156,5244,760,3392,3393,5155],"class_list":["post-12812","post","type-post","status-publish","format-standard","has-post-thumbnail","hentry","category-arte-cultura","category-featured","category-periodismo","tag-dia-mundial-de-la-quinceanera","tag-hidalgo","tag-mexico","tag-ompt","tag-organizacion-mundial-de-periodismo-turistico","tag-tepeapulco"],"_links":{"self":[{"href":"https:\/\/www.foodieandtraveler.com\/index.php\/wp-json\/wp\/v2\/posts\/12812","targetHints":{"allow":["GET"]}}],"collection":[{"href":"https:\/\/www.foodieandtraveler.com\/index.php\/wp-json\/wp\/v2\/posts"}],"about":[{"href":"https:\/\/www.foodieandtraveler.com\/index.php\/wp-json\/wp\/v2\/types\/post"}],"author":[{"embeddable":true,"href":"https:\/\/www.foodieandtraveler.com\/index.php\/wp-json\/wp\/v2\/users\/9"}],"replies":[{"embeddable":true,"href":"https:\/\/www.foodieandtraveler.com\/index.php\/wp-json\/wp\/v2\/comments?post=12812"}],"version-history":[{"count":0,"href":"https:\/\/www.foodieandtraveler.com\/index.php\/wp-json\/wp\/v2\/posts\/12812\/revisions"}],"wp:featuredmedia":[{"embeddable":true,"href":"https:\/\/www.foodieandtraveler.com\/index.php\/wp-json\/wp\/v2\/media\/12813"}],"wp:attachment":[{"href":"https:\/\/www.foodieandtraveler.com\/index.php\/wp-json\/wp\/v2\/media?parent=12812"}],"wp:term":[{"taxonomy":"category","embeddable":true,"href":"https:\/\/www.foodieandtraveler.com\/index.php\/wp-json\/wp\/v2\/categories?post=12812"},{"taxonomy":"post_tag","embeddable":true,"href":"https:\/\/www.foodieandtraveler.com\/index.php\/wp-json\/wp\/v2\/tags?post=12812"}],"curies":[{"name":"wp","href":"https:\/\/api.w.org\/{rel}","templated":true}]}}